{"id":2535,"date":"2022-10-21T18:36:39","date_gmt":"2022-10-21T16:36:39","guid":{"rendered":"https:\/\/paroisses-nancy-sud.fr\/HOME\/?p=2535"},"modified":"2022-10-21T18:36:39","modified_gmt":"2022-10-21T16:36:39","slug":"annonces-de-saint-francois-de-sales-et-sainte-jeanne-de-chantal-12","status":"publish","type":"post","link":"https:\/\/paroisses-nancy-sud.fr\/HOME\/annonces-de-saint-francois-de-sales-et-sainte-jeanne-de-chantal-12\/","title":{"rendered":"Annonces de Saint-Fran\u00e7ois-de-Sales et Sainte-Jeanne-de-Chantal"},"content":{"rendered":"\n<p><span style=\"text-decoration: underline;\"><strong><span style=\"color: #000000; text-decoration: underline;\">Demande pour la paroisse Saint-Fran\u00e7ois-de-Sales :<\/span><\/strong><\/span><br \/><span style=\"color: #000000;\">Nous recherchons une personne comp\u00e9tente pour une personne pour conduire les c\u00e9l\u00e9brations d\u2019obs\u00e8ques, une personne pour mettre \u00e0 jour r\u00e9guli\u00e8rement le site internet du secteur.<\/span><br \/><span style=\"color: #000000;\"><strong>Les permanences \u00e0 la paroisse de Jarville<\/strong> sont les mardi, jeudi et samedi de 10h0 \u00e0 midi. Au presbyt\u00e8re. T\u00e9l 03 83 51 34 05.<\/span><br \/><span style=\"color: #000000;\">A la sortie des messes de Jarville vente de calendriers (4\u20ac) et des missels (9,90\u20ac).<\/span><\/p>\n<p><span style=\"color: #000000;\"><span style=\"text-decoration: underline;\"><strong>Partage d\u2019\u00c9vangile<\/strong> :<br \/><\/span>&#8211; Lundi 24 octobre \u00e0 Jarville, \u00e0 14h, dans les salles paroissiales de Jarville, partage de l\u2019\u00e9vangile du 31\u00e8me dimanche ordinaire. <br \/>&#8211; Mardi 25 novembre \u00e0 18h \u00e0 Richarm\u00e9nil : C\u00e9l\u00e9bration de la parole<\/span><\/p>\n<p><span style=\"text-decoration: underline;\"><strong><span style=\"color: #000000; text-decoration: underline;\">Pri\u00e8re du Rosaire :<\/span><\/strong><\/span><br \/><span style=\"color: #000000;\">Le lundi 24 octobre \u00e0 17h \u00e0 la crypte de l\u2019\u00e9glise de Jarville, pri\u00e8re du rosaire avec les \u00e9quipes de Jarville et Fl\u00e9ville.<\/span><\/p>\n<p><span style=\"text-decoration: underline;\"><strong><span style=\"color: #000000; text-decoration: underline;\">R\u00e9union de pr\u00e9paration Passerelle :<\/span><\/strong><\/span><br \/><span style=\"color: #000000;\">Mardi 25 octobre \u00e0 14h30 \u00e0 Ludres pr\u00e9paration du prochain num\u00e9ro de Passerelle du mois de d\u00e9cembre.<\/span><\/p>\n<p><span style=\"color: #000000;\"><span style=\"text-decoration: underline;\"><strong>R\u00e9union du CEP de Sainte-Jeanne-de-Chantal<\/strong> <\/span>:<\/span><br \/><span style=\"color: #000000;\">Le mercredi 26 octobre \u00e0 10h, r\u00e9union du CEP de la paroisse Ste-Jeanne-de Chantal.<\/span><\/p>\n<p><span style=\"text-decoration: underline;\"><strong><span style=\"color: #000000; text-decoration: underline;\">R\u00e9union de l\u2019\u00e9quipe animation pastorale :<\/span><\/strong><\/span><br \/><span style=\"color: #000000;\">Mercredi 26 octobre \u00e0 Jarville \u00e0 20h, EAP pour la paroisse Saint-Fran\u00e7ois-de-Sales.<\/span><\/p>\n<p><span style=\"color: #000000;\"><span style=\"text-decoration: underline;\"><strong>P\u00e8lerinage \u00e0 Annecy <br \/><\/strong><\/span>\u2019Sur les pas de Saint Fran\u00e7ois de Sales et de Sainte Jeanne de Chantal, fondateurs de la Visitation. Du lundi 17 avril au jeudi 20 avril 2023 La pr\u00e9paration de notre p\u00e8lerinage avance bien. L\u2019h\u00e9bergement et le bus sont d\u00e9j\u00e0 r\u00e9serv\u00e9s. Visites, paysages de montagne, lacs d\u2019Annecy et du L\u00e9man \u2026 R\u00e9servez d\u00e8s \u00e0 pr\u00e9sent vos dates. Une pr\u00e9inscription avec acompte sera propos\u00e9e \u00e0 partir de d\u00e9but novembre.<\/span><\/p>\n<p><span style=\"text-decoration: underline;\"><strong><span style=\"color: #000000; text-decoration: underline;\">Rentr\u00e9e du \u2018\u2019Ch\u0153ur d\u2019hommes de Nancy\u2019\u2019 :<\/span><\/strong><\/span><br \/><span style=\"color: #000000;\">Le Ch\u0153ur d&rsquo;Hommes de Nancy vient d&rsquo;effectuer sa rentr\u00e9e. Pour \u00e9toffer et renouveler son effectif, il recrute des hommes jeunes et moins jeunes. Les r\u00e9p\u00e9titions ont lieu chaque jeudi soir de 20h15 \u00e0 22h00 dans une salle paroissiale de Jarville.<\/span><br \/><span style=\"color: #000000;\">Pour de plus amples enseignements consulter notre site : http:\/\/choeurdhommes.fr<\/span><br \/><span style=\"color: #000000;\">Pour nous contacter par courriel : nouscontacter@choeurdhommes.fr;<\/span><br \/><span style=\"color: #000000;\">Par t\u00e9l\u00e9phone : 03 83 45 30 28 ou 06 65 16 43 63 (chef de ch\u0153ur)<\/span><\/p>\n<p><span style=\"text-decoration: underline;\"><strong><span style=\"color: #000000; text-decoration: underline;\">Horaires des messes dominicales des 29 et 30 octobre :<\/span><\/strong><\/span><br \/><span style=\"color: #000000;\">Samedi 29 octobre : 18h Parey 18h30 Heillecourt et Laneuveville<\/span><br \/><span style=\"color: #000000;\">Dimanche 30 octobre : 10h30 Jarville et Neuves-Maisons 11h Ludres<\/span><\/p>\n<p><span style=\"text-decoration: underline;\"><strong><span style=\"color: #000000; text-decoration: underline;\">Horaires des messes de la Toussaint et du jour des d\u00e9funts :<\/span><\/strong><\/span><br \/><span style=\"color: #000000;\">&#8211; Mardi 1er novembre, f\u00eate de la Toussaint : 10h Fl\u00e9ville, Viterne<\/span><br \/><span style=\"color: #000000;\">10h30 Heillecourt, Jarville, Neuves-Maisons<\/span><br \/><span style=\"color: #000000;\">&#8211; Mercredi 2 novembre, jour des d\u00e9funts : 10h Bainville<\/span><br \/><span style=\"color: #000000;\">\u00a0 \u00a0 \u00a0 \u00a0 \u00a0 \u00a0 \u00a0 \u00a0 \u00a0 \u00a0 \u00a0 \u00a0 \u00a0 \u00a0 \u00a0 \u00a0 \u00a0 \u00a0 \u00a0 \u00a0 \u00a0 \u00a0 \u00a0 \u00a0 \u00a0 \u00a0 \u00a0 \u00a0 \u00a0 \u00a0 \u00a0 \u00a0 \u00a0 \u00a0 18h Heillecourt et Neuves-Maisons<\/span><br \/><span style=\"color: #000000;\">\u00a0 \u00a0 \u00a0 \u00a0 \u00a0 \u00a0 \u00a0 \u00a0 \u00a0 \u00a0 \u00a0 \u00a0 \u00a0 \u00a0 \u00a0 \u00a0 \u00a0 \u00a0 \u00a0 \u00a0 \u00a0 \u00a0 \u00a0 \u00a0 \u00a0 \u00a0 \u00a0 \u00a0 \u00a0 \u00a0 \u00a0 \u00a0 \u00a0 \u00a0 \u00a019h Jarville<\/span><br \/><span style=\"text-decoration: underline;\"><strong><span style=\"color: #000000; text-decoration: underline;\">AUTRES ANNONCES :\u00a0<\/span><\/strong><\/span><br \/><span style=\"color: #000000;\">Mini colo avec Saint Paul L\u2019association de la colonie de Laxou propose deux mini-colo dans les Vosges \u00e0 la Toussaint 2022 : <strong>Du lundi 24 octobre au samedi 29 octobre 2022 et du lundi 31 octobre au samedi 5 novembre 2022.<br \/><\/strong> Cette ann\u00e9e, les enfants d\u00e9couvriront la vie de saint Paul par le jeu. \u00c0 l\u2019approche de la f\u00eate de la Toussaint, les encadrants et les enfants chercheront \u00e0 comprendre comment nous sommes tous appel\u00e9s \u00e0 vivre comme nos fr\u00e8res les saints qui sont d\u00e8s \u00e0 pr\u00e9sent dans la lumi\u00e8re du Ciel, \u00e0 travers un parcours fait de jeux, d\u2019activit\u00e9s, de veill\u00e9es, de chants, et de temps de pri\u00e8res. Chaque journ\u00e9e permettra aux enfants et aux animateurs de d\u00e9couvrir et de rejouer les temps forts de la vie de saint Paul en se mettant dans ses pas, sur le chemin de Dieu.<br \/>Informations pratiques : les colonies de vacances de Laxou ont lieu \u00e0 Belmont-sur-Buttant dans les Vosges -d\u00e9part et retour en bus ont lieu \u00e0 la mairie de Laxou, sur le parking de la piscine &#8211; la participation pour la semaine est \u00e0 270\u20ac (les bons CAF et mairies, les r\u00e8glements par les comit\u00e9s d\u2019entreprise, les ch\u00e8ques vacances, etc. sont accept\u00e9s) Contact et renseignements : 03.83.30.68.73 \/ 06.12.33.80.65 <\/span><\/p>\n<p><span style=\"color: #000000;\"><span style=\"text-decoration: underline;\"><strong>Proposition de voyages :<\/strong><\/span> <br \/>Sorties en autocar PMR au d\u00e9part de Laneuveville organis\u00e9es par les \u00ab\u00a0Voyageurs chr\u00e9tiens\u00a0\u00bb, ouvertes \u00e0 tous: <br \/><\/span><span style=\"color: #000000;\">\u2022 Mercredi 26 octobre: Turckheim et sanctuaire marial de Thierenbach<br \/>\u2022 Samedi 10 d\u00e9cembre: Visite de Domremy et son et lumi\u00e8re sur la vie de Saint Nicolas <br \/>\u2022 P\u00e8lerinage sur les pas de Saint Jean XXIII (Bergame, Milan&#8230;) report\u00e9 en avril 2024. <br \/>Inscriptions et r\u00e8glements d\u00e8s maintenant : Madame CHAMBON et Jean-Fran\u00e7ois 03 83 56 34 31 <\/span><\/p>\n<p><span style=\"color: #000000;\"><span style=\"text-decoration: underline;\"><strong>Un an apr\u00e8s le rapport de la CIASE:<br \/><\/strong> <\/span>Un an apr\u00e8s la publication du rapport de la Commission ind\u00e9pendante sur les abus sexuels dans l\u2019\u00c9glise (CIASE), vous pouvez suivre sur le site : abus-quefaitleglise.catholique.fr les progr\u00e8s dans la mise en place des r\u00e9solutions prises en mars et novembre 2021 par les \u00e9v\u00eaques de France face aux abus et agressions sexuelles. Dans notre dioc\u00e8se de Nancy et Toul : Un Bureau de signalement des abus peut \u00eatre contact\u00e9 \u00e0 : bureaudesignalement@catholique-nancy.fr Le Bureau est accessible \u00e0 toutes les personnes souhaitant pr\u00e9senter des signalements d\u2019abus, Il a \u00e9t\u00e9 institu\u00e9 par Mgr Jean-Louis Papin, \u00e9v\u00eaque de Nancy et Toul, en janvier 2022. <\/span><\/p>\n<p><span style=\"color: #000000;\"><span style=\"text-decoration: underline;\"><strong>Formations dioc\u00e9saines 2022\/23<\/strong><\/span> : Des brochures sont \u00e0 disposition au fond de l\u2019\u00e9glise ainsi que le guide pour la vie spirituelle et ses nombreuses propositions pour l\u2019ann\u00e9e \u00e0 venir.<\/span><br \/><br \/><\/p>\n","protected":false},"excerpt":{"rendered":"<p>Demande pour la paroisse Saint-Fran\u00e7ois-de-Sales :Nous recherchons une personne comp\u00e9tente pour une personne pour conduire les c\u00e9l\u00e9brations d\u2019obs\u00e8ques, une personne pour mettre \u00e0 jour r\u00e9guli\u00e8rement le site internet du secteur.Les permanences \u00e0 la paroisse de Jarville sont les mardi, jeudi et samedi de 10h0 \u00e0 midi. Au presbyt\u00e8re. T\u00e9l 03 83 51 34 05.A la&hellip; <br \/> <a class=\"read-more\" href=\"https:\/\/paroisses-nancy-sud.fr\/HOME\/annonces-de-saint-francois-de-sales-et-sainte-jeanne-de-chantal-12\/\">Lire la suite<\/a><\/p>\n","protected":false},"author":5,"featured_media":554,"comment_status":"closed","ping_status":"open","sticky":false,"template":"","format":"standard","meta":[],"categories":[7],"tags":[],"acf":[],"_links":{"self":[{"href":"https:\/\/paroisses-nancy-sud.fr\/HOME\/wp-json\/wp\/v2\/posts\/2535"}],"collection":[{"href":"https:\/\/paroisses-nancy-sud.fr\/HOME\/wp-json\/wp\/v2\/posts"}],"about":[{"href":"https:\/\/paroisses-nancy-sud.fr\/HOME\/wp-json\/wp\/v2\/types\/post"}],"author":[{"embeddable":true,"href":"https:\/\/paroisses-nancy-sud.fr\/HOME\/wp-json\/wp\/v2\/users\/5"}],"replies":[{"embeddable":true,"href":"https:\/\/paroisses-nancy-sud.fr\/HOME\/wp-json\/wp\/v2\/comments?post=2535"}],"version-history":[{"count":1,"href":"https:\/\/paroisses-nancy-sud.fr\/HOME\/wp-json\/wp\/v2\/posts\/2535\/revisions"}],"predecessor-version":[{"id":2536,"href":"https:\/\/paroisses-nancy-sud.fr\/HOME\/wp-json\/wp\/v2\/posts\/2535\/revisions\/2536"}],"wp:featuredmedia":[{"embeddable":true,"href":"https:\/\/paroisses-nancy-sud.fr\/HOME\/wp-json\/wp\/v2\/media\/554"}],"wp:attachment":[{"href":"https:\/\/paroisses-nancy-sud.fr\/HOME\/wp-json\/wp\/v2\/media?parent=2535"}],"wp:term":[{"taxonomy":"category","embeddable":true,"href":"https:\/\/paroisses-nancy-sud.fr\/HOME\/wp-json\/wp\/v2\/categories?post=2535"},{"taxonomy":"post_tag","embeddable":true,"href":"https:\/\/paroisses-nancy-sud.fr\/HOME\/wp-json\/wp\/v2\/tags?post=2535"}],"curies":[{"name":"wp","href":"https:\/\/api.w.org\/{rel}","templated":true}]}}