{"id":2538,"date":"2022-10-23T18:51:53","date_gmt":"2022-10-23T16:51:53","guid":{"rendered":"https:\/\/paroisses-nancy-sud.fr\/HOME\/?p=2538"},"modified":"2022-10-23T18:51:53","modified_gmt":"2022-10-23T16:51:53","slug":"vous-serez-mes-temoins-actes-1-8","status":"publish","type":"post","link":"https:\/\/paroisses-nancy-sud.fr\/HOME\/vous-serez-mes-temoins-actes-1-8\/","title":{"rendered":"\u00ab\u00a0Vous serez mes t\u00e9moins\u00a0\u00bb (Actes, 1, 8)"},"content":{"rendered":"\n<p><span style=\"color: #000000;\">Le Seigneur nous dit\u00a0:\u00a0<strong>\u00ab\u00a0Vous serez mes t\u00e9moins \u00bb, <\/strong>tel est le th\u00e8me de cette <strong>Journ\u00e9e Missionnaire Mondiale<\/strong>. \u00a0Prenons conscience de cet appel individuel \u00e0 devenir t\u00e9moin de J\u00e9sus dans le monde. T\u00e9moin de son amour, t\u00e9moin de sa tendresse, t\u00e9moin de sa mis\u00e9ricorde et t\u00e9moin de sa tendresse paternelle.<\/span><\/p>\n<p><span style=\"color: #000000;\">Depuis 1822, les <strong>\u0152uvres Pontificales Missionnaires<\/strong> (OPM) ont pour mission, re\u00e7ue du Saint-P\u00e8re, de promouvoir l\u2019esprit missionnaire universel au sein du Peuple de Dieu, de soutenir l\u2019\u0153uvre d\u2019\u00e9vang\u00e9lisation, pour que, partout dans le monde, vive l\u2019\u00c9glise. Sur les cinq continents, gr\u00e2ce \u00e0 des milliers de donateurs engag\u00e9s aux c\u00f4t\u00e9s des \u0152uvres Pontificales Missionnaires, les 2000 dioc\u00e8ses les plus riches soutiennent le d\u00e9veloppement des 1000 dioc\u00e8ses les plus d\u00e9munis, les aidant \u00e0 faire face, le plus souvent, \u00e0 une croissance vive du nombre de leurs fid\u00e8les.<\/span><\/p>\n<p><span style=\"color: #000000;\">Ainsi, <strong>en Inde<\/strong>, l\u2019\u00c9glise Catholique connait une croissance remarquable et repr\u00e9sente aujourd\u2019hui l\u2019un des premiers r\u00e9seaux \u00e9ducatifs et sanitaires. Dans le dioc\u00e8se d\u2019Asansol, 81 cat\u00e9chistes sont form\u00e9s et indemnis\u00e9s pour assurer, aupr\u00e8s des enfants, des jeunes et des familles, un formidable travail de partage du message de l\u2019\u00c9vangile et de la transmission de la foi.<\/span><\/p>\n<p><span style=\"color: #000000;\">\u00ab\u00a0Chers fr\u00e8res et s\u0153urs, je continue \u00e0 r\u00eaver d&rsquo;une \u00c9glise enti\u00e8rement missionnaire et d&rsquo;un nouveau printemps missionnaire des communaut\u00e9s chr\u00e9tiennes. Et je r\u00e9p\u00e8te le souhait de Mo\u00efse pour le peuple de Dieu en chemin : \u00ab\u00a0<strong>Si le Seigneur pouvait faire de tout son peuple un peuple de proph\u00e8tes <\/strong>! \u00bb (<em>Livre des Nombres<\/em>,<em>\u00a0<\/em>11, 29). Oui, puissions-nous tous, dans l&rsquo;\u00c9glise, \u00eatre ce que nous sommes d\u00e9j\u00e0 en vertu de notre bapt\u00eame : des proph\u00e8tes, des t\u00e9moins, des missionnaires du Seigneur ! Avec la puissance de l\u2019Esprit Saint, et jusqu&rsquo;aux extr\u00e9mit\u00e9s de la terre. O Marie, Reine des Missions, priez pour nous !\u00a0\u00bb<\/span><\/p>\n<p style=\"text-align: right;\"><em><span style=\"color: #000000;\">D\u2019apr\u00e8s le message du pape Fran\u00e7ois pour la Journ\u00e9e Mondiale des Missions,<br \/><\/span><\/em><em><span style=\"color: #000000;\">23 octobre 2022\u00a0<\/span><\/em><\/p>\n","protected":false},"excerpt":{"rendered":"<p>Le Seigneur nous dit\u00a0:\u00a0\u00ab\u00a0Vous serez mes t\u00e9moins \u00bb, tel est le th\u00e8me de cette Journ\u00e9e Missionnaire Mondiale. \u00a0Prenons conscience de cet appel individuel \u00e0 devenir t\u00e9moin de J\u00e9sus dans le monde. T\u00e9moin de son amour, t\u00e9moin de sa tendresse, t\u00e9moin de sa mis\u00e9ricorde et t\u00e9moin de sa tendresse paternelle. Depuis 1822, les \u0152uvres Pontificales Missionnaires&hellip; <br \/> <a class=\"read-more\" href=\"https:\/\/paroisses-nancy-sud.fr\/HOME\/vous-serez-mes-temoins-actes-1-8\/\">Lire la suite<\/a><\/p>\n","protected":false},"author":5,"featured_media":529,"comment_status":"closed","ping_status":"open","sticky":false,"template":"","format":"standard","meta":[],"categories":[6],"tags":[],"acf":[],"_links":{"self":[{"href":"https:\/\/paroisses-nancy-sud.fr\/HOME\/wp-json\/wp\/v2\/posts\/2538"}],"collection":[{"href":"https:\/\/paroisses-nancy-sud.fr\/HOME\/wp-json\/wp\/v2\/posts"}],"about":[{"href":"https:\/\/paroisses-nancy-sud.fr\/HOME\/wp-json\/wp\/v2\/types\/post"}],"author":[{"embeddable":true,"href":"https:\/\/paroisses-nancy-sud.fr\/HOME\/wp-json\/wp\/v2\/users\/5"}],"replies":[{"embeddable":true,"href":"https:\/\/paroisses-nancy-sud.fr\/HOME\/wp-json\/wp\/v2\/comments?post=2538"}],"version-history":[{"count":1,"href":"https:\/\/paroisses-nancy-sud.fr\/HOME\/wp-json\/wp\/v2\/posts\/2538\/revisions"}],"predecessor-version":[{"id":2539,"href":"https:\/\/paroisses-nancy-sud.fr\/HOME\/wp-json\/wp\/v2\/posts\/2538\/revisions\/2539"}],"wp:featuredmedia":[{"embeddable":true,"href":"https:\/\/paroisses-nancy-sud.fr\/HOME\/wp-json\/wp\/v2\/media\/529"}],"wp:attachment":[{"href":"https:\/\/paroisses-nancy-sud.fr\/HOME\/wp-json\/wp\/v2\/media?parent=2538"}],"wp:term":[{"taxonomy":"category","embeddable":true,"href":"https:\/\/paroisses-nancy-sud.fr\/HOME\/wp-json\/wp\/v2\/categories?post=2538"},{"taxonomy":"post_tag","embeddable":true,"href":"https:\/\/paroisses-nancy-sud.fr\/HOME\/wp-json\/wp\/v2\/tags?post=2538"}],"curies":[{"name":"wp","href":"https:\/\/api.w.org\/{rel}","templated":true}]}}