{"id":2588,"date":"2022-11-11T18:42:00","date_gmt":"2022-11-11T17:42:00","guid":{"rendered":"https:\/\/paroisses-nancy-sud.fr\/HOME\/?p=2588"},"modified":"2022-11-14T20:11:24","modified_gmt":"2022-11-14T19:11:24","slug":"journee-mondiale-du-pauvre","status":"publish","type":"post","link":"https:\/\/paroisses-nancy-sud.fr\/HOME\/journee-mondiale-du-pauvre\/","title":{"rendered":"Journ\u00e9e mondiale du pauvre"},"content":{"rendered":"<p><span style=\"color: #000000;\">Pour sa 6<sup>\u00e8me<\/sup> \u00e9dition, la journ\u00e9e mondiale du pauvre, voulue par le pape Fran\u00e7ois, sera c\u00e9l\u00e9br\u00e9e en ce 33<sup>\u00e8me<\/sup> dimanche du temps ordinaire :\u00a0<em>\u00ab\u00a0<strong>J\u00e9sus Christ s\u2019est fait pauvre \u00e0 cause de vous<\/strong>\u00a0\u00bb (cf. 2 Co 8, 9).<\/em><\/span><\/p>\n<p><span style=\"color: #000000;\">Notre soci\u00e9t\u00e9 o\u00f9 la consommation effr\u00e9n\u00e9e a \u00e9t\u00e9 \u00e9rig\u00e9e en valeur supr\u00eame, aura certainement un peu de mal \u00e0 faire sienne ce regard \u00e0 offrir au pauvre. Mais qu\u2019importe, il faut le proposer et redonner \u00e0 chaque femme, chaque homme, vivant dans la pr\u00e9carit\u00e9, la conscience de sa propre dignit\u00e9 humaine. \u00ab\u00a0Ce que vous ferez au plus petit d\u2019entre les miens, c\u2019est \u00e0 moi que vous le ferez\u2026\u00a0\u00bb<\/span><\/p>\n<p><span style=\"color: #000000;\">\u00ab J\u00e9sus-Christ [\u2026] s\u2019est fait pauvre \u00e0 cause de vous \u00bb (cf.\u00a0<em>2 Co<\/em>\u00a08, 9). C\u2019est par ces paroles que l\u2019Ap\u00f4tre Paul s\u2019adresse aux premiers chr\u00e9tiens de Corinthe, pour donner un fondement \u00e0 leur engagement de solidarit\u00e9 envers leurs fr\u00e8res dans le besoin. La\u00a0<em>Journ\u00e9e Mondiale des Pauvres<\/em>\u00a0revient cette ann\u00e9e encore comme une saine provocation pour nous aider \u00e0 r\u00e9fl\u00e9chir sur notre style de vie et sur les nombreuses pauvret\u00e9s actuelles.<\/span><\/p>\n<p><span style=\"color: #000000;\">\u00ab\u00a0Le 15 mai dernier,\u00a0<a style=\"color: #000000; text-decoration: underline;\" href=\"https:\/\/www.vatican.va\/content\/francesco\/fr\/events\/event.dir.html\/content\/vaticanevents\/fr\/2022\/5\/15\/canonizzazione.html\">j\u2019ai canonis\u00e9 Fr\u00e8re <strong>Charles de Foucauld<\/strong><\/a><strong>,<\/strong> un homme qui, n\u00e9 riche, a tout abandonn\u00e9 pour suivre J\u00e9sus et devenir avec lui pauvre et fr\u00e8re de tous. Sa vie d\u2019ermite, d\u2019abord \u00e0 Nazareth puis dans le d\u00e9sert saharien, faite de silence, de pri\u00e8re et de partage, est un t\u00e9moignage exemplaire de pauvret\u00e9 chr\u00e9tienne. Il nous sera bon de m\u00e9diter ses paroles : \u00ab Ne m\u00e9prisons pas les pauvres, les petits ; non seulement ce sont nos fr\u00e8res en Dieu, mais ce sont ceux qui imitent le plus parfaitement J\u00e9sus dans sa vie ext\u00e9rieure : ils nous repr\u00e9sentent parfaitement J\u00e9sus, l\u2019Ouvrier de Nazareth. Ils sont les a\u00een\u00e9s parmi les \u00e9lus, les premiers appel\u00e9s au berceau du Sauveur. Ils furent la compagnie habituelle de J\u00e9sus, de sa naissance \u00e0 sa mort. Honorons-les, honorons en eux les images de J\u00e9sus et de ses saints parents [\u2026]. Prenons pour nous [la condition] qu\u2019il a prise pour lui-m\u00eame [\u2026].Ne cessons jamais d\u2019\u00eatre en tout pauvres, des fr\u00e8res des pauvres, des compagnons des pauvres, soyons les plus pauvres des pauvres comme J\u00e9sus, et comme lui, aimons les pauvres et entourons-nous d\u2019eux \u00bb\u00a0<\/span><a name=\"_ftnref1\"><\/a><span style=\"color: #000000;\">[1]. Pour Fr\u00e8re Charles, ce ne furent pas seulement des mots, mais un style de vie concret l\u2019amenant \u00e0 partager avec J\u00e9sus le don m\u00eame de la vie.<\/span><\/p>\n<p><span style=\"color: #000000;\">Que cette\u00a0<em>6<sup>\u00e8me<\/sup>\u00a0Journ\u00e9e Mondiale des Pauvres<\/em>\u00a0devienne une occasion de gr\u00e2ce pour faire un examen de conscience personnel et communautaire et nous demander si la pauvret\u00e9 de J\u00e9sus-Christ est notre fid\u00e8le compagne de vie.\u00a0\u00bb<\/span><\/p>\n<p style=\"text-align: right;\"><span style=\"color: #000000;\"><em>Extrait du message du pape Fran\u00e7ois pour la 6<sup>\u00e8me<\/sup> journ\u00e9e mondiale du pauvre<\/em><\/span><\/p>\n","protected":false},"excerpt":{"rendered":"<p>Pour sa 6\u00e8me \u00e9dition, la journ\u00e9e mondiale du pauvre, voulue par le pape Fran\u00e7ois, sera c\u00e9l\u00e9br\u00e9e en ce 33\u00e8me dimanche du temps ordinaire :\u00a0\u00ab\u00a0J\u00e9sus Christ s\u2019est fait pauvre \u00e0 cause de vous\u00a0\u00bb (cf. 2 Co 8, 9). Notre soci\u00e9t\u00e9 o\u00f9 la consommation effr\u00e9n\u00e9e a \u00e9t\u00e9 \u00e9rig\u00e9e en valeur supr\u00eame, aura certainement un peu de mal&hellip; <br \/> <a class=\"read-more\" href=\"https:\/\/paroisses-nancy-sud.fr\/HOME\/journee-mondiale-du-pauvre\/\">Lire la suite<\/a><\/p>\n","protected":false},"author":5,"featured_media":529,"comment_status":"closed","ping_status":"open","sticky":false,"template":"","format":"standard","meta":[],"categories":[6],"tags":[],"acf":[],"_links":{"self":[{"href":"https:\/\/paroisses-nancy-sud.fr\/HOME\/wp-json\/wp\/v2\/posts\/2588"}],"collection":[{"href":"https:\/\/paroisses-nancy-sud.fr\/HOME\/wp-json\/wp\/v2\/posts"}],"about":[{"href":"https:\/\/paroisses-nancy-sud.fr\/HOME\/wp-json\/wp\/v2\/types\/post"}],"author":[{"embeddable":true,"href":"https:\/\/paroisses-nancy-sud.fr\/HOME\/wp-json\/wp\/v2\/users\/5"}],"replies":[{"embeddable":true,"href":"https:\/\/paroisses-nancy-sud.fr\/HOME\/wp-json\/wp\/v2\/comments?post=2588"}],"version-history":[{"count":1,"href":"https:\/\/paroisses-nancy-sud.fr\/HOME\/wp-json\/wp\/v2\/posts\/2588\/revisions"}],"predecessor-version":[{"id":2589,"href":"https:\/\/paroisses-nancy-sud.fr\/HOME\/wp-json\/wp\/v2\/posts\/2588\/revisions\/2589"}],"wp:featuredmedia":[{"embeddable":true,"href":"https:\/\/paroisses-nancy-sud.fr\/HOME\/wp-json\/wp\/v2\/media\/529"}],"wp:attachment":[{"href":"https:\/\/paroisses-nancy-sud.fr\/HOME\/wp-json\/wp\/v2\/media?parent=2588"}],"wp:term":[{"taxonomy":"category","embeddable":true,"href":"https:\/\/paroisses-nancy-sud.fr\/HOME\/wp-json\/wp\/v2\/categories?post=2588"},{"taxonomy":"post_tag","embeddable":true,"href":"https:\/\/paroisses-nancy-sud.fr\/HOME\/wp-json\/wp\/v2\/tags?post=2588"}],"curies":[{"name":"wp","href":"https:\/\/api.w.org\/{rel}","templated":true}]}}