{"id":2615,"date":"2022-11-18T18:13:37","date_gmt":"2022-11-18T17:13:37","guid":{"rendered":"https:\/\/paroisses-nancy-sud.fr\/HOME\/?p=2615"},"modified":"2022-11-25T21:43:58","modified_gmt":"2022-11-25T20:43:58","slug":"annonces-de-sainte-jeanne-de-chantal-et-saint-francois-de-sales-du-27-novembre","status":"publish","type":"post","link":"https:\/\/paroisses-nancy-sud.fr\/HOME\/annonces-de-sainte-jeanne-de-chantal-et-saint-francois-de-sales-du-27-novembre\/","title":{"rendered":"Annonces de Sainte-Jeanne-de-Chantal et Saint-Fran\u00e7ois-de-Sales du 18 novembre"},"content":{"rendered":"\n\n\n<p><span style=\"color: #000000;\"><strong><span style=\"text-decoration: underline;\">Secours catholique :\u00a0<\/span><br \/><\/strong>A Jarville, le local du secours catholique (4, rue des Forges du Nord-Est) est ouvert le mardi et le vendredi de 14h \u00e0 16h30. T\u00e9l\u00a0: 03 83 51\u00a033 22.\u00a0\u00a0<\/span><br \/><span style=\"color: #000000;\">Le secours catholique sollicitera votre g\u00e9n\u00e9rosit\u00e9 \u00e0 la sortie des messes de Laneuveville et Jarville\u00a0: des calendriers de l\u2019Avent vous seront propos\u00e9s.<\/span><\/p>\n<p><span style=\"color: #000000;\"><strong><span style=\"text-decoration: underline;\">R\u00e9union de l\u2019Inter-EAP :\u00a0<br \/><\/span><\/strong>Les Equipes d\u2019Animation Pastorale (EAP) de nos 3 paroisses se rencontrent <strong>le mercredi 23 novembre \u00e0 Neuves-Maisons \u00e0 20h30. <\/strong>Au programme\u00a0: nouvelles et infos de chaque paroisse, bilan de la rentr\u00e9e (cat\u00e9\u2026), projets communs de l\u2019ann\u00e9e (p\u00e8lerinage Annecy, Sion\u2026), divers\u2026<\/span><\/p>\n<p><span style=\"color: #000000;\"><strong><span style=\"text-decoration: underline;\">R\u00e9union de l\u2019EAP de Sainte-Jeanne-de-Chantal :<\/span><br \/><\/strong>L\u2019\u00e9quipe d\u2019animation pastorale de Ste-Jeanne-de-Chantal se r\u00e9unit <strong>le jeudi 24 novembre \u00e0 14h15 \u00e0 Ludres\u00a0: <\/strong>bilan de la r\u00e9organisation du secr\u00e9tariat, pr\u00e9paration de No\u00ebl, pr\u00e9paration du p\u00e8lerinage 2023, pr\u00e9paration du repas paroissial\u2026<\/span><\/p>\n<p><span style=\"color: #000000;\"><strong><span style=\"text-decoration: underline;\">Go\u00fbter de la sainte C\u00e9cile :<\/span><br \/><\/strong><strong>Samedi 26 novembre, \u00e0 Jarville, \u00e0 15h,<\/strong> rendez-vous pour toutes celles et ceux qui animent nos c\u00e9l\u00e9brations comme <strong>musiciens, animateurs chants ou choristes<\/strong>. Un moment fraternel pour se rencontrer, chanter ensemble, go\u00fbter nos cr\u00eapes ou autres petites choses avec un chocolat chaud\u00a0!<\/span><\/p>\n<p><span style=\"color: #000000;\"><span style=\"text-decoration: underline;\"><strong>Messe des familles et temps fort cat\u00e9 \u00e0 Neuves-Maisons : <\/strong><\/span><strong><span style=\"text-decoration: underline;\">Enfants et parents :<\/span><br \/><\/strong><strong>Le dimanche 27 novembre messe des familles \u00e0 Neuves-Maisons et premier temps fort pour les enfants de notre secteur.<br \/><\/strong><strong>Sp\u00e9cial parents\u00a0! Rendez-vous le dimanche 27 novembre \u00e0 15h \u00e0 Neuves-Maisons <\/strong>autour de <strong><em>\u2018\u2019J\u00e9sus-Christ t\u2019aime\u2019\u2019<\/em><\/strong>\u00a0: J\u00e9sus\u00a0? Christ\u00a0? et qui suis-je pour qu\u2019il m\u2019aime\u00a0?\u00a0<\/span><br \/><span style=\"color: #000000;\"><strong>Un petit temps pour soi<\/strong>, pour se poser, recevoir cette bonne nouvelle de l\u2019Evangile, poser ses questions\u2026pendant que les enfants suivent leur cat\u00e9ch\u00e8se avec les animateurs cat\u00e9 habituels.\u00a0<\/span><br \/><span style=\"color: #000000;\">L\u2019\u00e9quipe des pr\u00eatres et les EAP de nos paroisses vous proposent <strong>ce petit temps (1h) <\/strong>(juste pour vous, parents\u00a0!) \u00e0 chacun des temps forts cat\u00e9 de cette ann\u00e9e. \u00a0Osez essayer\u00a0!!\u00a0\u00a0 \u00a0<\/span><\/p>\n<p><span style=\"color: #000000;\"><strong><span style=\"text-decoration: underline;\">WE pour les jeunes de AJC (<\/span><em><span style=\"text-decoration: underline;\">Aujourd\u2019hui Je Commence) :<\/span><\/em><em><br \/><\/em><\/strong>Les samedi et dimanche 26 et 27novembre les jeunes partent en WE dans les Vosges.<\/span><\/p>\n<p><span style=\"color: #000000;\"><span style=\"text-decoration: underline;\"><strong>P\u00e8lerinage \u00e0 Annecy. :<br \/><\/strong><\/span>\u2018\u2019Sur les pas de Saint Fran\u00e7ois de Sales et de Sainte Jeanne de Chantal, fondateurs de la Visitation\u2019\u2019. Du lundi 17 avril au jeudi 20 avril 2023.<\/span><br \/><span style=\"color: #000000;\">La pr\u00e9paration de notre p\u00e8lerinage avance bien. L\u2019h\u00e9bergement et le bus sont d\u00e9j\u00e0 r\u00e9serv\u00e9s. Visites, paysages de montagne, lacs d\u2019Annecy et du L\u00e9man et bien s\u00fbr des lieux fr\u00e9quent\u00e9s par nos saints\u00a0! Les tracts avec talon d\u2019inscription vont arriver\u00a0!<\/span><\/p>\n<p><span style=\"color: #000000;\"><span style=\"text-decoration: underline;\"><strong>March\u00e9 de No\u00ebl : <br \/><\/strong><\/span><strong>Le samedi 3 d\u00e9cembre \u00e0 Laneuveville de 17h \u00e0 20h et le dimanche 4 d\u00e9cembre \u00e0 Jarville de 10h \u00e0 13h\u00a0: <\/strong>des d\u00e9cos de No\u00ebl confectionn\u00e9es par les \u2018Abeilles du mardi \u2018\u2019, des produits festifs (hu\u00eetres, escargots, foie gras, confitures\u2026) vous seront propos\u00e9s par l\u2019Association kermesse paroissiale.<\/span><\/p>\n<p><span style=\"color: #000000;\"><strong><span style=\"text-decoration: underline;\">Parvis de No\u00ebl :<\/span><br \/><\/strong>Comme chaque ann\u00e9e depuis 3 ans maintenant, des moments d\u2019accueil \u2018\u2019Sp\u00e9cial Avent\u2019\u2019 sur <strong>le parvis et dans l\u2019\u00e9glise de Jarville <\/strong>de 15h30 \u00e0 18h30\u00a0: <strong>le mardi 29 novembre, le mardi 6 d\u00e9cembre et le mardi 13 d\u00e9cembre\u00a0<\/strong>: marrons chauds, musique, cr\u00e8che et <strong>cette ann\u00e9e une nouveaut\u00e9 le mardi 29 novembre\u00a0:<\/strong> les <em>\u2018\u2019Racont\u00e9es bibliques\u2019\u2019<\/em>: Venez \u00e9couter, vous \u00e9tonner, vous laisser surprendre<em> \u2026 <\/em>On vous en dira plus !<br \/><strong>A Flavigny, le vendredi 16 d\u00e9cembre\u00a0\u00e0 l\u2019\u00e9glise et sur le parvis : chants de No\u00ebl, <\/strong>vin et chocolat chauds, marrons chauds en partenariat avec l\u2019association \u2018\u2019Vivre ensemble\u2019\u2019.<\/span><\/p>\n<p><span style=\"color: #000000;\"><span style=\"text-decoration: underline;\"><strong>Assembl\u00e9e g\u00e9n\u00e9rale de l\u2019Association kermesse paroissiale de Jarville : <br \/><\/strong><\/span><strong>Le samedi 3 d\u00e9cembre \u00e0 10h salle paroissiale\u00a0: <\/strong>l\u2019association kermesse de Jarville aide la paroisse St Fran\u00e7ois-de-Sales \u00e0 financer les travaux d\u2019entretien dans les b\u00e2timents dont elle a la charge.<\/span><\/p>\n<p><span style=\"color: #000000;\"><strong><span style=\"text-decoration: underline;\">Horaires des messes dominicales des 26 et 27 novembre 2022.:\u00a0<\/span><br \/><\/strong><strong>Samedi 26 novembre\u00a0: 18h <\/strong>Pierreville<strong>, <\/strong>Heillecourt et Laneuveville<\/span><br \/><span style=\"color: #000000;\"><strong>Dimanche 27 novembre : 10h <\/strong>Flavigny\u00a0; Fl\u00e9ville<strong>\u00a0\u00a0\u00a0\u00a0\u00a0\u00a0 \u00a0\u00a0\u00a0\u00a0\u00a0\u00a0\u00a0\u00a0\u00a0\u00a0\u00a0\u00a0\u00a0\u00a010h30 <\/strong>Jarville et Neuves-Maisons<\/span>\u00a0<\/p>\n<p><span style=\"color: #000000;\"><strong>\u00a0<\/strong><span style=\"text-decoration: underline;\"><strong>Autres annonces :\u00a0<br \/><\/strong><strong>Lettre de notre \u00e9v\u00eaque :\u00a0<br \/><\/strong><\/span>A la suite des r\u00e9cents \u00e9v\u00e9nements qui ont secou\u00e9 l\u2019Eglise de France, notre \u00e9v\u00eaque a souhait\u00e9 adresser une lettre \u00e0 tous les dioc\u00e9sains. Voir sur le site du dioc\u00e8se ou sur celui de Nancy-Sud.<\/span><\/p>\n<p><span style=\"color: #000000;\"><strong><span style=\"text-decoration: underline;\">\u00d4 mort o\u00f9 est ta victoire ? :<\/span><br \/><\/strong>Alors que la fin de vie fait d\u00e9bat dans notre pays, les \u00e9v\u00eaques de France ont \u00e9crit aux fid\u00e8les catholiques une lettre pastorale sur le th\u00e8me de la mort<strong>. <\/strong>Retrouvez le texte sur le site du dioc\u00e8se.<\/span><\/p>\n<p><span style=\"color: #000000;\"><strong><span style=\"text-decoration: underline;\">Calendrier de l\u2019avent du dioc\u00e8se :<br \/><\/span><\/strong>Notre dioc\u00e8se propose un calendrier de l\u2019Avent \u00e0 recevoir par mail <strong>; <\/strong>s\u2019inscrire sur le site du dioc\u00e8se<\/span>.<\/p>\n<p><span style=\"color: #000000;\"><strong><span style=\"text-decoration: underline;\">March\u00e9 de No\u00ebl des 5 continents \u00e0 Notre-Dame de Lourdes :<\/span><br \/><\/strong><strong>Le dimanche 20 novembre de 9h \u00e0 13h, salle des Esp\u00e9lugues<\/strong>. Ce march\u00e9 est anim\u00e9 par les paroissiens, la communaut\u00e9 malgache et syro libanaise. \u00a0<\/span><\/p>\n<p><span style=\"color: #000000;\"><strong><span style=\"text-decoration: underline;\">Spectacle : \u2018\u2019Heureux et solidaires pourquoi pas ?\u2019\u2019:<\/span><br \/><\/strong><strong>Le dimanche 20 novembre \u00e0 15h<\/strong>, \u00e0 Colombey les Belles avec les \u2018\u2019Amis du MRJC\u2019\u2019: Informations et r\u00e9servation au 03 83 52 03 94.<\/span><\/p>\n<p><span style=\"color: #000000;\"><strong><span style=\"text-decoration: underline;\">Journ\u00e9e mondiale de la jeunesse 2022 :<\/span><br \/><\/strong>Cela se passe ce dimanche <strong>20 novembre<\/strong>, en la f\u00eate du Christ-Roi,\u00a0\u00e0 <strong>l\u2019Eglise St L\u00e9on<\/strong> de <strong>9h \u00e0 19h. <\/strong>\u00a0Invitez largement autour de vous\u00a0! Une belle f\u00eate de la jeunesse s\u2019annonce, port\u00e9e par le Saint-Esprit et Marie, pour et par les jeunes\u00a0!<\/span><\/p>\n<p><span style=\"color: #000000;\"><strong><span style=\"text-decoration: underline;\">Halte spirituelle de l\u2019Avent : \u2019\u2019Paix, joie, bonheur, Il vient !\u2019\u2019:<\/span><br \/><\/strong><strong>Du samedi 26 novembre \u00e0 9h au dimanche 27 novembre \u00e0 16h, <\/strong>au centre spirituel dioc\u00e9sain.<\/span><\/p>\n<p><span style=\"color: #000000;\"><strong><span style=\"text-decoration: underline;\">En Avent en famille ! :<\/span><br \/><\/strong><strong>Le samedi 26 novembre<\/strong>, le\u00a0<a style=\"color: #000000;\" href=\"https:\/\/www.catholique-nancy.fr\/sites\/pastorale-des-familles\/\">service de la pastorale des familles<\/a>\u00a0organise\u00a0<strong>une journ\u00e9e ludique de d\u00e9couverte de quelques tableaux de Georges de la Tour<\/strong>\u00a0autour de la Nativit\u00e9\u00a0pour entrer joyeusement dans l\u2019Avent<strong>.\u00a0<\/strong>Seul ou en famille, vous \u00eates tous les bienvenus ! <strong>Contact : <\/strong>06 83 15 51 30<\/span><\/p>\n<p><span style=\"color: #000000;\"><strong><span style=\"text-decoration: underline;\">March\u00e9 de No\u00ebl de l\u2019Arche :<br \/><\/span><\/strong>Le march\u00e9 de No\u00ebl de L\u2019Arche \u00e0 Nancy aura lieu\u00a0<strong>le 27 novembre <\/strong>entre 15h et 18h \u00e0 la salle Henri Blaise.<\/span><\/p>\n<p>\u00a0<\/p>\n","protected":false},"excerpt":{"rendered":"<p>Secours catholique :\u00a0A Jarville, le local du secours catholique (4, rue des Forges du Nord-Est) est ouvert le mardi et le vendredi de 14h \u00e0 16h30. T\u00e9l\u00a0: 03 83 51\u00a033 22.\u00a0\u00a0Le secours catholique sollicitera votre g\u00e9n\u00e9rosit\u00e9 \u00e0 la sortie des messes de Laneuveville et Jarville\u00a0: des calendriers de l\u2019Avent vous seront propos\u00e9s. R\u00e9union de l\u2019Inter-EAP&hellip; <br \/> <a class=\"read-more\" href=\"https:\/\/paroisses-nancy-sud.fr\/HOME\/annonces-de-sainte-jeanne-de-chantal-et-saint-francois-de-sales-du-27-novembre\/\">Lire la suite<\/a><\/p>\n","protected":false},"author":5,"featured_media":554,"comment_status":"closed","ping_status":"open","sticky":false,"template":"","format":"standard","meta":[],"categories":[7],"tags":[],"acf":[],"_links":{"self":[{"href":"https:\/\/paroisses-nancy-sud.fr\/HOME\/wp-json\/wp\/v2\/posts\/2615"}],"collection":[{"href":"https:\/\/paroisses-nancy-sud.fr\/HOME\/wp-json\/wp\/v2\/posts"}],"about":[{"href":"https:\/\/paroisses-nancy-sud.fr\/HOME\/wp-json\/wp\/v2\/types\/post"}],"author":[{"embeddable":true,"href":"https:\/\/paroisses-nancy-sud.fr\/HOME\/wp-json\/wp\/v2\/users\/5"}],"replies":[{"embeddable":true,"href":"https:\/\/paroisses-nancy-sud.fr\/HOME\/wp-json\/wp\/v2\/comments?post=2615"}],"version-history":[{"count":2,"href":"https:\/\/paroisses-nancy-sud.fr\/HOME\/wp-json\/wp\/v2\/posts\/2615\/revisions"}],"predecessor-version":[{"id":2626,"href":"https:\/\/paroisses-nancy-sud.fr\/HOME\/wp-json\/wp\/v2\/posts\/2615\/revisions\/2626"}],"wp:featuredmedia":[{"embeddable":true,"href":"https:\/\/paroisses-nancy-sud.fr\/HOME\/wp-json\/wp\/v2\/media\/554"}],"wp:attachment":[{"href":"https:\/\/paroisses-nancy-sud.fr\/HOME\/wp-json\/wp\/v2\/media?parent=2615"}],"wp:term":[{"taxonomy":"category","embeddable":true,"href":"https:\/\/paroisses-nancy-sud.fr\/HOME\/wp-json\/wp\/v2\/categories?post=2615"},{"taxonomy":"post_tag","embeddable":true,"href":"https:\/\/paroisses-nancy-sud.fr\/HOME\/wp-json\/wp\/v2\/tags?post=2615"}],"curies":[{"name":"wp","href":"https:\/\/api.w.org\/{rel}","templated":true}]}}