{"id":2619,"date":"2022-11-25T21:24:01","date_gmt":"2022-11-25T20:24:01","guid":{"rendered":"https:\/\/paroisses-nancy-sud.fr\/HOME\/?p=2619"},"modified":"2022-11-25T21:24:01","modified_gmt":"2022-11-25T20:24:01","slug":"annonces-de-la-visitation-du-27-novembre","status":"publish","type":"post","link":"https:\/\/paroisses-nancy-sud.fr\/HOME\/annonces-de-la-visitation-du-27-novembre\/","title":{"rendered":"Annonces de la Visitation du 27 novembre"},"content":{"rendered":"\n<p><span style=\"color: #000000;\"><strong><u>Dimanche 04 d\u00e9cembre,<\/u><\/strong> au cours de la messe, qu\u00eate pour les charges paroissiales. Votre aide financi\u00e8re nous est pr\u00e9cieuse, merci \u00e0 vous tous\u00a0!<\/span><\/p>\n<p><span style=\"color: #000000;\"><strong><u>Dimanches de l\u2019Avent,<\/u><\/strong> un panier sera plac\u00e9 au fond de l\u2019\u00e9glise pour recueillir vos dons, produits d\u2019hygi\u00e8ne, de pu\u00e9riculture et produits alimentaires non p\u00e9rissables, destin\u00e9s \u00e0 des familles via les \u0153uvres caritatives du secteur.<\/span><br \/><span style=\"color: #000000;\">Un grand merci\u00a0!<\/span><\/p>\n<p><span style=\"color: #000000;\"><strong><em>\u00a0<\/em><\/strong><strong><u>P\u00e8lerinage \u00e0 Annecy<\/u><\/strong> du lundi 17 avril au jeudi 20 avril 2023. Sur les pas de Saint Fran\u00e7ois de Sales et de Sainte Jeanne de Chantal, fondateurs de la Visitation. R\u00e9servez d\u00e8s \u00e0 pr\u00e9sent vos dates. Une inscription avec acompte est propos\u00e9e. Voir les tracts au fond de l\u2019\u00e9glise.<\/span><\/p>\n<p><span style=\"color: #000000;\"><strong><u>Samedi 03 d\u00e9cembre <\/u><\/strong>\u00e0 20h30, procession de la St Nicolas \u00e0 la basilique de St Nicolas de Port et c\u00e9l\u00e9bration pr\u00e9sid\u00e9e par Mg Jean-Louis Papin et Mg Philippe Ballot<\/span>.<\/p>\n<p><span style=\"color: #000000;\"><strong><span style=\"text-decoration: underline;\">Messes \u00e0 la Visitation :\u00a0<\/span><br \/><\/strong>Samedi 03 d\u00e9cembre \u00e0 18h00\u00a0: M\u00e9r\u00e9ville<\/span><br \/><span style=\"color: #000000;\">Dimanche 04 d\u00e9cembre \u00e0 10h00 : Xeuilley, \u00e0 10h30\u00a0: Neuves-Maisons, <em>f\u00eate de Sainte Barbe<\/em><\/span><\/p>\n<p><span style=\"color: #000000;\"><strong><span style=\"text-decoration: underline;\">Messes en semaine\u00a0:<\/span><br \/><\/strong>La messe du mardi \u00e0 17h00 est supprim\u00e9e.<\/span><br \/><span style=\"color: #000000;\">Jeudi\u00a0: adoration \u00e0 16h00 et messe \u00e0 16h30 \u00e0 la chapelle.<\/span><br \/><span style=\"color: #000000;\">Vendredi\u00a0: messe \u00e0 8h20 chez les s\u0153urs \u00e0 Bainville, 67 rue Jacques Callot<\/span><\/p>\n<p><span style=\"color: #000000;\"><u>Permanences \u00e0 la maison paroissiale :<\/u> <\/span><br \/><span style=\"color: #000000;\">Mardi de 14h \u00e0 16h30 et Samedi de 9h30 \u00e0 11h30<\/span><br \/><span style=\"color: #000000;\">tel : 03 83 47 25 54 \u2013 <em><strong>adresse mail<\/strong><\/em><strong> : <\/strong><a style=\"color: #000000;\" href=\"mailto:visitationmm@orange.fr\">visitationmm@orange.fr<\/a>\u00a0 <\/span><br \/><span style=\"color: #000000;\">Horaires des messes :\u00a0 <a style=\"color: #000000;\" href=\"https:\/\/messes.info\/\">messesinfo<\/a><em> (cliquer sur le lien)<\/em><\/span><\/p>\n<p>\u00a0<\/p>\n<p><strong>\u00a0<\/strong><\/p>\n","protected":false},"excerpt":{"rendered":"<p>Dimanche 04 d\u00e9cembre, au cours de la messe, qu\u00eate pour les charges paroissiales. Votre aide financi\u00e8re nous est pr\u00e9cieuse, merci \u00e0 vous tous\u00a0! Dimanches de l\u2019Avent, un panier sera plac\u00e9 au fond de l\u2019\u00e9glise pour recueillir vos dons, produits d\u2019hygi\u00e8ne, de pu\u00e9riculture et produits alimentaires non p\u00e9rissables, destin\u00e9s \u00e0 des familles via les \u0153uvres caritatives&hellip; <br \/> <a class=\"read-more\" href=\"https:\/\/paroisses-nancy-sud.fr\/HOME\/annonces-de-la-visitation-du-27-novembre\/\">Lire la suite<\/a><\/p>\n","protected":false},"author":5,"featured_media":472,"comment_status":"closed","ping_status":"open","sticky":false,"template":"","format":"standard","meta":[],"categories":[10],"tags":[],"acf":[],"_links":{"self":[{"href":"https:\/\/paroisses-nancy-sud.fr\/HOME\/wp-json\/wp\/v2\/posts\/2619"}],"collection":[{"href":"https:\/\/paroisses-nancy-sud.fr\/HOME\/wp-json\/wp\/v2\/posts"}],"about":[{"href":"https:\/\/paroisses-nancy-sud.fr\/HOME\/wp-json\/wp\/v2\/types\/post"}],"author":[{"embeddable":true,"href":"https:\/\/paroisses-nancy-sud.fr\/HOME\/wp-json\/wp\/v2\/users\/5"}],"replies":[{"embeddable":true,"href":"https:\/\/paroisses-nancy-sud.fr\/HOME\/wp-json\/wp\/v2\/comments?post=2619"}],"version-history":[{"count":1,"href":"https:\/\/paroisses-nancy-sud.fr\/HOME\/wp-json\/wp\/v2\/posts\/2619\/revisions"}],"predecessor-version":[{"id":2620,"href":"https:\/\/paroisses-nancy-sud.fr\/HOME\/wp-json\/wp\/v2\/posts\/2619\/revisions\/2620"}],"wp:featuredmedia":[{"embeddable":true,"href":"https:\/\/paroisses-nancy-sud.fr\/HOME\/wp-json\/wp\/v2\/media\/472"}],"wp:attachment":[{"href":"https:\/\/paroisses-nancy-sud.fr\/HOME\/wp-json\/wp\/v2\/media?parent=2619"}],"wp:term":[{"taxonomy":"category","embeddable":true,"href":"https:\/\/paroisses-nancy-sud.fr\/HOME\/wp-json\/wp\/v2\/categories?post=2619"},{"taxonomy":"post_tag","embeddable":true,"href":"https:\/\/paroisses-nancy-sud.fr\/HOME\/wp-json\/wp\/v2\/tags?post=2619"}],"curies":[{"name":"wp","href":"https:\/\/api.w.org\/{rel}","templated":true}]}}