{"id":2632,"date":"2022-12-04T17:52:48","date_gmt":"2022-12-04T16:52:48","guid":{"rendered":"https:\/\/paroisses-nancy-sud.fr\/HOME\/?p=2632"},"modified":"2022-12-04T17:55:44","modified_gmt":"2022-12-04T16:55:44","slug":"annonces-de-saint-francois-de-sales-et-sainte-jeanne-de-chantal-du-4-decembre","status":"publish","type":"post","link":"https:\/\/paroisses-nancy-sud.fr\/HOME\/annonces-de-saint-francois-de-sales-et-sainte-jeanne-de-chantal-du-4-decembre\/","title":{"rendered":"Annonces de Saint-Fran\u00e7ois-de-Sales et Sainte-Jeanne-de-Chantal du 4 d\u00e9cembre"},"content":{"rendered":"\n<p><span style=\"color: #000000;\"><strong><span style=\"text-decoration: underline;\">Bapt\u00eames<\/span> :<br \/><\/strong>Ce dimanche 4 d\u00e9cembre \u00e0 Ludres, sont baptis\u00e9s Rapha\u00ebl Caillavet et Giulia Cagnacci. Confions-les dans nos pri\u00e8res.<\/span><\/p>\n<p><span style=\"color: #000000;\"><strong><span style=\"text-decoration: underline;\">March\u00e9 de No\u00ebl<\/span> : <br \/><\/strong><strong>Le samedi 3 d\u00e9cembre \u00e0 Laneuveville de 17h \u00e0 20h et le dimanche 4 d\u00e9cembre \u00e0 Jarville de 10h \u00e0 13h\u00a0: <\/strong>des d\u00e9corations de No\u00ebl confectionn\u00e9es par les \u00ab\u00a0Abeilles du mardi\u00a0\u00bb, des produits festifs (hu\u00eetres, escargots, foie gras, confitures\u2026) vous seront propos\u00e9s par l\u2019Association kermesse paroissiale.<\/span><\/p>\n<p><span style=\"color: #000000;\"><strong><span style=\"text-decoration: underline;\">Journ\u00e9es Mondiales de la Jeunesse :<\/span><br \/><\/strong>L\u2019\u00e9t\u00e9 prochain, auront lieu les journ\u00e9es mondiales de la jeunesse \u00e0 Lisbonne. Pour financer les JMJ, le dioc\u00e8se organise une vente de cartes de v\u0153ux durant l\u2019Avent. Le co\u00fbt r\u00e9el du voyage va \u00eatre \u00e9lev\u00e9 (entre 830 et 900 euros pour les deux semaines). Nous souhaitons que le prix de l&rsquo;inscription ne soit un frein pour aucun jeune. <strong>Ce week-end, \u00e0 la sortie des messes de Laneuveville et de Jarville<\/strong>, nous vous proposons une vente de cartes de v\u0153ux, dont le profit aidera au financement des jeunes. Les cartes sont en vente au prix de 3,00\u20ac le lot de 4 cartes.<\/span><\/p>\n<p><span style=\"color: #000000;\"><strong><span style=\"text-decoration: underline;\">Parvis de No\u00ebl <\/span>:<br \/><\/strong>Comme chaque ann\u00e9e depuis 3 ans maintenant, des moments d\u2019accueil \u2018\u2019Sp\u00e9cial Avent\u2019\u2019 sur <strong>le parvis et dans l\u2019\u00e9glise de Jarville <\/strong>de 15h30 \u00e0 18h30\u00a0: <strong>le mardi 6 d\u00e9cembre et le mardi 13 d\u00e9cembre\u00a0<\/strong>: marrons chauds, musique, cr\u00e8che.<br \/><strong>A Flavigny, le vendredi 16 d\u00e9cembre\u00a0\u00e0 l\u2019\u00e9glise et sur le parvis : chants de No\u00ebl, <\/strong>vin et chocolat chauds, marrons chauds en partenariat avec l\u2019association \u2018\u2019Vivre ensemble\u2019\u2019.<br \/><strong>A Richarm\u00e9nil, tous les mardis \u00e0 partir de 17h<\/strong> \u00e9glise ouverte pour visiter la cr\u00e8che.<\/span><\/p>\n<p><span style=\"color: #000000;\"><strong><span style=\"text-decoration: underline;\">Jeudi 8 d\u00e9cembre : f\u00eate de l&rsquo;Immacul\u00e9e Conception :<\/span><br \/><\/strong><strong>Messe \u00e0 Jarville \u00e0 18h<\/strong>, c\u00e9l\u00e9bration de l\u2019Immacul\u00e9e Conception de la Vierge Marie<br \/><strong>A Ludres, \u00e0 20h30<\/strong><\/span><span style=\"color: initial;\"><span style=\"color: #000000;\">, c\u00e9l\u00e9bration Mariale<\/span><br \/><\/span><\/p>\n<p><span style=\"text-decoration: underline; color: #000000;\"><strong>Soir\u00e9e chants et louange du 2<sup>\u00e8me<\/sup> vendredi du mois :<\/strong> <\/span><br \/><span style=\"color: #000000;\">Vendredi 9 d\u00e9cembre, \u00e0 20h30, \u00e0 Jarville dans la crypte, veill\u00e9e de chants.<\/span><\/p>\n<p><span style=\"color: #000000;\"><strong><span style=\"text-decoration: underline;\">Table ouverte du 2<sup>\u00e8me<\/sup> dimanche du mois \u00e0 Jarville<\/span><\/strong> :<\/span><br \/><span style=\"color: #000000;\"><strong>Dimanche 9 d\u00e9cembre \u00e0 partir de midi, \u00e0 Jarville,<\/strong> table ouverte. Chacun apporte de quoi partager, pour se retrouver en toute simplicit\u00e9, ne pas rester seul et partager un moment convivial en toute simplicit\u00e9 !<\/span><\/p>\n<p><span style=\"color: #000000;\"><strong><span style=\"text-decoration: underline;\">\u00ab Op\u00e9ration Orange \u00bb :<\/span><br \/><\/strong><strong>Dans nos \u00e9glises les 9 et 10 d\u00e9cembre<\/strong> \u00e0 la sortie des messes et le 17 d\u00e9cembre \u00e0 Ludres, \u00ab\u00a0op\u00e9ration orange\u00a0\u00bb\u00a0: Des oranges, pour rappeler la distribution d&rsquo;oranges op\u00e9r\u00e9e par s\u0153ur Emmanuelle aux enfants des rues du Soudan du sud, aide nutritionnelle, apport de vitamines C, dans un pays d\u00e9vast\u00e9. Pour soutenir l\u2019\u0153uvre de S\u0153ur Emmanuelle et pour apporter votre aide aux enfants, il vous sera propos\u00e9 des oranges bio, au prix symbolique de 1\u20ac pour une orange. Le b\u00e9n\u00e9fice des ventes sera revers\u00e9 int\u00e9gralement \u00e0 l&rsquo;association d&rsquo;Op\u00e9ration Orange pour poursuivre des actions dans diff\u00e9rents pays (Liban, Egypte et en particulier le Soudan)<\/span><\/p>\n<p><span style=\"color: #000000;\"><strong><span style=\"text-decoration: underline;\">Secours Catholique :<\/span><br \/><\/strong>Durant le mois de d\u00e9cembre, \u00e0 l\u2019issue des messes, vente du g\u00e2teau \u00ab\u00a0le Fraternel\u00a0\u00bb (au prix de 6\u20ac) et vente de bougies (4,5\u20ac les deux). Merci pour votre g\u00e9n\u00e9rosit\u00e9.<\/span><\/p>\n<p><span style=\"color: #000000;\"><strong><span style=\"text-decoration: underline;\">\u00ab\u00a0Osez le premier pas sur le chemin de la paix \u00a0\u00bb :\u00a0<\/span><br \/><\/strong>Une d\u00e9marche port\u00e9e en France par les\u00a0<a style=\"color: #000000;\" href=\"https:\/\/eeudf.org\/\"><u>Eclaireuses et Eclaireurs Unionistes de France (EEUdF)<\/u><\/a>\u00a0et les<span style=\"text-decoration: underline;\">\u00a0<\/span><a style=\"color: #000000;\" href=\"https:\/\/sgdf.fr\/\"><span style=\"text-decoration: underline;\">Scouts et Guides de France (SGDF<\/span><u>)<\/u><\/a>. La\u00a0<strong>Lumi\u00e8re de la Paix de Bethl\u00e9em<\/strong>\u00a0est un \u00e9v\u00e9nement scout chr\u00e9tien qui se d\u00e9roule chaque ann\u00e9e pendant la p\u00e9riode de l\u2019Avent. Allum\u00e9e dans la grotte de la nativit\u00e9 \u00e0 Bethl\u00e9em, la lumi\u00e8re est rapport\u00e9e en Autriche, puis transmise partout en Europe. Elle constitue un\u00a0<strong>symbole de paix<\/strong>, que l\u2019on peut diffuser, recevoir ou encore envoyer \u00e0 un proche. Le th\u00e8me de cette ann\u00e9e est \u00ab\u00a0faire le 1<sup>er<\/sup> pas sur le chemin de la paix\u00a0\u00bb.<\/span><br \/><span style=\"color: #000000;\"><strong>Dimanche 11 d\u00e9cembre, \u00e0 Jarville \u00e0 10h30<\/strong>, les scouts seront pr\u00e9sents, dimanche prochain \u00e0 la messe, pour nous transmettre la lumi\u00e8re. Si possible, apporter votre propre lumignon dans un petit pot.<\/span><\/p>\n<p><span style=\"color: #000000;\"><strong><span style=\"text-decoration: underline;\">Collecte au fond des \u00e9glises :<\/span><br \/><\/strong>Pour permettre \u00e0 chacune et chacun, en particulier les familles les plus en difficult\u00e9, de se sentir soutenues \u00e0 No\u00ebl, les associations de la \u2018\u2019Soupe des sans abri \u2018\u2019 et celle des \u2018\u2019Amis du Bonsa\u00ef \u2019\u2019de Ludres auraient besoin de produits d\u2019hygi\u00e8ne\u00a0de couches pour b\u00e9b\u00e9s et des produits alimentaires. Merci de d\u00e9poser vos dons dans les paniers au fond des \u00e9glises.<\/span><\/p>\n<p><span style=\"color: #000000;\"><strong><span style=\"text-decoration: underline;\">P\u00e8lerinage \u00e0 Annecy :\u00a0<\/span><br \/><\/strong>\u2018\u2019Sur les pas de Saint Fran\u00e7ois de Sales et de Sainte Jeanne de Chantal, fondateurs de la Visitation\u2019\u2019. Du lundi 17 avril au jeudi 20 avril 2023.<\/span><br \/><span style=\"color: #000000;\">La pr\u00e9paration de notre p\u00e8lerinage avance bien. L\u2019h\u00e9bergement et le bus sont d\u00e9j\u00e0 r\u00e9serv\u00e9s. Visites, paysages de montagne, lacs d\u2019Annecy et du L\u00e9man et bien s\u00fbr des lieux fr\u00e9quent\u00e9s par nos saints\u00a0! Les tracts avec talon d\u2019inscription sont arriv\u00e9s\u00a0! Inscription, si possible pour d\u00e9but janvier 2023. N\u2019h\u00e9sitez pas \u00e0 demander des renseignements aupr\u00e8s de Odile ou de Micheline<\/span><\/p>\n<p><span style=\"color: #000000;\"><strong><span style=\"text-decoration: underline;\">Horaires des messes dominicales des 10 et 11 d\u00e9cembre 2022. :<\/span><br \/><\/strong><strong>Samedi 10 d\u00e9cembre\u00a0: 18h <\/strong>Bainville<strong>, <\/strong>Heillecourt et Laneuveville<\/span><br \/><span style=\"color: #000000;\"><strong>Dimanche 11 d\u00e9cembre : 10h <\/strong>Fl\u00e9ville et Flavigny<strong>\u00a0\u00a0\u00a0\u00a0\u00a0\u00a0\u00a0\u00a0\u00a0\u00a0\u00a0 10h30 <\/strong>Jarville et Neuves-Maisons\u00a0\u00a0<\/span>\u00a0\u00a0\u00a0\u00a0<\/p>\n<p><span style=\"color: #000000;\"><strong><span style=\"text-decoration: underline;\">Autres annonces :<\/span><\/strong> <\/span><br \/><span style=\"color: #000000;\"><strong>\u00a0&#8211; Association Kaleidoscope de Jarville :\u00a0<br \/><\/strong>L\u2019association kaleidoscope de Jarville, recherche des volontaires pour l&rsquo;aide aux devoirs \u00e0 des scolaires du primaire et secondaire (m\u00eame une heure par semaine serait d\u00e9j\u00e0 bienvenue).<\/span><br \/><span style=\"color: #000000;\">Appeler Mme Fabienne Pravaglia au 06 80 10 12 09.<\/span><\/p>\n<p><span style=\"color: #000000;\"><strong>\u00a0&#8211; Concert de No\u00ebl :\u00a0<br \/><\/strong>Vendredi 9 d\u00e9cembre \u00e0 20h, concert \u00e0 l&rsquo;\u00e9glise de Laneuveville par Laneuv\u2019M\u00e9lodie et R\u00e9tro Harmonies<\/span><\/p>\n<p><span style=\"color: #000000;\"><strong>\u00a0&#8211; D\u00e9dicace de livre :\u00a0<br \/><\/strong>Le samedi 17 d\u00e9cembre de 14h \u00e0 17h, \u00e0 la librairie de l\u2019Asn\u00e9e, 11 rue de Laxou, Villers-l\u00e8s-Nancy, le p\u00e8re Marc Haeussler sera disponible pour parler de son livre \u00ab Un enjeu de libert\u00e9 \u00bb<\/span><\/p>\n<p>\u00a0<\/p>\n","protected":false},"excerpt":{"rendered":"<p>Bapt\u00eames :Ce dimanche 4 d\u00e9cembre \u00e0 Ludres, sont baptis\u00e9s Rapha\u00ebl Caillavet et Giulia Cagnacci. Confions-les dans nos pri\u00e8res. March\u00e9 de No\u00ebl : Le samedi 3 d\u00e9cembre \u00e0 Laneuveville de 17h \u00e0 20h et le dimanche 4 d\u00e9cembre \u00e0 Jarville de 10h \u00e0 13h\u00a0: des d\u00e9corations de No\u00ebl confectionn\u00e9es par les \u00ab\u00a0Abeilles du mardi\u00a0\u00bb, des produits&hellip; <br \/> <a class=\"read-more\" href=\"https:\/\/paroisses-nancy-sud.fr\/HOME\/annonces-de-saint-francois-de-sales-et-sainte-jeanne-de-chantal-du-4-decembre\/\">Lire la suite<\/a><\/p>\n","protected":false},"author":5,"featured_media":553,"comment_status":"closed","ping_status":"open","sticky":false,"template":"","format":"standard","meta":[],"categories":[7],"tags":[],"acf":[],"_links":{"self":[{"href":"https:\/\/paroisses-nancy-sud.fr\/HOME\/wp-json\/wp\/v2\/posts\/2632"}],"collection":[{"href":"https:\/\/paroisses-nancy-sud.fr\/HOME\/wp-json\/wp\/v2\/posts"}],"about":[{"href":"https:\/\/paroisses-nancy-sud.fr\/HOME\/wp-json\/wp\/v2\/types\/post"}],"author":[{"embeddable":true,"href":"https:\/\/paroisses-nancy-sud.fr\/HOME\/wp-json\/wp\/v2\/users\/5"}],"replies":[{"embeddable":true,"href":"https:\/\/paroisses-nancy-sud.fr\/HOME\/wp-json\/wp\/v2\/comments?post=2632"}],"version-history":[{"count":3,"href":"https:\/\/paroisses-nancy-sud.fr\/HOME\/wp-json\/wp\/v2\/posts\/2632\/revisions"}],"predecessor-version":[{"id":2635,"href":"https:\/\/paroisses-nancy-sud.fr\/HOME\/wp-json\/wp\/v2\/posts\/2632\/revisions\/2635"}],"wp:featuredmedia":[{"embeddable":true,"href":"https:\/\/paroisses-nancy-sud.fr\/HOME\/wp-json\/wp\/v2\/media\/553"}],"wp:attachment":[{"href":"https:\/\/paroisses-nancy-sud.fr\/HOME\/wp-json\/wp\/v2\/media?parent=2632"}],"wp:term":[{"taxonomy":"category","embeddable":true,"href":"https:\/\/paroisses-nancy-sud.fr\/HOME\/wp-json\/wp\/v2\/categories?post=2632"},{"taxonomy":"post_tag","embeddable":true,"href":"https:\/\/paroisses-nancy-sud.fr\/HOME\/wp-json\/wp\/v2\/tags?post=2632"}],"curies":[{"name":"wp","href":"https:\/\/api.w.org\/{rel}","templated":true}]}}