{"id":2651,"date":"2022-12-12T22:05:50","date_gmt":"2022-12-12T21:05:50","guid":{"rendered":"https:\/\/paroisses-nancy-sud.fr\/HOME\/?p=2651"},"modified":"2022-12-12T22:10:18","modified_gmt":"2022-12-12T21:10:18","slug":"annonces-des-paroisses-st-francois-de-sales-et-ste-jeanne-de-chantal-du-10-decembre","status":"publish","type":"post","link":"https:\/\/paroisses-nancy-sud.fr\/HOME\/annonces-des-paroisses-st-francois-de-sales-et-ste-jeanne-de-chantal-du-10-decembre\/","title":{"rendered":"Annonces des paroisses St Fran\u00e7ois-de-Sales et Ste Jeanne-de-Chantal du 10 d\u00e9cembre"},"content":{"rendered":"\n<ul>\n<li><span style=\"color: #000000;\"><strong>\u00ab\u00a0Op\u00e9ration Orange\u00a0\u00bb\u00a0: <\/strong><strong>Dans nos \u00e9glises ce WE<\/strong> \u00e0 la sortie des messes et le <strong>18 d\u00e9cembre \u00e0 Ludres<\/strong>, \u00abOp\u00e9ration orange\u00bb\u00a0: Des oranges, pour rappeler la distribution d&rsquo;oranges op\u00e9r\u00e9e par s\u0153ur Emmanuelle aux enfants des rues du Soudan du sud, aide nutritionnelle, apport de vitamines C, dans un pays d\u00e9vast\u00e9. Pour soutenir l\u2019\u0153uvre de S\u0153ur Emmanuelle et pour apporter votre aide aux enfants, il vous sera propos\u00e9 <strong>des oranges bio, au prix symbolique de 1\u20ac<\/strong> pour une orange. Le b\u00e9n\u00e9fice des ventes sera revers\u00e9 int\u00e9gralement \u00e0 l&rsquo;association d&rsquo;Op\u00e9ration Orange pour poursuivre des actions dans diff\u00e9rents pays (Liban, Egypte et en particulier le Soudan)<\/span><\/li>\n<li>\u00a0<\/li>\n<li><span style=\"color: #000000;\">Osez le premier pas sur le chemin de la paix \u00bb : Une d\u00e9marche port\u00e9e en France par les\u00a0<a style=\"font-size: revert; font-weight: revert; color: #000000;\" href=\"https:\/\/eeudf.org\/\"><u>Eclaireuses et Eclaireurs Unionistes de France (EEUdF)<\/u><\/a><span style=\"font-size: revert; font-weight: revert;\">\u00a0et les\u00a0<\/span><a style=\"font-size: revert; font-weight: revert; color: #000000;\" href=\"https:\/\/sgdf.fr\/\"><u>Scouts et Guides de France (SGDF)<\/u><\/a><span style=\"font-size: revert; font-weight: revert;\">. La\u00a0Lumi\u00e8re de la Paix de Bethl\u00e9em\u00a0est un \u00e9v\u00e9nement scout chr\u00e9tien qui se d\u00e9roule chaque ann\u00e9e pendant la p\u00e9riode de l\u2019Avent. Allum\u00e9e dans la grotte de la nativit\u00e9 \u00e0 Bethl\u00e9em, la lumi\u00e8re est rapport\u00e9e en Autriche, puis transmise partout en Europe. Elle constitue un\u00a0symbole de paix, que l\u2019on peut diffuser, recevoir ou encore envoyer \u00e0 un proche. Le th\u00e8me de cette ann\u00e9e est <\/span><em style=\"font-size: revert; font-weight: revert;\">\u00ab\u00a0Faire le 1<sup>er<\/sup> pas sur le chemin de la paix\u00a0\u00bb.<\/em><span style=\"font-size: revert; font-weight: revert;\"> \u00a0Ce dimanche 11 d\u00e9cembre, \u00e0 Jarville \u00e0 10h30, les scouts seront pr\u00e9sents \u00e0 la messe, pour nous transmettre la lumi\u00e8re. Si possible, apporter votre propre lumignon dans un petit pot. <\/span><\/span><\/li>\n<li>\u00a0<\/li>\n<li><span style=\"color: #000000;\">Table ouverte du 2<sup style=\"font-weight: revert;\">\u00e8me<\/sup><span style=\"font-size: revert; font-weight: revert;\"> dimanche du mois \u00e0 Jarville :\u00a0<\/span><strong>Ce dimanche \u00e0 partir de midi, \u00e0 Jarville,<\/strong> table ouverte. Chacun apporte de quoi partager, pour se retrouver en toute simplicit\u00e9, ne pas rester seul et partager un moment convivial en toute simplicit\u00e9\u00a0!<\/span><\/li>\n<\/ul>\n<ul>\n<li><span style=\"color: #000000;\"><strong>Parvis de No\u00ebl :\u00a0<\/strong>Comme chaque ann\u00e9e depuis 3 ans maintenant, des moments d\u2019accueil \u2018\u2019Sp\u00e9cial Avent\u2019\u2019<\/span><\/li>\n<li><span style=\"color: #000000;\">sur <strong>le parvis et dans l\u2019\u00e9glise de Jarville <\/strong>de 16h \u00e0 18h\u00a0: <strong>le mardi 13 d\u00e9cembre\u00a0<\/strong>: marrons chauds, musique, cr\u00e8che.<\/span><\/li>\n<li><span style=\"color: #000000;\"><strong>A Richardm\u00e9nil<\/strong> <strong>tous les mardis \u00e0 partir de 17h<\/strong> <strong>chemin de lumi\u00e8re vers la cr\u00e8che<\/strong><\/span><\/li>\n<li><span style=\"color: #000000;\"><strong>A Flavigny, le vendredi 16 d\u00e9cembre\u00a0\u00e0 16h \u00e0 l\u2019\u00e9glise et sur le parvis : chants de No\u00ebl, chemin de lumi\u00e8re vers la cr\u00e8che <\/strong>vin et chocolat chauds, marrons chauds en partenariat avec l\u2019association \u2018\u2019Vivre ensemble\u2019\u2019.<\/span><\/li>\n<li>\u00a0<\/li>\n<li><span style=\"color: #000000;\"><strong>Collecte au fond des \u00e9glises : <\/strong>Pour permettre \u00e0 chacune et chacun, en particulier les familles les plus en difficult\u00e9 de se sentir soutenues \u00e0 No\u00ebl, les associations des \u2019\u2019Amis du Bonsa\u00ef \u2018\u2019de Ludres et celle de la \u2018\u2019Soupe des sans abri \u2018\u2019, auraient besoin de produits alimentaires\u00a0(huile, farine, th\u00e9, caf\u00e9, cacao, conserves de poisson, p\u00e2tes, riz, sauce tomate), de produits d\u2019hygi\u00e8ne (savon, gel douche, shampoing, cr\u00e8me \u00e0 raser, couches pour b\u00e9b\u00e9s) et des surprises ou g\u00e2teries de No\u00ebl\u00a0!!\u00a0 \u00a0<\/span><\/li>\n<\/ul>\n<p><strong>\u00a0<\/strong><\/p>\n<p><span style=\"color: #000000;\"><strong>Pr\u00e9paration de la messe de No\u00ebl :\u00a0<\/strong><strong>Mercredi 14 d\u00e9cembre \u00e0 20h30 \u00e0 Ludres <\/strong>rencontre pour la pr\u00e9paration des messes des familles de No\u00ebl.<\/span><\/p>\n<p><strong>\u00a0<\/strong><span style=\"color: #000000;\"><strong>EAP de Ste Jeanne de Chantal :\u00a0<\/strong><strong>Le jeudi 15 d\u00e9cembre \u00e0 14h15 r\u00e9union de l\u2019EAP \u00e0 Ludres. <\/strong><\/span><\/p>\n<p><span style=\"background-color: #000000; color: #000000;\"><strong>\u00a0<\/strong><span style=\"background-color: #ffffff;\"><strong>Eveil \u00e0 la foi\u00a0: Dimanche 18 d\u00e9cembre, \u00e0 10h \u00e0 Ludres rencontre <\/strong>pour les enfants de l\u2019\u00e9veil \u00e0 la foi \u00e0 la Maison Paroissiale. Contact\u00a0: Sophie Defrance 06 83 29 75 95.\u00a0<\/span><\/span><\/p>\n<p><strong>\u00a0<\/strong><span style=\"background-color: #ffffff;\"><strong>Passerelles\u00a0: <\/strong>Les \u2018\u2019Passerelles\u2019\u2019 sont en cours de distribu<\/span>tion et seront disponibles au fond des \u00e9glises.<\/p>\n<p><strong>\u00a0<\/strong><span style=\"color: #000000;\"><strong>P\u00e8lerinage \u00e0 Annecy\u00a0: <\/strong>\u2018\u2019Sur les pas de Saint Fran\u00e7ois de Sales et de Sainte Jeanne de Chantal, fondateurs de la Visitation\u2019\u2019<strong>. du lundi 17 avril au jeudi 20 avril 2023<\/strong>. Les tracts avec talon d\u2019inscription vont arriver (probl\u00e8me de transporteur\u00a0!!) Inscription, si possible pour d\u00e9but janvier 2023. N\u2019h\u00e9sitez pas \u00e0 demander des renseignements aupr\u00e8s de Odile ou de Micheline<\/span><\/p>\n<ul>\n<li><span style=\"color: #000000;\"><strong>Secours Catholique\u00a0: <\/strong>Durant le mois de d\u00e9cembre, \u00e0 l\u2019issue des messes, vente du g\u00e2teau \u00ab\u00a0le Fraternel\u00a0\u00bb (au prix de 6\u20ac) et vente de bougies (4,5\u20ac les deux). Merci pour votre g\u00e9n\u00e9rosit\u00e9.<\/span><\/li>\n<\/ul>\n<p><strong>\u00a0<\/strong><span style=\"color: #000000;\"><strong>Concerts de No\u00ebl\u00a0: <\/strong><strong>Vendredi 16 d\u00e9cembre \u00e0 20h30<\/strong>, \u00e0 Heillecourt, concert des chorales \u2018\u2019Les Voix-si les voix-la\u2019\u2019 et \u2018\u2019la Manonchante\u2019.- <strong>Dimanche 18 d\u00e9cembre \u00e0 Xeuilley, \u00e0 15 heures<\/strong>, concert de la \u2018\u2019Chorale des sept clochers\u2019\u2019 et de \u2018\u2019Croqu\u2019notes\u2019\u2019.\u00a0<\/span><\/p>\n<p><span style=\"color: #000000;\"><strong>Parcours alpha\u00a0: Le mardi 17 janvier 2023 \u00e0 Jarville de 19h30 \u00e0 22h<\/strong> dans les salles \u00e0 droite de l\u2019\u00e9glise, vous \u00eates invit\u00e9s \u00e0 une rencontre sur le th\u00e8me : \u2018\u2019Le Christianisme faux, ennuyeux, d\u00e9pass\u00e9\u2019\u2019. La rencontre d\u00e9bute par un moment convivial autour d\u2019un repas, suivi d\u2019un bref expos\u00e9 puis d\u2019un temps d\u2019\u00e9change. Ce parcours est ouvert \u00e0 tous. Chacun est accueilli de mani\u00e8re d\u00e9contract\u00e9e pour \u00e9changer en petits groupes, d\u00e9couvrir ou red\u00e9couvrir la foi chr\u00e9tienne. A l\u2019issue de cette soir\u00e9e vous pourrez vous inscrire pour une s\u00e9rie de rencontres hebdomadaires.\u00a0Contact\u00a0: Odile Bonmati 06 23 46 74 17\u00a0<\/span><\/p>\n<p><span style=\"color: #000000;\"><strong>Horaires des messes dominicales des 17 et 18 d\u00e9cembre 2022. :\u00a0<\/strong><strong>Samedi 17 d\u00e9cembre\u00a0: 18h <\/strong>Parey St C\u00e9saire, Heillecourt et Laneuveville &#8211;\u00a0<strong>Dimanche 18 d\u00e9cembre : 10h30 <\/strong>Bainville (au lieu de NM), Jarville &#8211; 11<strong>h<\/strong> Ludres\u00a0<\/span><\/p>\n<p><span style=\"color: #000000;\"><strong>Autres annonces<\/strong><\/span><\/p>\n<ul>\n<li><span style=\"color: #000000;\"><strong>Association Kaleidoscope de Jarville\u00a0: <\/strong>L\u2019association kaleidoscope de Jarville, recherche des volontaires pour l&rsquo;aide aux devoirs \u00e0 des scolaires du primaire et secondaire (m\u00eame une heure par semaine serait d\u00e9j\u00e0 bienvenue). Appeler Mme Fabienne Pravaglia au 06 80 10 12 09.<\/span><\/li>\n<\/ul>\n<p><strong>\u00a0<\/strong><span style=\"color: #000000;\"><strong>D\u00e9dicace de livre\u00a0: <\/strong>Le samedi 17 d\u00e9cembre de 14h \u00e0 17h, \u00e0 la librairie de l\u2019Asn\u00e9e, 11 rue de Laxou, Villers-l\u00e8s-Nancy, le p\u00e8re Marc Haeussler sera disponible pour parler de son livre \u00ab\u00a0Un enjeu de libert\u00e9\u00a0\u00bb<\/span><\/p>\n<table width=\"98%\">\n<tbody>\n<tr>\n<td width=\"100%\">\n<p><span style=\"color: #000000;\"><strong>Conf\u00e9rence d\u00e9bat<\/strong> : <strong>Le 13 d\u00e9cembre 2022 \u00e0 20h30, au domaine de l&rsquo;Asn\u00e9e, <\/strong>par S\u00e9bastien Maillard, directeur de l&rsquo;institut Jacques Delors \u00a0\u00bb identit\u00e9 europ\u00e9enne\u00a0\u00bb<\/span><\/p>\n<p>F<span style=\"color: #000000;\">ormation continue de la foi :\u00a0<strong><em>\u2018\u2019Apr\u00e8s la r\u00e9volution fran\u00e7aise la vie chr\u00e9tienne en Lorraine\u2019\u2019 :\u00a0<\/em><\/strong><strong>Le mardi 13 d\u00e9cembre \u00e0 14h30 ou \u00e0 20h30<\/strong> \u00e0 la maison de l\u2019Asn\u00e9e avec la p\u00e8re Bombardier<\/span><\/p>\n<\/td>\n<\/tr>\n<tr>\n<td width=\"100%\">\n<table style=\"width: 100.482%; height: 630px;\" width=\"718\">\n<tbody>\n<tr>\n<td width=\"718\">\n<p>\u00ad<strong>\u00a0<\/strong><\/p>\n<p>\u00a0<\/p>\n<\/td>\n<\/tr>\n<tr>\n<td width=\"718\">\u00a0<\/td>\n<\/tr>\n<\/tbody>\n<\/table>\n<\/td>\n<\/tr>\n<\/tbody>\n<\/table>\n","protected":false},"excerpt":{"rendered":"<p>\u00ab\u00a0Op\u00e9ration Orange\u00a0\u00bb\u00a0: Dans nos \u00e9glises ce WE \u00e0 la sortie des messes et le 18 d\u00e9cembre \u00e0 Ludres, \u00abOp\u00e9ration orange\u00bb\u00a0: Des oranges, pour rappeler la distribution d&rsquo;oranges op\u00e9r\u00e9e par s\u0153ur Emmanuelle aux enfants des rues du Soudan du sud, aide nutritionnelle, apport de vitamines C, dans un pays d\u00e9vast\u00e9. Pour soutenir l\u2019\u0153uvre de S\u0153ur Emmanuelle&hellip; <br \/> <a class=\"read-more\" href=\"https:\/\/paroisses-nancy-sud.fr\/HOME\/annonces-des-paroisses-st-francois-de-sales-et-ste-jeanne-de-chantal-du-10-decembre\/\">Lire la suite<\/a><\/p>\n","protected":false},"author":6,"featured_media":553,"comment_status":"closed","ping_status":"open","sticky":false,"template":"","format":"standard","meta":[],"categories":[7],"tags":[],"acf":[],"_links":{"self":[{"href":"https:\/\/paroisses-nancy-sud.fr\/HOME\/wp-json\/wp\/v2\/posts\/2651"}],"collection":[{"href":"https:\/\/paroisses-nancy-sud.fr\/HOME\/wp-json\/wp\/v2\/posts"}],"about":[{"href":"https:\/\/paroisses-nancy-sud.fr\/HOME\/wp-json\/wp\/v2\/types\/post"}],"author":[{"embeddable":true,"href":"https:\/\/paroisses-nancy-sud.fr\/HOME\/wp-json\/wp\/v2\/users\/6"}],"replies":[{"embeddable":true,"href":"https:\/\/paroisses-nancy-sud.fr\/HOME\/wp-json\/wp\/v2\/comments?post=2651"}],"version-history":[{"count":3,"href":"https:\/\/paroisses-nancy-sud.fr\/HOME\/wp-json\/wp\/v2\/posts\/2651\/revisions"}],"predecessor-version":[{"id":2654,"href":"https:\/\/paroisses-nancy-sud.fr\/HOME\/wp-json\/wp\/v2\/posts\/2651\/revisions\/2654"}],"wp:featuredmedia":[{"embeddable":true,"href":"https:\/\/paroisses-nancy-sud.fr\/HOME\/wp-json\/wp\/v2\/media\/553"}],"wp:attachment":[{"href":"https:\/\/paroisses-nancy-sud.fr\/HOME\/wp-json\/wp\/v2\/media?parent=2651"}],"wp:term":[{"taxonomy":"category","embeddable":true,"href":"https:\/\/paroisses-nancy-sud.fr\/HOME\/wp-json\/wp\/v2\/categories?post=2651"},{"taxonomy":"post_tag","embeddable":true,"href":"https:\/\/paroisses-nancy-sud.fr\/HOME\/wp-json\/wp\/v2\/tags?post=2651"}],"curies":[{"name":"wp","href":"https:\/\/api.w.org\/{rel}","templated":true}]}}