{"id":2656,"date":"2022-12-16T15:31:25","date_gmt":"2022-12-16T14:31:25","guid":{"rendered":"https:\/\/paroisses-nancy-sud.fr\/HOME\/?p=2656"},"modified":"2022-12-16T15:45:39","modified_gmt":"2022-12-16T14:45:39","slug":"annonces-de-la-visitation-6","status":"publish","type":"post","link":"https:\/\/paroisses-nancy-sud.fr\/HOME\/annonces-de-la-visitation-6\/","title":{"rendered":"Annonces de la Visitation du 17 d\u00e9cembre"},"content":{"rendered":"\n<p><span style=\"color: #000000;\"><strong><u>Dimanches de l\u2019Avent :<br \/><\/u><\/strong>Un panier sera plac\u00e9 au fond de l\u2019\u00e9glise pour recueillir vos dons, produits d\u2019hygi\u00e8ne, de pu\u00e9riculture et produits alimentaires non p\u00e9rissables, destin\u00e9s \u00e0 des familles, via les \u0153uvres caritatives du secteur.<\/span><br \/><span style=\"color: #000000;\">Un grand merci\u00a0!<\/span><\/p>\n<p><span style=\"color: #000000;\"><strong><u>Vendredi 06 janvier<\/u><\/strong>\u00a0\u00e0 18h00 : r\u00e9union EAP<\/span><\/p>\n<p><span style=\"color: #000000;\"><strong><u>Lundi 16 janvier 2023 :<br \/><\/u><\/strong>De 14h \u00e0 16h, rencontre pour la lecture suivie des onze premiers chapitres de la Gen\u00e8se, en deux groupes, dans les salles paroissiales du RDC \u00e0 Neuves-Maisons.<\/span><\/p>\n<p><span style=\"color: #000000;\"><strong><u>P\u00e8lerinage \u00e0 Annecy<\/u><\/strong>\u00a0 :\u00a0<\/span><br \/><span style=\"color: #000000;\">Du lundi 17 avril au jeudi 20 avril 2023. Sur les pas de Saint Fran\u00e7ois de Sales et de Sainte Jeanne de Chantal, fondateurs de la Visitation.<\/span><br \/><span style=\"color: #000000;\">R\u00e9servez d\u00e8s \u00e0 pr\u00e9sent vos dates. Une pr\u00e9inscription avec acompte sera propos\u00e9e \u00e0 partir de d\u00e9but novembre. Voir tracts au fond de l\u2019\u00e9glise.<\/span><\/p>\n<p><span style=\"color: #000000;\"><strong><u>La Passerelle <\/u><\/strong>nouvelle \u00e9dition,\u00a0 est disponible au fond de l\u2019\u00e9glise<\/span><\/p>\n<p><span style=\"color: #000000;\"><strong><u>Pas de permanence \u00e0 la maison paroissiale le samedi 24 d\u00e9cembre, matin<\/u><\/strong><\/span><\/p>\n<p><span style=\"color: #000000;\"><strong>\u00a0<\/strong><span style=\"text-decoration: underline;\"><strong>Messes \u00e0 la Visitation Temps de No\u00ebl :<br \/><\/strong><\/span>Lundi 19 d\u00e9cembre \u00e0 14h00, c\u00e9l\u00e9bration du pardon \u00e0 l\u2019\u00e9glise de Neuves-Maisons.<\/span><br \/><span style=\"color: #000000;\">Samedi 24 d\u00e9cembre \u00e0 18h00, veill\u00e9e de No\u00ebl \u00e0 Maizi\u00e8res et Neuves-Maisons.<\/span><br \/><span style=\"color: #000000;\">Dimanche 25 d\u00e9cembre \u00e0 10h00, messe de No\u00ebl \u00e0 Pulligny.<br \/><strong>Samedi 31 d\u00e9cembre : pas de messe. <br \/>Dimanche 01 janvier \u00e0 Neuves-Maisons : 10h30<\/strong><\/span><\/p>\n<p><span style=\"color: #000000;\"><strong><span style=\"text-decoration: underline; color: #000000;\">Messes en semaine<\/span><em><span style=\"text-decoration: underline; color: #000000;\"> :<\/span><br \/><\/em><\/strong><em>La messe du mardi \u00e0 17h00 est supprim\u00e9e.<br \/><\/em>Jeudi\u00a0: adoration \u00e0 16h00 et messe \u00e0 16h30 \u00e0 la chapelle.<\/span><br \/><span style=\"color: #000000;\">Vendredi\u00a0: messe \u00e0 8h20 chez les s\u0153urs \u00e0 Bainville, 67 rue Jacques Callot<\/span><\/p>\n<p><span style=\"color: #000000;\"><u>Permanences \u00e0 la maison paroissiale :<\/u> <\/span><br \/><span style=\"color: #000000;\">Mardi de 14h \u00e0 16h30 et Samedi de 9h30 \u00e0 11h30<\/span><br \/><span style=\"color: #000000;\">tel : 03 83 47 25 54 \u2013 <em><strong>adresse mail<\/strong><\/em><strong> : <\/strong><a style=\"color: #000000;\" href=\"mailto:visitationmm@orange.fr\">visitationmm@orange.fr<\/a>\u00a0 <\/span><br \/><span style=\"color: #000000;\">Horaires des messes :\u00a0 <a style=\"color: #000000;\" href=\"https:\/\/messes.info\/\">messesinfo<\/a><em> (cliquer sur le lien)<\/em><\/span><\/p>\n<p>\u00a0<\/p>\n","protected":false},"excerpt":{"rendered":"<p>Dimanches de l\u2019Avent :Un panier sera plac\u00e9 au fond de l\u2019\u00e9glise pour recueillir vos dons, produits d\u2019hygi\u00e8ne, de pu\u00e9riculture et produits alimentaires non p\u00e9rissables, destin\u00e9s \u00e0 des familles, via les \u0153uvres caritatives du secteur.Un grand merci\u00a0! Vendredi 06 janvier\u00a0\u00e0 18h00 : r\u00e9union EAP Lundi 16 janvier 2023 :De 14h \u00e0 16h, rencontre pour la lecture&hellip; <br \/> <a class=\"read-more\" href=\"https:\/\/paroisses-nancy-sud.fr\/HOME\/annonces-de-la-visitation-6\/\">Lire la suite<\/a><\/p>\n","protected":false},"author":5,"featured_media":472,"comment_status":"closed","ping_status":"open","sticky":false,"template":"","format":"standard","meta":[],"categories":[10],"tags":[],"acf":[],"_links":{"self":[{"href":"https:\/\/paroisses-nancy-sud.fr\/HOME\/wp-json\/wp\/v2\/posts\/2656"}],"collection":[{"href":"https:\/\/paroisses-nancy-sud.fr\/HOME\/wp-json\/wp\/v2\/posts"}],"about":[{"href":"https:\/\/paroisses-nancy-sud.fr\/HOME\/wp-json\/wp\/v2\/types\/post"}],"author":[{"embeddable":true,"href":"https:\/\/paroisses-nancy-sud.fr\/HOME\/wp-json\/wp\/v2\/users\/5"}],"replies":[{"embeddable":true,"href":"https:\/\/paroisses-nancy-sud.fr\/HOME\/wp-json\/wp\/v2\/comments?post=2656"}],"version-history":[{"count":2,"href":"https:\/\/paroisses-nancy-sud.fr\/HOME\/wp-json\/wp\/v2\/posts\/2656\/revisions"}],"predecessor-version":[{"id":2662,"href":"https:\/\/paroisses-nancy-sud.fr\/HOME\/wp-json\/wp\/v2\/posts\/2656\/revisions\/2662"}],"wp:featuredmedia":[{"embeddable":true,"href":"https:\/\/paroisses-nancy-sud.fr\/HOME\/wp-json\/wp\/v2\/media\/472"}],"wp:attachment":[{"href":"https:\/\/paroisses-nancy-sud.fr\/HOME\/wp-json\/wp\/v2\/media?parent=2656"}],"wp:term":[{"taxonomy":"category","embeddable":true,"href":"https:\/\/paroisses-nancy-sud.fr\/HOME\/wp-json\/wp\/v2\/categories?post=2656"},{"taxonomy":"post_tag","embeddable":true,"href":"https:\/\/paroisses-nancy-sud.fr\/HOME\/wp-json\/wp\/v2\/tags?post=2656"}],"curies":[{"name":"wp","href":"https:\/\/api.w.org\/{rel}","templated":true}]}}