{"id":2714,"date":"2023-01-06T21:34:26","date_gmt":"2023-01-06T20:34:26","guid":{"rendered":"https:\/\/paroisses-nancy-sud.fr\/HOME\/?p=2714"},"modified":"2023-01-06T21:35:45","modified_gmt":"2023-01-06T20:35:45","slug":"annonces-de-la-visitation-du-8-janvier-2023","status":"publish","type":"post","link":"https:\/\/paroisses-nancy-sud.fr\/HOME\/annonces-de-la-visitation-du-8-janvier-2023\/","title":{"rendered":"Annonces de la Visitation du 8 janvier 2023"},"content":{"rendered":"\n<p><span style=\"color: #000000;\"><strong><span style=\"text-decoration: underline;\">Lundi 16 janvier 2023 :<\/span><\/strong><\/span><br \/><span style=\"color: #000000;\">De 14h \u00e0 16h, rencontre pour la lecture suivie des onze premiers chapitres de la Gen\u00e8se, en deux groupes, dans les salles paroissiales du RDC \u00e0 Neuves-Maisons.<\/span><\/p>\n<p><span style=\"color: #000000;\"><span style=\"text-decoration: underline;\"><strong>P\u00e8lerinage \u00e0 Annecy<\/strong><\/span> : <\/span><br \/><span style=\"color: #000000;\">Du lundi 17 avril au jeudi 20 avril 2023 : \u00ab\u00a0Sur les pas de Saint Fran\u00e7ois de Sales et de Sainte Jeanne de Chantal, fondateurs de la Visitation\u00a0\u00bb. Les tracts avec talon d\u2019inscription sont \u00e0 votre disposition au fond de l\u2019\u00e9glise .<\/span><br \/><span style=\"color: #000000;\">Il reste encore des places, l\u2019inscription peut se faire \u00e9galement sur <a style=\"color: #000000;\" href=\"https:\/\/pelerinage2023-annecy.venio.fr\/\">le site<\/a>\u00a0 jusque fin janvier 2023. Celui mentionn\u00e9 sur le bulletin d\u2019inscription ne fonctionne pas.<\/span><\/p>\n<p><span style=\"color: #000000;\"><strong><span style=\"text-decoration: underline;\">Samedi 14 janvier de 14h \u00e0 17h<\/span> : <\/strong>maison dioc\u00e9saine : assembl\u00e9e des mouvements et associations de fid\u00e8les<\/span><\/p>\n<p><span style=\"color: #000000;\"><span style=\"text-decoration: underline;\"><strong>Du mercredi 18 au mercredi 25 janvier<\/strong><\/span> : Semaine de pri\u00e8re pour l\u2019unit\u00e9 des chr\u00e9tiens<\/span><\/p>\n<p><span style=\"color: #000000;\"><strong><span style=\"text-decoration: underline;\">Messes \u00e0 la Visitation<\/span><\/strong> :<\/span><br \/><span style=\"color: #000000;\">Samedi 14 janvier \u00e0 18h00 : Maizi\u00e8res<\/span><br \/><span style=\"color: #000000;\">Dimanche 15 janvier \u00e010h30 \u00e0 Neuves-Maisons<\/span><\/p>\n<p><span style=\"color: #000000;\"><strong><span style=\"text-decoration: underline;\">Messes en semaine<\/span><\/strong> :<\/span><br \/><span style=\"color: #000000;\">Jeudi : adoration \u00e0 16h00 et messe \u00e0 16h30 \u00e0 la chapelle.<\/span><br \/><span style=\"color: #000000;\">Vendredi : messe \u00e0 08h20 chez les s\u0153urs \u00e0 Bainville, 67 rue Jacques Callot<\/span><\/p>\n<p><span style=\"color: #000000;\"><u><strong>Permanences \u00e0 la maison paroissiale<\/strong> :<\/u> <\/span><br \/><span style=\"color: #000000;\">Mardi de 14h \u00e0 16h30 et Samedi de 9h30 \u00e0 11h30<\/span><br \/><span style=\"color: #000000;\">tel : 03 83 47 25 54 \u2013 <em><strong>adresse mail<\/strong><\/em><strong> : <\/strong><a style=\"color: #000000;\" href=\"mailto:visitationmm@orange.fr\">visitationmm@orange.fr<\/a>\u00a0 <\/span><br \/><span style=\"color: #000000;\">Horaires des messes :\u00a0 <a style=\"color: #000000;\" href=\"https:\/\/messes.info\/\">messesinfo<\/a><em> (cliquer sur le lien)<\/em><\/span><\/p>\n","protected":false},"excerpt":{"rendered":"<p>Lundi 16 janvier 2023 :De 14h \u00e0 16h, rencontre pour la lecture suivie des onze premiers chapitres de la Gen\u00e8se, en deux groupes, dans les salles paroissiales du RDC \u00e0 Neuves-Maisons. P\u00e8lerinage \u00e0 Annecy : Du lundi 17 avril au jeudi 20 avril 2023 : \u00ab\u00a0Sur les pas de Saint Fran\u00e7ois de Sales et de&hellip; <br \/> <a class=\"read-more\" href=\"https:\/\/paroisses-nancy-sud.fr\/HOME\/annonces-de-la-visitation-du-8-janvier-2023\/\">Lire la suite<\/a><\/p>\n","protected":false},"author":5,"featured_media":471,"comment_status":"closed","ping_status":"open","sticky":false,"template":"","format":"standard","meta":[],"categories":[10],"tags":[],"acf":[],"_links":{"self":[{"href":"https:\/\/paroisses-nancy-sud.fr\/HOME\/wp-json\/wp\/v2\/posts\/2714"}],"collection":[{"href":"https:\/\/paroisses-nancy-sud.fr\/HOME\/wp-json\/wp\/v2\/posts"}],"about":[{"href":"https:\/\/paroisses-nancy-sud.fr\/HOME\/wp-json\/wp\/v2\/types\/post"}],"author":[{"embeddable":true,"href":"https:\/\/paroisses-nancy-sud.fr\/HOME\/wp-json\/wp\/v2\/users\/5"}],"replies":[{"embeddable":true,"href":"https:\/\/paroisses-nancy-sud.fr\/HOME\/wp-json\/wp\/v2\/comments?post=2714"}],"version-history":[{"count":2,"href":"https:\/\/paroisses-nancy-sud.fr\/HOME\/wp-json\/wp\/v2\/posts\/2714\/revisions"}],"predecessor-version":[{"id":2716,"href":"https:\/\/paroisses-nancy-sud.fr\/HOME\/wp-json\/wp\/v2\/posts\/2714\/revisions\/2716"}],"wp:featuredmedia":[{"embeddable":true,"href":"https:\/\/paroisses-nancy-sud.fr\/HOME\/wp-json\/wp\/v2\/media\/471"}],"wp:attachment":[{"href":"https:\/\/paroisses-nancy-sud.fr\/HOME\/wp-json\/wp\/v2\/media?parent=2714"}],"wp:term":[{"taxonomy":"category","embeddable":true,"href":"https:\/\/paroisses-nancy-sud.fr\/HOME\/wp-json\/wp\/v2\/categories?post=2714"},{"taxonomy":"post_tag","embeddable":true,"href":"https:\/\/paroisses-nancy-sud.fr\/HOME\/wp-json\/wp\/v2\/tags?post=2714"}],"curies":[{"name":"wp","href":"https:\/\/api.w.org\/{rel}","templated":true}]}}