{"id":2724,"date":"2023-01-13T14:23:18","date_gmt":"2023-01-13T13:23:18","guid":{"rendered":"https:\/\/paroisses-nancy-sud.fr\/HOME\/?p=2724"},"modified":"2023-01-13T14:23:18","modified_gmt":"2023-01-13T13:23:18","slug":"annonces-de-la-visitation-du-15-janvier","status":"publish","type":"post","link":"https:\/\/paroisses-nancy-sud.fr\/HOME\/annonces-de-la-visitation-du-15-janvier\/","title":{"rendered":"Annonces de la Visitation du 15 janvier"},"content":{"rendered":"\n<p><span style=\"color: #000000;\"><strong><span style=\"text-decoration: underline;\">Lundi 16 janvier 2023 :<\/span><br \/><\/strong>De 14h \u00e0 16h, rencontre pour la lecture suivie des onze premiers chapitres de la Gen\u00e8se, en deux groupes, dans les salles paroissiales du RDC \u00e0 Neuves-Maisons.<\/span><\/p>\n<p><span style=\"color: #000000;\"><strong>\u00a0<\/strong><strong><span style=\"text-decoration: underline;\">P\u00e8lerinage \u00e0 Annecy<\/span>\u00a0:\u00a0<\/strong>du lundi 17 avril au jeudi 20 avril 2023<strong><u><br \/><\/u><\/strong>Sur les pas de Saint Fran\u00e7ois de Sales et de Sainte Jeanne de Chantal, fondateurs de la Visitation. Les tracts avec talon d\u2019inscription sont \u00e0 votre disposition au fond de l\u2019\u00e9glise .<\/span><br \/><span style=\"color: #000000;\">Il reste encore des places, l\u2019inscription peut se faire \u00e9galement sur <a style=\"color: #000000;\" href=\"https:\/\/pelerinage2023-annecy.venio.fr\/\">https:\/\/pelerinage2023-annecy.venio.fr<\/a>\u00a0jusque fin janvier 2023.<\/span><br \/><span style=\"color: #000000;\">\u00a0<em>Le lien mentionn\u00e9 sur le bulletin d\u2019inscription ne fonctionne pas.<\/em><\/span><\/p>\n<p><span style=\"color: #000000;\"><strong><span style=\"text-decoration: underline;\">Du mercredi 18 au mercredi 25 janvier\u00a0<\/span>:<\/strong> Semaine de pri\u00e8re pour l\u2019unit\u00e9 des chr\u00e9tiens<\/span><\/p>\n<p><span style=\"color: #000000;\"><strong><span style=\"text-decoration: underline;\">Le 19 janvier 2023 \u00e0 20h30, au domaine de l\u2019Asn\u00e9e<\/span> :\u00a0<\/strong>Conf\u00e9rence de\u00a0Jean-Fran\u00e7ois Colosimo, philosophe, historien et th\u00e9ologien, organis\u00e9e par l\u2019<a style=\"color: #000000;\" href=\"https:\/\/www.espace-ada.fr\/\">Espace ADA<\/a>\u00a0sur le th\u00e8me :\u00a0\u00ab\u00a0La Crucifixion de l\u2019Ukraine, mille ans de guerre de religion en Europe\u00a0\u00bb.<\/span><\/p>\n<p><span style=\"color: #000000;\"><span style=\"text-decoration: underline;\"><strong>Dimanche 22 janvier<\/strong><\/span>, f\u00eate de Saint-Vincent, patron de Neuves-Maisons :\u00c0 l\u2019issue de la messe, un repas dansant, interg\u00e9n\u00e9rationnel, organis\u00e9 par\u00a0l\u2019Union Saint Vincent se tiendra dans la bonne humeur au Centre Jean L\u2019H\u00f4te.<\/span><br \/><span style=\"color: #000000;\">* <em>inscriptions termin\u00e9es.<\/em><\/span><\/p>\n<p><span style=\"color: #000000;\"><strong><span style=\"text-decoration: underline;\">\u00a0Messes \u00e0 La Visitation<\/span> :<\/strong><strong><br \/><\/strong>Samedi 21 janvier \u00e0 18h00\u00a0: M\u00e9r\u00e9ville<\/span><br \/><span style=\"color: #000000;\">Dimanche 22 janvier \u00e010h00 : Frolois\u00a0 \u00a0 \u00a0 \u00a0 \u00a0 \u00a0 \u00a0 \u00a0\u00e0 10h30\u00a0: Neuves-Maisons, f\u00eate de Saint-Vincent<\/span><\/p>\n<p><span style=\"color: #000000;\"><strong><span style=\"text-decoration: underline;\">Messes en semaine<\/span><em> :<br \/><\/em><\/strong>Jeudi\u00a0: adoration \u00e0 16h00 et messe \u00e0 16h30 \u00e0 la chapelle.<\/span><br \/><span style=\"color: #000000;\">Vendredi\u00a0: messe \u00e0 08h20 chez les s\u0153urs \u00e0 Bainville, 67 rue Jacques Callot<\/span><\/p>\n<p><span style=\"color: #000000;\"><u>Permanences \u00e0 la maison paroissiale :<\/u> <\/span><br \/><span style=\"color: #000000;\">Mardi de 14h \u00e0 16h30 et Samedi de 9h30 \u00e0 11h30<\/span><br \/><span style=\"color: #000000;\">tel : 03 83 47 25 54 \u2013 <em><strong>adresse mail<\/strong><\/em><strong> : <\/strong><a style=\"color: #000000;\" href=\"mailto:visitationmm@orange.fr\">visitationmm@orange.fr<\/a>\u00a0 <\/span><br \/><span style=\"color: #000000;\">Horaires des messes :\u00a0 <a style=\"color: #000000;\" href=\"https:\/\/messes.info\/\">messesinfo<\/a><em> (cliquer sur le lien)<\/em><\/span><\/p>\n","protected":false},"excerpt":{"rendered":"<p>Lundi 16 janvier 2023 :De 14h \u00e0 16h, rencontre pour la lecture suivie des onze premiers chapitres de la Gen\u00e8se, en deux groupes, dans les salles paroissiales du RDC \u00e0 Neuves-Maisons. \u00a0P\u00e8lerinage \u00e0 Annecy\u00a0:\u00a0du lundi 17 avril au jeudi 20 avril 2023Sur les pas de Saint Fran\u00e7ois de Sales et de Sainte Jeanne de Chantal,&hellip; <br \/> <a class=\"read-more\" href=\"https:\/\/paroisses-nancy-sud.fr\/HOME\/annonces-de-la-visitation-du-15-janvier\/\">Lire la suite<\/a><\/p>\n","protected":false},"author":5,"featured_media":471,"comment_status":"closed","ping_status":"open","sticky":false,"template":"","format":"standard","meta":[],"categories":[10],"tags":[],"acf":[],"_links":{"self":[{"href":"https:\/\/paroisses-nancy-sud.fr\/HOME\/wp-json\/wp\/v2\/posts\/2724"}],"collection":[{"href":"https:\/\/paroisses-nancy-sud.fr\/HOME\/wp-json\/wp\/v2\/posts"}],"about":[{"href":"https:\/\/paroisses-nancy-sud.fr\/HOME\/wp-json\/wp\/v2\/types\/post"}],"author":[{"embeddable":true,"href":"https:\/\/paroisses-nancy-sud.fr\/HOME\/wp-json\/wp\/v2\/users\/5"}],"replies":[{"embeddable":true,"href":"https:\/\/paroisses-nancy-sud.fr\/HOME\/wp-json\/wp\/v2\/comments?post=2724"}],"version-history":[{"count":1,"href":"https:\/\/paroisses-nancy-sud.fr\/HOME\/wp-json\/wp\/v2\/posts\/2724\/revisions"}],"predecessor-version":[{"id":2725,"href":"https:\/\/paroisses-nancy-sud.fr\/HOME\/wp-json\/wp\/v2\/posts\/2724\/revisions\/2725"}],"wp:featuredmedia":[{"embeddable":true,"href":"https:\/\/paroisses-nancy-sud.fr\/HOME\/wp-json\/wp\/v2\/media\/471"}],"wp:attachment":[{"href":"https:\/\/paroisses-nancy-sud.fr\/HOME\/wp-json\/wp\/v2\/media?parent=2724"}],"wp:term":[{"taxonomy":"category","embeddable":true,"href":"https:\/\/paroisses-nancy-sud.fr\/HOME\/wp-json\/wp\/v2\/categories?post=2724"},{"taxonomy":"post_tag","embeddable":true,"href":"https:\/\/paroisses-nancy-sud.fr\/HOME\/wp-json\/wp\/v2\/tags?post=2724"}],"curies":[{"name":"wp","href":"https:\/\/api.w.org\/{rel}","templated":true}]}}