{"id":2741,"date":"2023-01-20T18:12:02","date_gmt":"2023-01-20T17:12:02","guid":{"rendered":"https:\/\/paroisses-nancy-sud.fr\/HOME\/?p=2741"},"modified":"2023-01-20T18:12:02","modified_gmt":"2023-01-20T17:12:02","slug":"annonces-de-saint-francois-de-sales-et-sainte-jeanne-de-chantal-du-22-janvier","status":"publish","type":"post","link":"https:\/\/paroisses-nancy-sud.fr\/HOME\/annonces-de-saint-francois-de-sales-et-sainte-jeanne-de-chantal-du-22-janvier\/","title":{"rendered":"Annonces de Saint-Fran\u00e7ois-de-Sales et Sainte-Jeanne-de-Chantal du 22 janvier"},"content":{"rendered":"\n<p><span style=\"text-decoration: underline; color: #000000;\"><strong>Parcours alpha :<\/strong><\/span><br \/><span style=\"color: #000000;\"><strong>Le mardi 24 janvier 2023 \u00e0 Jarville <\/strong>de 19h30 \u00e0 22h dans les salles \u00e0 droite de l\u2019\u00e9glise, <strong>vous \u00eates invit\u00e9s \u00e0 une rencontre <\/strong>sur le th\u00e8me<strong>\u00a0: <em>\u2018\u2019Qui est J\u00e9sus\u2019\u2019.<\/em> <\/strong>La rencontre d\u00e9bute par un moment convivial autour d\u2019un repas pr\u00e9par\u00e9 pour vous, suivi d\u2019un bref expos\u00e9 puis d\u2019un temps d\u2019\u00e9change.<\/span><br \/><span style=\"color: #000000;\">Ce parcours est ouvert \u00e0 tous, un espace o\u00f9 on peut partager ce que l\u2019on pense sans jugement.<\/span><br \/><span style=\"color: #000000;\">A l\u2019issue de cette soir\u00e9e vous pourrez vous inscrire pour une s\u00e9rie de rencontres hebdomadaires. Odile Bonmati 06 23 46 74 17\u00a0<\/span><\/p>\n<p><span style=\"color: #000000;\"><strong><span style=\"text-decoration: underline;\">Repas paroissial annuel :<\/span><br \/><\/strong><strong>Ce dimanche 22 janvier \u00e0 la MTL d\u2019Heillecourt<\/strong> <strong>\u00e0 partir de midi<\/strong> nos paroisses se retrouvent pour un moment de f\u00eate autour d\u2019un repas\u00a0! Scouts et b\u00e9n\u00e9voles seront au service\u00a0!<\/span><br \/><span style=\"color: #000000;\"><strong>Nous f\u00eaterons en particulier les 20 ans de nos paroisses et \u00e9voquerons nos saints, nos clochers, notre histoire\u2026<br \/><\/strong><strong>Chacun de vous pourrait chercher ses photos ou documents et les pr\u00e9senter sur papier ou les organiser pour les projeter\u2026<\/strong>Toute autre \u00e9vocation sera la bienvenue\u00a0!<\/span><br \/><span style=\"color: #000000;\">D\u2019avance merci de l\u2019ambiance que chacun de nous permettra de cr\u00e9er.<\/span><\/p>\n<p><span style=\"color: #000000;\"><span style=\"text-decoration: underline;\"><strong>P\u00e8lerinage \u00e0 Annecy :<br \/><\/strong><\/span>Du lundi 17 avril au jeudi 20 avril 2023\u00a0: <em>\u2018<\/em><em>\u2019Sur les pas de Saint Fran\u00e7ois de Sales et de Sainte Jeanne de Chantal<\/em><em>, fondateurs de <\/em><em>la Visitation\u2019\u2019, <\/em>pour notre secteur Nancy-sud.<\/span><br \/><span style=\"color: #000000;\">\u00a0Aller \u00e0 la source et d\u00e9couvrir la vie et l\u2019\u0153uvre de Saint Fran\u00e7ois de Sales et Sainte Jeanne de Chantal, visiter ces sites de lacs et de montagnes.<\/span><br \/><span style=\"color: #000000;\">Les inscriptions ont bien d\u00e9marr\u00e9 mais il reste des places disponibles\u00a0!! N\u2019h\u00e9sitez pas \u00e0 rejoindre le groupe. Les tracts sont disponibles\u00a0au fond des \u00e9glises ou inscriptions possibles sur le site\u00a0: <span style=\"text-decoration: underline;\"><a style=\"color: #000000; text-decoration: underline;\" href=\"https:\/\/pelerinage2023-annecy.venio.fr\">https:\/\/pelerinage2023-annecy.venio.fr<\/a><\/span>.<\/span><br \/><span style=\"color: #000000;\">Pour tout renseignement contacter Odile 06 23 46 74 17 ou Micheline 06 83 46 77 11<\/span><\/p>\n<p><span style=\"color: #000000;\"><strong><span style=\"text-decoration: underline;\">Vente de g\u00e2teaux par des jeunes scouts de la paroisse<\/span> :<br \/><\/strong><strong>Les dimanches 22 janvier et 19 f\u00e9vrier, \u00e0 Jarville, <\/strong>l\u2019\u00e9quipe de Gabriel vous proposera des g\u00e2teaux de leur fabrication \u00e0 la sortie des messes, pour financer leurs projets<\/span><\/p>\n<p><span style=\"color: #000000;\"><strong><span style=\"text-decoration: underline;\">24 janvier F\u00eate Saint Fran\u00e7ois de Sales<\/span> :<br \/><\/strong><strong>Lundi 23 janvier \u00e0 20h30 sur KTO <\/strong>\u00e9mission \u2018\u20191622 A force d\u2019aimer<strong> \u2018\u2019documentaire biographique sur St Fran\u00e7ois de Sales \u00e0 l\u2019occasion des 400 ans de sa mort (28 d\u00e9cembre 1622)<\/strong><\/span><\/p>\n<p><span style=\"color: #000000;\"><span style=\"text-decoration: underline;\"><strong>\u2018\u2019Chanter c\u2019est prier<\/strong> \u2013 <\/span><strong><span style=\"text-decoration: underline;\">on adore chanter\u2019\u2019:<\/span><br \/><\/strong><strong>Mercredi 25 janvier \u00e0 Flavigny \u00e0 17h45<\/strong>\u00a0: une heure pour se retrouver pour chanter et prier ensemble \u00e0 l\u2019\u00e9glise.<\/span><\/p>\n<p><span style=\"color: #000000;\"><span style=\"text-decoration: underline;\"><strong>Appel pour les c\u00e9l\u00e9brations d\u2019obs\u00e8ques. :<br \/><\/strong><\/span>Nous avons un grand besoin de personnes acceptant d\u2019apprendre \u00e0 c\u00e9l\u00e9brer les obs\u00e8ques. La formation est assur\u00e9e par le dioc\u00e8se. C\u2019est un beau service d\u2019\u00e9coute, de consolation et de c\u00e9l\u00e9bration, \u00e0 l\u2019heure o\u00f9 la fin de vie nous interpelle tous.<\/span><br \/><span style=\"color: #000000;\">Merci de contacter Marc Haeussler au 06 43 10 46 44<\/span><\/p>\n<p><span style=\"color: #000000;\"><strong><span style=\"text-decoration: underline;\">Appel \u00e0 volontaires pour le chant \u00e0 Ludres<\/span>.<br \/><\/strong><span style=\"font-size: revert;\">Les personnes qui aiment chanter et veulent aider la communaut\u00e9 de l\u2019\u00e9glise de Ludres \u00e0 chanter sont invit\u00e9es \u00e0 <\/span><strong style=\"font-size: revert;\">se retrouver \u00e0 10h40 \u00e0 l\u2019\u00e9glise avant la messe du dimanche<\/strong><span style=\"font-size: revert;\"> pour r\u00e9p\u00e9ter les chants avec l\u2019\u00e9quipe orgue-chants.<\/span><\/span><\/p>\n<p><span style=\"color: #000000;\"><span style=\"text-decoration: underline;\"><strong>Horaires des messes des 28 janvier et 29 janvier 2023.<br \/><\/strong><\/span><strong>Samedi 28 janvier : 18h <\/strong>Heillecourt, Laneuveville, Pierreville<\/span><br \/><span style=\"color: #000000;\"><strong>Dimanche 29 janvier : 10h30 <\/strong>Jarville, Neuves-Maisons \u00a0\u00a0\u00a0\u00a0\u00a0\u00a0\u00a0\u00a0\u00a0\u00a0\u00a0\u00a0\u00a0\u00a0\u00a0\u00a0\u00a0\u00a0\u00a0\u00a0\u00a0\u00a0\u00a0\u00a0\u00a0\u00a0\u00a0\u00a0\u00a0\u00a0\u00a0\u00a0\u00a0\u00a0\u00a0\u00a0\u00a0\u00a0\u00a0<strong>11h <\/strong>Ludres<\/span><\/p>\n<p><span style=\"color: #000000;\"><span style=\"text-decoration: underline;\"><em><strong>Autres annonces<br \/><\/strong><\/em><\/span>Semaine de pri\u00e8re pour l\u2019unit\u00e9 des chr\u00e9tiens du 18 janvier au 25 janvier 2023 : <strong><em>\u2018\u2019Apprenez \u00e0 faire le bien, recherchez la justice.\u00a0(\u00c9sa\u00efe 1,17)\u2019\u2019<br \/><\/em><\/strong>Le groupe \u0153cum\u00e9nique du secteur du Pays Mussipontain organise une<strong>\u00a0c\u00e9l\u00e9bration \u0153cum\u00e9nique le lundi 23 janvier 2023 \u00e0 20 heures en <\/strong><strong>l\u2019<\/strong><a style=\"color: #000000;\" href=\"https:\/\/www.catholique-nancy.fr\/sites\/paroisse-saint-pierre-fourier-en-pays-mussipontain\/\"><strong>\u00e9glise de Bl\u00e9nod-les-Pont-\u00e0-Mousson<\/strong><\/a><strong>. <\/strong>La c\u00e9l\u00e9bration sera pr\u00e9sid\u00e9e par\u00a0<strong>la pasteure Christine URBAN de Nancy <\/strong><strong>assist\u00e9e de\u00a0l\u2019abb\u00e9 Bernard BOUTRON, de l\u2019abb\u00e9 Jean-Paul KLEIN de Pont \u00e0 Mousson et de Catherine FUGER (animatrice de culte).<\/strong><\/span><\/p>\n<p><span style=\"color: #000000;\"><span style=\"text-decoration: underline;\"><strong>\u00a0<\/strong><strong>Forum \u2018\u2019Wahou\u2019\u2019 avec la Pastorale des familles et la Pastorale des jeunes :<br \/><\/strong><\/span><strong>\u2018<em>\u2019 Nous sommes faits pour Aimer \u2018<\/em>\u2019<br \/><\/strong><strong>Le WE 28 et 29 janvier 2023 \u00e0 l\u2019\u00e9glise Ste Anne \u00e0 Nancy,\u00a0: \u2018\u2019L<em>\u2019amour humain dans le plan divin<\/em>\u2018\u2019 <\/strong>Pour tous\u00a0: c\u00e9libataires, couples, fianc\u00e9s, pr\u00eatres, consacr\u00e9s, responsables d&rsquo;aum\u00f4nerie, de scouts, parents, enseignants, formateurs au mariage, jeunes et moins jeunes&#8230;<em>En vue de quoi je suis un homme, une femme\u00a0? quelle est ma raison d\u2019\u00eatre\u00a0? signification du corps\u00a0?<\/em> Enseignement, t\u00e9moignages, ateliers, temps de pri\u00e8re et d\u2019\u00e9changes. Contact\u00a0? horaires\u00a0? <strong>Samedi 9h15 \u00e0 21h et dimanche de 9h \u00e0 17h30, \u00e0 l\u2019\u00e9glise Ste Anne de Beauregard \u00e0 Nancy. <\/strong>Inscriptions sur le site du dioc\u00e8se et <em>forumwahou54@gmail.com<\/em><\/span><\/p>\n<p><span style=\"color: #000000;\"><span style=\"text-decoration: underline;\"><strong>Alliance Vita <\/strong><\/span><strong><span style=\"text-decoration: underline;\">\u00ab\u00a0VIVRE EN REALITE\u00a0? \u00bb.<\/span><br \/><\/strong>Encore 2 rencontres<strong> de l\u2019Universit\u00e9 de la vie, cycle de formation bio\u00e9thique, les lundis 23 et 30 janvier 2023 \u00e0 Nancy, <\/strong>salle Saint Paul sous la Basilique Notre Dame de Lourdes (149, av du Gl Leclerc). <strong>-Une soci\u00e9t\u00e9 \u00e0 construire \u2013 Un futur \u00e0 tisser &#8211;<\/strong> Inscription\u00a0sur Internet :\u00a0<a style=\"color: #000000;\" href=\"http:\/\/www.universitedelavie.fr\">www.universitedelavie.fr<\/a><em>\u00a0<\/em><\/span><\/p>\n<p><span style=\"color: #000000;\"><span style=\"text-decoration: underline;\"><strong>\u00a0<\/strong><\/span><strong><span style=\"text-decoration: underline;\">70<sup>\u00e8mes<\/sup> Journ\u00e9es mondiales des malades de la l\u00e8pre 27,28 ,29 janvier. :<\/span><br \/><\/strong>Cette 70<sup>e<\/sup> \u00e9dition de la Journ\u00e9e mondiale des malades de la l\u00e8pre est l\u2019occasion pour la Fondation Raoul Follereau de sensibiliser \u00e0 nouveau le grand public sur la r\u00e9alit\u00e9 <strong>d\u2019une maladie qui reste fondamentalement m\u00e9connue<\/strong>. Partout en France, des milliers de b\u00e9n\u00e9voles se mobilisent pour collecter des fonds afin de soutenir la recherche et les actions conduites en mati\u00e8re de d\u00e9pistage, traitement, pr\u00e9vention et r\u00e9adaptation physique et sociale des personnes handicap\u00e9es par la maladie.<\/span><br \/><span style=\"color: #000000;\">Maladie mill\u00e9naire victime de fausses croyances, la l\u00e8pre continue de frapper \u00e0 l\u2019\u00e9chelle plan\u00e9taire avec plus de 200 000 nouveaux cas d\u00e9pist\u00e9s chaque ann\u00e9e.<\/span><br \/><span style=\"color: #000000;\">Malgr\u00e9 l\u2019existence d\u2019un traitement efficace, la l\u00e8pre est class\u00e9e par l&rsquo;OMS comme l&rsquo;une des 20 maladies tropicales n\u00e9glig\u00e9es. Autrefois largement r\u00e9pandues, ces maladies se concentrent d\u00e9sormais dans les lieux d\u2019extr\u00eame pauvret\u00e9 (zones rurales recul\u00e9es, bidonvilles urbains ou zones de conflit) qui n\u2019ont pas de moyen de se faire entendre et o\u00f9 les syst\u00e8mes de sant\u00e9 sont tr\u00e8s fragiles voire totalement inexistants.<\/span><br \/><br \/><\/p>\n\n\n","protected":false},"excerpt":{"rendered":"<p>Parcours alpha :Le mardi 24 janvier 2023 \u00e0 Jarville de 19h30 \u00e0 22h dans les salles \u00e0 droite de l\u2019\u00e9glise, vous \u00eates invit\u00e9s \u00e0 une rencontre sur le th\u00e8me\u00a0: \u2018\u2019Qui est J\u00e9sus\u2019\u2019. La rencontre d\u00e9bute par un moment convivial autour d\u2019un repas pr\u00e9par\u00e9 pour vous, suivi d\u2019un bref expos\u00e9 puis d\u2019un temps d\u2019\u00e9change.Ce parcours est&hellip; <br \/> <a class=\"read-more\" href=\"https:\/\/paroisses-nancy-sud.fr\/HOME\/annonces-de-saint-francois-de-sales-et-sainte-jeanne-de-chantal-du-22-janvier\/\">Lire la suite<\/a><\/p>\n","protected":false},"author":5,"featured_media":554,"comment_status":"closed","ping_status":"open","sticky":false,"template":"","format":"standard","meta":[],"categories":[7],"tags":[],"acf":[],"_links":{"self":[{"href":"https:\/\/paroisses-nancy-sud.fr\/HOME\/wp-json\/wp\/v2\/posts\/2741"}],"collection":[{"href":"https:\/\/paroisses-nancy-sud.fr\/HOME\/wp-json\/wp\/v2\/posts"}],"about":[{"href":"https:\/\/paroisses-nancy-sud.fr\/HOME\/wp-json\/wp\/v2\/types\/post"}],"author":[{"embeddable":true,"href":"https:\/\/paroisses-nancy-sud.fr\/HOME\/wp-json\/wp\/v2\/users\/5"}],"replies":[{"embeddable":true,"href":"https:\/\/paroisses-nancy-sud.fr\/HOME\/wp-json\/wp\/v2\/comments?post=2741"}],"version-history":[{"count":1,"href":"https:\/\/paroisses-nancy-sud.fr\/HOME\/wp-json\/wp\/v2\/posts\/2741\/revisions"}],"predecessor-version":[{"id":2742,"href":"https:\/\/paroisses-nancy-sud.fr\/HOME\/wp-json\/wp\/v2\/posts\/2741\/revisions\/2742"}],"wp:featuredmedia":[{"embeddable":true,"href":"https:\/\/paroisses-nancy-sud.fr\/HOME\/wp-json\/wp\/v2\/media\/554"}],"wp:attachment":[{"href":"https:\/\/paroisses-nancy-sud.fr\/HOME\/wp-json\/wp\/v2\/media?parent=2741"}],"wp:term":[{"taxonomy":"category","embeddable":true,"href":"https:\/\/paroisses-nancy-sud.fr\/HOME\/wp-json\/wp\/v2\/categories?post=2741"},{"taxonomy":"post_tag","embeddable":true,"href":"https:\/\/paroisses-nancy-sud.fr\/HOME\/wp-json\/wp\/v2\/tags?post=2741"}],"curies":[{"name":"wp","href":"https:\/\/api.w.org\/{rel}","templated":true}]}}