{"id":2774,"date":"2023-01-27T17:32:28","date_gmt":"2023-01-27T16:32:28","guid":{"rendered":"https:\/\/paroisses-nancy-sud.fr\/HOME\/?p=2774"},"modified":"2023-01-27T17:33:00","modified_gmt":"2023-01-27T16:33:00","slug":"annonces-de-la-visitation-du-29-janvier","status":"publish","type":"post","link":"https:\/\/paroisses-nancy-sud.fr\/HOME\/annonces-de-la-visitation-du-29-janvier\/","title":{"rendered":"Annonces de la Visitation du 29 janvier"},"content":{"rendered":"\n<p><span style=\"color: #000000;\"><strong><span style=\"text-decoration: underline;\">P\u00e8lerinage \u00e0 Annecy\u00a0:<\/span>\u00a0<br \/><\/strong>Du lundi 17 avril au jeudi 20 avril 2023<strong><u><br \/><\/u><\/strong>Sur les pas de Saint Fran\u00e7ois de Sales et de Sainte Jeanne de Chantal, fondateurs de la Visitation. Les tracts avec talon d\u2019inscription sont \u00e0 votre disposition au fond de l\u2019\u00e9glise.<\/span><br \/><span style=\"color: #000000;\">Il reste encore des places, l\u2019inscription peut se faire \u00e9galement sur <a style=\"color: #000000;\" href=\"https:\/\/pelerinage2023-annecy.venio.fr\/\">https:\/\/pelerinage2023-annecy.venio.fr<\/a>\u00a0jusque fin janvier 2023.<\/span><br \/><span style=\"color: #000000;\">\u00a0<em>Le lien mentionn\u00e9 sur le bulletin d\u2019inscription ne fonctionne pas.<\/em><\/span><\/p>\n<p><span style=\"color: #000000;\"><strong><span style=\"text-decoration: underline;\">Centre Parisot de Bainville<\/span>\u00a0: <br \/><\/strong>Messe \u00e0 16h30 le 1<sup>er<\/sup> vendredi du mois, vendredi 3 f\u00e9vrier<\/span><\/p>\n<p><span style=\"color: #000000;\"><span style=\"text-decoration: underline;\"><strong>\u00a0<\/strong><\/span><strong><span style=\"text-decoration: underline;\">\u00c9quipes du Rosaire<\/span>\u00a0<\/strong>:<\/span><br \/><span style=\"color: #000000;\">Comme chaque d\u00e9but de mois, les \u00e9quipes du secteur se r\u00e9unissent. Pour f\u00e9vrier, ce sera le lundi 06 \u00e0 14h30 et elles invitent toutes personnes int\u00e9ress\u00e9es \u00e0 les rejoindre.<\/span><\/p>\n<p><span style=\"color: #000000;\"><span style=\"text-decoration: underline;\"><strong>\u00a0<\/strong><strong>Qu\u00eate charges paroissiales<\/strong><\/span>\u00a0: <\/span><br \/><span style=\"color: #000000;\">Comme tous les premiers dimanches du mois, une qu\u00eate en fin de messe, dimanche 05 f\u00e9vrier, sera assur\u00e9e pour une participation aux charges paroissiales. Elle est valable pour toute la paroisse de la Visitation.<br \/>Merci pour votre don\u00a0!<\/span><\/p>\n<p><span style=\"color: #000000;\"><strong><span style=\"text-decoration: underline;\">Du 30 janvier au 31 janvier 2023<\/span> :<br \/><\/strong>Session des la\u00efcs en mission eccl\u00e9siale et coordinateurs paroissiaux<\/span><br \/><span style=\"color: #000000;\">Maison dioc\u00e9saine &#8211; Domaine de l&rsquo;Asn\u00e9e &#8211; Villers-l\u00e8s-Nancy<\/span><\/p>\n<p><span style=\"color: #000000;\"><strong><span style=\"text-decoration: underline;\">Du\u00a027 janvier\u00a0au\u00a029 janvier 2023.<\/span> <br \/><\/strong>Journ\u00e9es mondiales des malades de la l\u00e8pre, qu\u00eate \u00e0 la fin de la messe, merci.<\/span><\/p>\n<p><span style=\"color: #000000;\"><strong><span style=\"text-decoration: underline;\">Messes \u00e0 la Visitation<\/span> :<br \/><\/strong>Samedi 04 f\u00e9vrier \u00e0 18h00\u00a0: Chavigny<\/span><br \/><span style=\"color: #000000;\">Dimanche 05 f\u00e9vrier \u00e0 10h00 \u00e0 Xeuilley et 10h30\u00a0: Neuves-Maisons<\/span><\/p>\n<p><span style=\"color: #000000;\"><strong><span style=\"text-decoration: underline;\">Messes en semaine<\/span><em> :<br \/><\/em><\/strong>Jeudi\u00a0: adoration \u00e0 16h00 et messe \u00e0 16h30 \u00e0 la chapelle.<\/span><br \/><span style=\"color: #000000;\">Vendredi\u00a0: messe \u00e0 08h20 chez les s\u0153urs \u00e0 Bainville, 67 rue Jacques Callot<\/span><\/p>\n<p><span style=\"color: #000000;\"><u><strong>Permanences \u00e0 la maison paroissiale<\/strong> :<\/u> <\/span><br \/><span style=\"color: #000000;\">Mardi de 14h \u00e0 16h30 et Samedi de 9h30 \u00e0 11h30<\/span><br \/><span style=\"color: #000000;\">tel : 03 83 47 25 54 \u2013 <em><strong>adresse mail<\/strong><\/em><strong> : <\/strong><a style=\"color: #000000;\" href=\"mailto:visitationmm@orange.fr\">visitationmm@orange.fr<\/a>\u00a0 <\/span><br \/><span style=\"color: #000000;\">Horaires des messes :\u00a0 <a style=\"color: #000000;\" href=\"https:\/\/messes.info\/\">messesinfo<\/a><em> (cliquer sur le lien)<\/em><\/span><\/p>\n<p><strong>\u00a0<\/strong><\/p>\n","protected":false},"excerpt":{"rendered":"<p>P\u00e8lerinage \u00e0 Annecy\u00a0:\u00a0Du lundi 17 avril au jeudi 20 avril 2023Sur les pas de Saint Fran\u00e7ois de Sales et de Sainte Jeanne de Chantal, fondateurs de la Visitation. Les tracts avec talon d\u2019inscription sont \u00e0 votre disposition au fond de l\u2019\u00e9glise.Il reste encore des places, l\u2019inscription peut se faire \u00e9galement sur https:\/\/pelerinage2023-annecy.venio.fr\u00a0jusque fin janvier 2023.\u00a0Le&hellip; <br \/> <a class=\"read-more\" href=\"https:\/\/paroisses-nancy-sud.fr\/HOME\/annonces-de-la-visitation-du-29-janvier\/\">Lire la suite<\/a><\/p>\n","protected":false},"author":5,"featured_media":472,"comment_status":"closed","ping_status":"open","sticky":false,"template":"","format":"standard","meta":[],"categories":[10],"tags":[],"acf":[],"_links":{"self":[{"href":"https:\/\/paroisses-nancy-sud.fr\/HOME\/wp-json\/wp\/v2\/posts\/2774"}],"collection":[{"href":"https:\/\/paroisses-nancy-sud.fr\/HOME\/wp-json\/wp\/v2\/posts"}],"about":[{"href":"https:\/\/paroisses-nancy-sud.fr\/HOME\/wp-json\/wp\/v2\/types\/post"}],"author":[{"embeddable":true,"href":"https:\/\/paroisses-nancy-sud.fr\/HOME\/wp-json\/wp\/v2\/users\/5"}],"replies":[{"embeddable":true,"href":"https:\/\/paroisses-nancy-sud.fr\/HOME\/wp-json\/wp\/v2\/comments?post=2774"}],"version-history":[{"count":2,"href":"https:\/\/paroisses-nancy-sud.fr\/HOME\/wp-json\/wp\/v2\/posts\/2774\/revisions"}],"predecessor-version":[{"id":2776,"href":"https:\/\/paroisses-nancy-sud.fr\/HOME\/wp-json\/wp\/v2\/posts\/2774\/revisions\/2776"}],"wp:featuredmedia":[{"embeddable":true,"href":"https:\/\/paroisses-nancy-sud.fr\/HOME\/wp-json\/wp\/v2\/media\/472"}],"wp:attachment":[{"href":"https:\/\/paroisses-nancy-sud.fr\/HOME\/wp-json\/wp\/v2\/media?parent=2774"}],"wp:term":[{"taxonomy":"category","embeddable":true,"href":"https:\/\/paroisses-nancy-sud.fr\/HOME\/wp-json\/wp\/v2\/categories?post=2774"},{"taxonomy":"post_tag","embeddable":true,"href":"https:\/\/paroisses-nancy-sud.fr\/HOME\/wp-json\/wp\/v2\/tags?post=2774"}],"curies":[{"name":"wp","href":"https:\/\/api.w.org\/{rel}","templated":true}]}}