{"id":2778,"date":"2023-01-27T18:02:39","date_gmt":"2023-01-27T17:02:39","guid":{"rendered":"https:\/\/paroisses-nancy-sud.fr\/HOME\/?p=2778"},"modified":"2023-01-27T18:04:25","modified_gmt":"2023-01-27T17:04:25","slug":"annonces-de-saint-francois-de-sales-et-sainte-jeanne-de-chantal-du-29-janvier","status":"publish","type":"post","link":"https:\/\/paroisses-nancy-sud.fr\/HOME\/annonces-de-saint-francois-de-sales-et-sainte-jeanne-de-chantal-du-29-janvier\/","title":{"rendered":"Annonces de Saint-Fran\u00e7ois-de-Sales et Sainte-Jeanne-de-Chantal du 29 janvier"},"content":{"rendered":"\n<p><span style=\"color: #000000;\"><span style=\"text-decoration: underline;\"><strong>Parcours alpha :<br><\/strong><\/span><strong>Le mardi 31 janvier 2023 \u00e0 Jarville <\/strong>de 19h30 \u00e0 22h dans les salles \u00e0 droite de l\u2019\u00e9glise, <strong>vous \u00eates invit\u00e9s \u00e0 une rencontre <\/strong>sur le th\u00e8me<strong>&nbsp;: <em>\u2018Pourquoi J\u00e9sus est-il mort&nbsp;?\u2019\u2019.<\/em> <\/strong>La rencontre d\u00e9bute par un moment convivial autour d\u2019un repas pr\u00e9par\u00e9 pour vous, suivi d\u2019un bref expos\u00e9 puis d\u2019un temps d\u2019\u00e9change.<\/span><br><span style=\"color: #000000;\">Ce parcours est ouvert \u00e0 tous, un espace o\u00f9 on peut partager ce que l\u2019on pense sans jugement. A l\u2019issue de cette soir\u00e9e vous pourrez vous inscrire pour une s\u00e9rie de rencontres hebdomadaires. Odile Bonmati 06 23 46 74 17<strong>&nbsp;<\/strong><\/span><\/p>\n<p><span style=\"color: #000000;\"><span style=\"text-decoration: underline;\"><strong>Temps de pri\u00e8re du premier jeudi du mois (<\/strong><strong>Jeudi 2 f\u00e9vrier) <\/strong><\/span><strong><span style=\"text-decoration: underline;\">\u00e0 Jarville<\/span> :<br><\/strong><strong>17h \u00e0 la crypte&nbsp;: <\/strong>pri\u00e8re d\u2019intercession pour les malades et les personnes qui souffrent.<\/span><br><span style=\"color: #000000;\"><strong>20h30 \u00e0 la crypte&nbsp;: \u2018\u2019Heure sainte\u2019\u2019<\/strong> m\u00e9ditation de la passion du Christ propos\u00e9e par la communaut\u00e9 de l\u2019Emmanuel.<\/span><\/p>\n<p><span style=\"color: #000000;\"><strong><span style=\"text-decoration: underline;\">Qu\u00eate suppl\u00e9mentaire du 1<sup>er<\/sup> dimanche du mois<\/span> :<br><\/strong><strong>Le samedi 4 et le dimanche 5 f\u00e9vrier<\/strong>, \u00e0 la sortie de la messe vous sera propos\u00e9e la qu\u00eate pour soutenir les finances de nos paroisses (d\u00e9penses pastorales, de fonctionnement, d\u2019entretien, d\u2019\u00e9nergie ..). Merci&nbsp;!&nbsp;&nbsp;<\/span>&nbsp;<\/p>\n<p><span style=\"color: #000000;\"><strong><span style=\"text-decoration: underline;\">P\u00e8lerinage \u00e0 Annecy<\/span> :<br><\/strong>Du lundi 17 avril au jeudi 20 avril 2023&nbsp;: <em>\u2018<\/em><em>\u2019Sur les pas de Saint Fran\u00e7ois de Sales et de Sainte Jeanne de Chantal<\/em><em>, fondateurs de <\/em><em>la Visitation\u2019\u2019, <\/em>pour notre secteur Nancy-sud.<\/span><br><span style=\"color: #000000;\">&nbsp;Aller \u00e0 la source et d\u00e9couvrir la vie et l\u2019\u0153uvre de Saint Fran\u00e7ois de Sales et Sainte Jeanne de Chantal, visiter ces sites de lacs et de montagnes.<\/span><br><span style=\"color: #000000;\">Les inscriptions ont bien d\u00e9marr\u00e9 mais il reste des places disponibles&nbsp;!! N\u2019h\u00e9sitez pas \u00e0 rejoindre le groupe. Les tracts sont disponibles&nbsp;au fond des \u00e9glises ou inscriptions possibles sur le site&nbsp;: <a style=\"color: #000000;\" href=\"https:\/\/pelerinage2023-annecy.venio.fr\">https:\/\/pelerinage2023-annecy.venio.fr<\/a>.<\/span><br><span style=\"color: #000000;\">Pour tout renseignement contacter Odile 06 23 46 74 17 ou Micheline 06 83 46 77 11<\/span><\/p>\n<p><span style=\"color: #000000;\"><strong><span style=\"text-decoration: underline;\">Appel pour les c\u00e9l\u00e9brations d\u2019obs\u00e8ques<\/span> :<br><\/strong>Nous avons un grand besoin de personnes acceptant d\u2019apprendre \u00e0 c\u00e9l\u00e9brer les obs\u00e8ques. La formation est assur\u00e9e par le dioc\u00e8se. C\u2019est un beau service d\u2019\u00e9coute, de consolation et de c\u00e9l\u00e9bration, \u00e0 l\u2019heure o\u00f9 la fin de vie nous interpelle tous.<\/span><br><span style=\"color: #000000;\">Merci de contacter Marc Haeussler au 06 43 10 46 44<\/span><\/p>\n<p><span style=\"color: #000000;\"><strong>&nbsp;<\/strong><span style=\"text-decoration: underline;\"><strong>Appel \u00e0 volontaires pour le chant \u00e0 Ludres.<br><\/strong><\/span><span style=\"font-size: revert;\">Les personnes qui aiment chanter et veulent aider la communaut\u00e9 de l\u2019\u00e9glise de Ludres \u00e0 chanter sont invit\u00e9es \u00e0 <\/span><strong style=\"font-size: revert;\">se retrouver \u00e0 10h40 \u00e0 l\u2019\u00e9glise avant la messe du dimanche<\/strong><span style=\"font-size: revert;\"> pour r\u00e9p\u00e9ter les chants avec l\u2019\u00e9quipe orgue-chants.<\/span><strong>&nbsp;<\/strong><\/span><\/p>\n<p><span style=\"color: #000000;\"><strong><span style=\"text-decoration: underline;\">Horaires des messes des 4 et 5 f\u00e9vrier 2023<\/span> :<br><\/strong><strong>Samedi 4 f\u00e9vrier : 18h <\/strong>Heillecourt, Laneuveville, Chavigny<\/span><br><span style=\"color: #000000;\"><strong>Dimanche 5 f\u00e9vrier : 10h <\/strong>Xeuilley <strong>&nbsp;&nbsp;&nbsp;&nbsp;&nbsp;10h30 <\/strong>Jarville, Neuves-Maisons&nbsp; &nbsp;&nbsp;&nbsp;&nbsp;&nbsp;&nbsp;&nbsp;&nbsp;&nbsp;&nbsp;&nbsp;&nbsp;&nbsp;&nbsp;&nbsp;<strong>11h <\/strong>Ludres<\/span><\/p>\n<p><span style=\"color: #000000;\"><strong><span style=\"text-decoration: underline;\">R\u00e9collection avant appel d\u00e9cisif des cat\u00e9chum\u00e8nes<\/span><\/strong> :<\/span><br><span style=\"color: #000000;\"><strong>Le 04 f\u00e9vrier 2023&nbsp;de 09h30 \u00e0 16h00 <\/strong>\u00e0 la Maison dioc\u00e9saine &#8211; Domaine de l&rsquo;Asn\u00e9e &#8211; Villers-l\u00e8s-Nancy. Charlotte, cat\u00e9chum\u00e8ne et future baptis\u00e9e de notre secteur sera pr\u00e9sente.<\/span><\/p>\n<p><span style=\"color: #000000;\"><span style=\"text-decoration: underline;\"><em><strong>&nbsp;<\/strong><\/em><\/span><strong><span style=\"text-decoration: underline;\"><em>Autres annonces<\/em><\/span> :<br><\/strong><strong>&#8211; 70<sup>\u00e8mes<\/sup> Journ\u00e9es mondiales des malades de la l\u00e8pre 27, 28, 29 janvier.<br><\/strong>Cette 70<sup>e<\/sup> \u00e9dition de la Journ\u00e9e mondiale des malades de la l\u00e8pre est l\u2019occasion pour la Fondation Raoul Follereau de sensibiliser \u00e0 nouveau le grand public sur la r\u00e9alit\u00e9 <strong>d\u2019une maladie qui reste fondamentalement m\u00e9connue<\/strong>. Partout en France, des milliers de b\u00e9n\u00e9voles se mobilisent pour collecter des fonds afin de soutenir la recherche et les actions conduites en mati\u00e8re <strong>de d\u00e9pistage, traitement, pr\u00e9vention et r\u00e9adaptation physique et sociale des personnes handicap\u00e9es par la maladie<\/strong>.<\/span><br><span style=\"color: #000000;\">Maladie mill\u00e9naire victime de fausses croyances, la l\u00e8pre continue de frapper \u00e0 l\u2019\u00e9chelle plan\u00e9taire avec plus <strong>de 200 000 nouveaux cas d\u00e9pist\u00e9s chaque ann\u00e9e<\/strong>.<\/span><br><span style=\"color: #000000;\">&nbsp;<strong>Qu\u00eate \u00e0 la sortie des messes<\/strong> <strong>de ce WE.<\/strong><\/span><\/p>\n<p><span style=\"color: #000000;\"><strong>&#8211; <span style=\"text-decoration: underline;\">Alliance Vita <\/span><\/strong><span style=\"text-decoration: underline;\"><strong>\u00ab&nbsp;VIVRE EN REALITE&nbsp;? \u00bb.<br><\/strong><\/span>Derni\u00e8re rencontre<strong> de l\u2019Universit\u00e9 de la vie, cycle de formation bio\u00e9thique, lundi 30 janvier 2023 \u00e0 Nancy, <\/strong>salle Saint Paul sous la Basilique Notre Dame de Lourdes (149, av du G\u00e9n\u00e9ral Leclerc)&nbsp;:<strong> Un futur \u00e0 tisser &#8211;<\/strong> Inscription&nbsp;sur Internet :&nbsp;<a style=\"color: #000000;\" href=\"http:\/\/www.universitedelavie.fr\">www.universitedelavie.fr<\/a><em>&nbsp;<\/em><\/span><\/p>\n<p><span style=\"color: #000000;\">&nbsp;&#8211; <strong><span style=\"text-decoration: underline;\">R\u00e9collection <em>\u00ab&nbsp;Allons ailleurs car c\u2019est pour cela que je suis sorti.<\/em><em>&nbsp;\u00bb <\/em><em>Marc 1,38<br><\/em><\/span><\/strong>Le 05 f\u00e9vrier 2023&nbsp;de 09h45 \u00e0 16h45&nbsp;au Centre spirituel dioc\u00e9sain : Une journ\u00e9e pour accompagner le Seigneur J\u00e9sus dans Sa pri\u00e8re et Sa mission et pour apprendre de Lui \u00e0 prier et \u00e0 annoncer l\u2019\u00c9vangile. Temps d\u2019enseignement, d\u2019\u00e9coute de la Parole et de relecture spirituelle. Ce temps est anim\u00e9 par l\u2019\u00e9quipe dioc\u00e9saine de formation spirituelle. Contact &nbsp;03 83 97 11 32 ou <a style=\"color: #000000;\" href=\"mailto:csdnancy@gmail.com\">csdnancy@gmail.com<\/a> \u2013 30 euros pour repas et go\u00fbter<\/span><\/p>\n<p><span style=\"color: #000000;\"><strong>&nbsp;&#8211;<span style=\"text-decoration: underline;\"> D\u00eener d\u00e9bat sur la fin de vie<br><\/span><\/strong><strong style=\"font-size: revert;\">Le 8 f\u00e9vrier de 19h \u00e0 22h&nbsp;: <\/strong><span style=\"font-size: revert;\">Dans le cadre de la journ\u00e9e mondiale des malades du 11 f\u00e9vrier 2023 une rencontre organis\u00e9e par le service de la pastorale de la sant\u00e9 aura lieu \u00e0 l\u2019espace MontRichard \u00e0 Pont \u00e0 Mousson. Contact 03 54 95 61 25 pastosante@catholique-nancy-.fr<\/span><\/span><\/p>\n<p><span style=\"color: #000000;\"><strong>&nbsp;&#8211; <span style=\"text-decoration: underline;\">Cin\u00e9ma : M\u00e8re Teresa<br><\/span><\/strong><strong style=\"font-size: revert;\">&nbsp;Samedi 11 f\u00e9vrier \u00e0 14h30 <\/strong><span style=\"font-size: revert;\">au Mus\u00e9e du cin\u00e9ma et de la photographie, 10 rue Georges REMY 54210 St&nbsp;Nicolas de Port : documentaire, projection \u00e0 l\u2019ancienne, entr\u00e9e libre. R\u00e9server si possible&nbsp;: 03 83 4 5 18 32<\/span><\/span><\/p>\n<p><span style=\"color: #000000;\"><strong>&nbsp;&#8211; <span style=\"text-decoration: underline;\">S\u00e9jour \u00e0 la neige avec le MRJC Lorraine et Alsace pour les 13-17ans<\/span> :<br><\/strong><strong>&nbsp;<\/strong><strong>Du 18 au 23 f\u00e9vrier&nbsp;: <\/strong>Profiter de la neige, se nourrir de patates et de fromage fondu, faire des veill\u00e9es bien au chaud dans le chalet, faire du ski alpin \u2013 de fond \u2013 des raquettes \u2013 de la luge. Alors vite, inscrivez-vous d\u00e8s maintenant ! Tarifs : \u00c9conomique : 180\u20ac Normal : 200\u20ac Solidaire : 220\u20ac Pour les 13-17 ans. Contact&nbsp;<strong>: 07 56 01 20 66<\/strong><\/span><\/p>\n<p><span style=\"color: #000000;\"><strong>&nbsp;&#8211; <span style=\"text-decoration: underline;\">Lettre apostolique du Pape sur saint Fran\u00e7ois de Sales :<\/span><\/strong>&nbsp; &nbsp;<a style=\"color: #000000;\" href=\"https:\/\/www.vatican.va\/content\/francesco\/fr\/apost_letters\/documents\/20221228-totum-amoris-est.html\"> <em>cliquer sur le lien&nbsp;<\/em><\/a><strong><span style=\"text-decoration: underline;\"><br><\/span><\/strong>Le 24 janvier, a \u00e9t\u00e9 publi\u00e9e la lettre apostolique \u00e9crite par le pape Fran\u00e7ois \u00e0 l\u2019occasion&nbsp;du 4e centenaire de la mort du&nbsp;saint (le 28 d\u00e9cembre 2022). Le Pape revient sur sa spiritualit\u00e9, ancr\u00e9e dans la charit\u00e9, tout en appuyant sur cette devise qui \u00e9tait sienne :&nbsp;<em>\u00ab&nbsp;Tout est \u00e0 l\u2019amour&nbsp;\u00bb.<br><\/em><em>\u2018\u2019A cette lumi\u00e8re, on comprend que, pour saint Fran\u00e7ois de Sales, il n\u2019y avait pas de meilleur lieu pour trouver Dieu, et pour aider \u00e0 le chercher, que le c\u0153ur de chaque homme et de chaque femme de son temps. Il l\u2019avait appris en s\u2019observant lui-m\u00eame attentivement d\u00e8s son plus jeune \u00e2ge, et en scrutant le c\u0153ur humain.\u2019\u2019<\/em><\/span><\/p>\n<p>&nbsp;<\/p>\n\n\n","protected":false},"excerpt":{"rendered":"<p>Parcours alpha :Le mardi 31 janvier 2023 \u00e0 Jarville de 19h30 \u00e0 22h dans les salles \u00e0 droite de l\u2019\u00e9glise, vous \u00eates invit\u00e9s \u00e0 une rencontre sur le th\u00e8me&nbsp;: \u2018Pourquoi J\u00e9sus est-il mort&nbsp;?\u2019\u2019. La rencontre d\u00e9bute par un moment convivial autour d\u2019un repas pr\u00e9par\u00e9 pour vous, suivi d\u2019un bref expos\u00e9 puis d\u2019un temps d\u2019\u00e9change.Ce parcours&hellip; <br \/> <a class=\"read-more\" href=\"https:\/\/paroisses-nancy-sud.fr\/HOME\/annonces-de-saint-francois-de-sales-et-sainte-jeanne-de-chantal-du-29-janvier\/\">Lire la suite<\/a><\/p>\n","protected":false},"author":5,"featured_media":554,"comment_status":"closed","ping_status":"open","sticky":false,"template":"","format":"standard","meta":[],"categories":[7],"tags":[],"acf":[],"_links":{"self":[{"href":"https:\/\/paroisses-nancy-sud.fr\/HOME\/wp-json\/wp\/v2\/posts\/2778"}],"collection":[{"href":"https:\/\/paroisses-nancy-sud.fr\/HOME\/wp-json\/wp\/v2\/posts"}],"about":[{"href":"https:\/\/paroisses-nancy-sud.fr\/HOME\/wp-json\/wp\/v2\/types\/post"}],"author":[{"embeddable":true,"href":"https:\/\/paroisses-nancy-sud.fr\/HOME\/wp-json\/wp\/v2\/users\/5"}],"replies":[{"embeddable":true,"href":"https:\/\/paroisses-nancy-sud.fr\/HOME\/wp-json\/wp\/v2\/comments?post=2778"}],"version-history":[{"count":3,"href":"https:\/\/paroisses-nancy-sud.fr\/HOME\/wp-json\/wp\/v2\/posts\/2778\/revisions"}],"predecessor-version":[{"id":2781,"href":"https:\/\/paroisses-nancy-sud.fr\/HOME\/wp-json\/wp\/v2\/posts\/2778\/revisions\/2781"}],"wp:featuredmedia":[{"embeddable":true,"href":"https:\/\/paroisses-nancy-sud.fr\/HOME\/wp-json\/wp\/v2\/media\/554"}],"wp:attachment":[{"href":"https:\/\/paroisses-nancy-sud.fr\/HOME\/wp-json\/wp\/v2\/media?parent=2778"}],"wp:term":[{"taxonomy":"category","embeddable":true,"href":"https:\/\/paroisses-nancy-sud.fr\/HOME\/wp-json\/wp\/v2\/categories?post=2778"},{"taxonomy":"post_tag","embeddable":true,"href":"https:\/\/paroisses-nancy-sud.fr\/HOME\/wp-json\/wp\/v2\/tags?post=2778"}],"curies":[{"name":"wp","href":"https:\/\/api.w.org\/{rel}","templated":true}]}}