{"id":2784,"date":"2023-01-29T19:44:55","date_gmt":"2023-01-29T18:44:55","guid":{"rendered":"https:\/\/paroisses-nancy-sud.fr\/HOME\/?p=2784"},"modified":"2023-01-29T19:46:48","modified_gmt":"2023-01-29T18:46:48","slug":"les-beatitudes","status":"publish","type":"post","link":"https:\/\/paroisses-nancy-sud.fr\/HOME\/les-beatitudes\/","title":{"rendered":"Heureux sommes-nous"},"content":{"rendered":"\n<p><span style=\"color: #000000;\">Ne soyons pas impressionn\u00e9s lorsque nous entendons \u00e9grener les B\u00e9atitudes. Et surtout ne les prenons pas comme une liste de t\u00e2ches \u00e0 accomplir. Apr\u00e8s les douze travaux d&rsquo;Hercule, les huit B\u00e9atitudes. Il ne s&rsquo;agit pas de faire, mais de se laisser faire. Si par extraordinaire l&rsquo;un de nous parvenait \u00e0 r\u00e9aliser les B\u00e9atitudes par lui-m\u00eame, il serait tent\u00e9 de mettre sa fiert\u00e9 en lui-m\u00eame.<\/span><\/p>\n<p><span style=\"color: #000000;\">Or justement, \u00ab celui qui veut \u00eatre fier, qu&rsquo;il mettre sa fiert\u00e9 dans le Seigneur \u00bb, nous a dit saint Paul. Il sait bien de quoi il parle. Au travers de ses lettres, et aussi dans les Actes des Ap\u00f4tres, nous savons que Paul avait de quoi \u00eatre fier. Il \u00e9tait Juif, membre du peuple \u00e9lu de Dieu. Il \u00e9tait issu de la tribu de Benjamin, l&rsquo;une des deux tribus rest\u00e9es fid\u00e8les \u00e0 la dynastie du roi David. Il \u00e9tait pharisien, membre de l&rsquo;\u00e9lite religieuse d&rsquo;Isra\u00ebl, form\u00e9 aupr\u00e8s de Gamaliel et des meilleurs rabbins, \u00e0 J\u00e9rusalem. Par sa culture, Paul \u00e9tait Grec. Parce qu&rsquo;il parlait couramment la langue des gens cultiv\u00e9s et qu&rsquo;il connaissait les auteurs classiques, il \u00e9tait \u00e0 son aise partout dans le monde m\u00e9diterran\u00e9en. Par sa naissance, Paul \u00e9tait citoyen romain, un privil\u00e8ge dont peu de gens pouvaient se vanter. On suppose enfin que Paul \u00e9tait issu d&rsquo;une famille ais\u00e9e. En outre, cela n&rsquo;aura \u00e9chapp\u00e9 \u00e0 personne : Paul \u00e9tait un homme. \u00c0 l&rsquo;\u00e9poque, \u00e7a comptait beaucoup.<\/span><\/p>\n<p><span style=\"color: #000000;\">Paul aurait donc eu beaucoup de raisons de compter sur lui-m\u00eame, sur ses capacit\u00e9s, sur son h\u00e9ritage, sur ses relations. Il aurait couru alors le risque de mettre sa confiance et sa fiert\u00e9 dans sa force, dans sa sagesse, dans sa haute naissance, plut\u00f4t qu&rsquo;en Dieu seul.<\/span><\/p>\n<p><span style=\"color: #000000;\">Il nous avertit&nbsp;: ce n&rsquo;est pas ainsi que Dieu regarde.<\/span><\/p>\n<p><span style=\"color: #000000;\">Fr\u00e8res et s\u0153urs, il y a quelques ann\u00e9es, une grande marque fran\u00e7aise de cosm\u00e9tique avait pour slogan \u00ab&nbsp;Parce que je le vaux bien.&nbsp;\u00bb Aucun disciple du Christ ne peut dire&nbsp;: \u00ab&nbsp;Je suis chr\u00e9tien parce que je le vaux bien&nbsp;\u00bb ou \u00ab&nbsp;Le bapt\u00eame, l&rsquo;eucharistie, parce que je le vaux bien.&nbsp;\u00bb<br>Devant le Seigneur, tous autant que nous sommes, nous sommes des petits, des fous et des faibles.<\/span><\/p>\n<p><span style=\"color: #000000;\">Et pourtant, tout \u00e0 l&rsquo;heure dans la pri\u00e8re eucharistique, nous adresserons \u00e0 Dieu ces mots&nbsp;: \u00ab&nbsp;Nous te rendons gr\u00e2ce, car tu nous as estim\u00e9s dignes de nous tenir devant toi pour te servir.&nbsp;\u00bb Qu&rsquo;est-ce que cela signifie&nbsp;?<\/span><\/p>\n<p><span style=\"color: #000000;\">Lorsque nous avons besoin de pommes pour notre tarte, nous allons chez le marchand, nous regardons les pommes et nous choisissons les plus belles, celles qui seront dignes d&rsquo;\u00eatre dans notre tarte.<br>Si le Seigneur faisait ainsi, qui d&rsquo;entre nous serait digne de se tenir devant lui pour le servir&nbsp;?<\/span><br><span style=\"color: #000000;\">Au contraire, le Seigneur choisit les pommes les moins reluisantes et il en fait la meilleure des tartes. C&rsquo;est que le Seigneur transforme ce qu&rsquo;il regarde. Il pose son regard sur chacun de nous, petits, fous et faibles&nbsp;: en nous aimant, il nous rend aimables&nbsp;; en nous admirant, il nous rend beaux&nbsp;; en nous faisant confiance, il nous rend capables&nbsp;; en nous estimant dignes, il nous rend dignes.<\/span><\/p>\n<p><span style=\"color: #000000;\">Cette dignit\u00e9, rien, absolument rien, ne pourra nous la retirer. Souvenons-nous en alors que nos parlementaires risquent d&rsquo;ouvrir la voie \u00e0 l&rsquo;euthanasie de ceux qui ne ne seront plus jug\u00e9s dignes de faire partie de la communaut\u00e9 humaine.<\/span><\/p>\n<p><span style=\"color: #000000;\">Je redis la m\u00eame chose autrement. Quand j&rsquo;\u00e9tais enfant, au coll\u00e8ge, nous jouions \u00e0 des sports collectifs. Lorsqu&rsquo;il fallait constituer les \u00e9quipes, on appelait d&rsquo;abord les gar\u00e7ons les plus forts et les plus rapides, ensuite les filles les plus sportives, ensuite les autres, et enfin moi. Et \u00e9videmment, \u00eatre appel\u00e9 dans ces conditions ne m&rsquo;aidait pas \u00e0 \u00eatre tr\u00e8s talentueux.<\/span><\/p>\n<p><span style=\"color: #000000;\">Le Seigneur aussi appelle. C&rsquo;est encore saint Paul qui nous le dit&nbsp;: \u00ab&nbsp;Fr\u00e8res, vous qui avez \u00e9t\u00e9 appel\u00e9s par Dieu&#8230;&nbsp;\u00bb Le Seigneur appelle des petits, des fous, des faibles. Par sa gr\u00e2ce, il en fait ses fils et ses filles, des personnes capables de le chercher et de l&rsquo;atteindre, de le prier et de t\u00e9moigner de lui, de se convertir chaque jour et finalement d&rsquo;entrer dans le Ciel, port\u00e9s dans les bras de J\u00e9sus.<\/span><\/p>\n<p><span style=\"color: #000000;\">Connaissez-vous les r\u00e9moras&nbsp;? Ce sont ces poissons qui nagent tr\u00e8s mal et qui, en&nbsp; s&rsquo;accrochant aux requins et aux baleines, vont plus loin et plus vite que ce dont ils seraient capables par eux-m\u00eames. Un chr\u00e9tien est comme un r\u00e9mora, un petit poisson qui reste obstin\u00e9ment coll\u00e9 \u00e0 J\u00e9sus et qui se laisse conduire l\u00e0 o\u00f9 il ne pourrait pas aller tout seul&nbsp;: au Ciel.<\/span><\/p>\n<p><span style=\"color: #000000;\">\u00ab&nbsp;Pas facile&nbsp;\u00bb, me direz-vous&#8230;<\/span><\/p>\n<p><span style=\"color: #000000;\">J\u00e9sus le premier a renonc\u00e9 \u00e0 tracer seul son propre chemin. Il s&rsquo;est remis tout entier \u00e0 la volont\u00e9 du P\u00e8re. M\u00eame lorsque tout semblait obscur et bouch\u00e9, il a continu\u00e9 \u00e0 faire confiance. Lorsqu&rsquo;il \u00e9tait sur la croix, on lui criait&nbsp;: \u00ab&nbsp;Sauve-toi toi-m\u00eame&nbsp;!&nbsp;\u00bb Il aurait pu le faire, mais il s&rsquo;y est refus\u00e9. \u00ab&nbsp;P\u00e8re, entre tes mains, je remets mon esprit.&nbsp;\u00bb J\u00e9sus a exp\u00e9riment\u00e9 dans sa chair combien il est difficile de se laisser faire. C&rsquo;est pourquoi il prend patience avec nous, jusqu&rsquo;\u00e0 ce que nous soyons pr\u00eats \u00e0 nous en remettre \u00e0 lui.<\/span><\/p>\n<p><span style=\"color: #000000;\">Restons attach\u00e9s au Seigneur. Nous qui sommes disciples de J\u00e9sus dans l&rsquo;\u00c9glise catholique, nous avons la certitude que nous restons attach\u00e9s \u00e0 lui dans la mesure o\u00f9 nous \u00e9coutons sa parole et o\u00f9 nous recevons les sacrements. Alors il infuse en nous son Esprit Saint pour nous rendre capables de vivre en lui, comme lui. Il ne s&rsquo;agit pas d&rsquo;abord de faire des choses, de s&rsquo;engager, de se d\u00e9penser, mais de se laisser faire.<\/span><\/p>\n<p><span style=\"color: #000000;\">Et c&rsquo;est alors, alors seulement, que petit \u00e0 petit, insensiblement, ann\u00e9e apr\u00e8s ann\u00e9e, nous nous d\u00e9couvrirons un peu plus pauvres de c\u0153ur, un peu plus doux, purs et mis\u00e9ricordieux. Nous nous surprendrons \u00e0 pleurer ou \u00e0 crier devant les injustices l\u00e0 o\u00f9 d&rsquo;autres resteront de marbre. Nous ferons des petits pas en faveur de la paix. Nous subirons avec patience le m\u00e9pris ou la m\u00e9chancet\u00e9 de ceux que d\u00e9rangera notre attachement au bien et \u00e0 la v\u00e9rit\u00e9.<\/span><\/p>\n<p><span style=\"color: #000000;\">Alors, \u00e0 ces moments-l\u00e0, heureux sommes-nous, car nous marchons vers le P\u00e8re&nbsp;; r\u00e9jouissons-nous, car nous sommes dans les bras du Seigneur J\u00e9sus&nbsp;; soyons dans l&rsquo;all\u00e9gresse, car l&rsquo;Esprit Saint commence \u00e0 p\u00e9n\u00e9trer et transformer nos c\u0153urs.<\/span><\/p>\n<p style=\"text-align: right;\"><span style=\"color: #000000;\"><em>P\u00e8re Alexandre-Marie Valder<\/em><\/span><\/p>\n","protected":false},"excerpt":{"rendered":"<p>Ne soyons pas impressionn\u00e9s lorsque nous entendons \u00e9grener les B\u00e9atitudes. Et surtout ne les prenons pas comme une liste de t\u00e2ches \u00e0 accomplir. Apr\u00e8s les douze travaux d&rsquo;Hercule, les huit B\u00e9atitudes. Il ne s&rsquo;agit pas de faire, mais de se laisser faire. Si par extraordinaire l&rsquo;un de nous parvenait \u00e0 r\u00e9aliser les B\u00e9atitudes par lui-m\u00eame,&hellip; <br \/> <a class=\"read-more\" href=\"https:\/\/paroisses-nancy-sud.fr\/HOME\/les-beatitudes\/\">Lire la suite<\/a><\/p>\n","protected":false},"author":9,"featured_media":290,"comment_status":"closed","ping_status":"open","sticky":false,"template":"","format":"standard","meta":[],"categories":[9],"tags":[],"acf":[],"_links":{"self":[{"href":"https:\/\/paroisses-nancy-sud.fr\/HOME\/wp-json\/wp\/v2\/posts\/2784"}],"collection":[{"href":"https:\/\/paroisses-nancy-sud.fr\/HOME\/wp-json\/wp\/v2\/posts"}],"about":[{"href":"https:\/\/paroisses-nancy-sud.fr\/HOME\/wp-json\/wp\/v2\/types\/post"}],"author":[{"embeddable":true,"href":"https:\/\/paroisses-nancy-sud.fr\/HOME\/wp-json\/wp\/v2\/users\/9"}],"replies":[{"embeddable":true,"href":"https:\/\/paroisses-nancy-sud.fr\/HOME\/wp-json\/wp\/v2\/comments?post=2784"}],"version-history":[{"count":2,"href":"https:\/\/paroisses-nancy-sud.fr\/HOME\/wp-json\/wp\/v2\/posts\/2784\/revisions"}],"predecessor-version":[{"id":2786,"href":"https:\/\/paroisses-nancy-sud.fr\/HOME\/wp-json\/wp\/v2\/posts\/2784\/revisions\/2786"}],"wp:featuredmedia":[{"embeddable":true,"href":"https:\/\/paroisses-nancy-sud.fr\/HOME\/wp-json\/wp\/v2\/media\/290"}],"wp:attachment":[{"href":"https:\/\/paroisses-nancy-sud.fr\/HOME\/wp-json\/wp\/v2\/media?parent=2784"}],"wp:term":[{"taxonomy":"category","embeddable":true,"href":"https:\/\/paroisses-nancy-sud.fr\/HOME\/wp-json\/wp\/v2\/categories?post=2784"},{"taxonomy":"post_tag","embeddable":true,"href":"https:\/\/paroisses-nancy-sud.fr\/HOME\/wp-json\/wp\/v2\/tags?post=2784"}],"curies":[{"name":"wp","href":"https:\/\/api.w.org\/{rel}","templated":true}]}}