{"id":2787,"date":"2023-02-03T17:29:22","date_gmt":"2023-02-03T16:29:22","guid":{"rendered":"https:\/\/paroisses-nancy-sud.fr\/HOME\/?p=2787"},"modified":"2023-02-03T17:30:49","modified_gmt":"2023-02-03T16:30:49","slug":"annonces-de-la-visitation-du-5-fevrier","status":"publish","type":"post","link":"https:\/\/paroisses-nancy-sud.fr\/HOME\/annonces-de-la-visitation-du-5-fevrier\/","title":{"rendered":"Annonces de la Visitation du 5 f\u00e9vrier"},"content":{"rendered":"\n<p><span style=\"color: #000000;\"><span style=\"text-decoration: underline;\"><strong>P\u00e8lerinage \u00e0 Annecy<\/strong> <\/span>:<\/span><br \/><span style=\"color: #000000;\"><span style=\"font-size: revert;\">Du lundi 17 avril au jeudi 20 avril 2023 Sur les pas de Saint Fran\u00e7ois de Sales et de Sainte Jeanne de Chantal, fondateurs de la Visitation. Les tracts avec talon d\u2019inscription sont \u00e0 votre disposition au fond de l\u2019\u00e9glise ;<br \/><\/span>Il reste encore des places, l\u2019inscription peut se faire \u00e9galement sur https:\/\/pelerinage2023-annecy.venio.fr jusque fin janvier 2023.<\/span><br \/><span style=\"color: #000000;\">Le lien mentionn\u00e9 sur le bulletin d\u2019inscription ne fonctionne pas.<\/span><\/p>\n<p><span style=\"color: #000000;\"><strong><span style=\"text-decoration: underline;\">Centre Parisot de Bainville<\/span><\/strong> : <\/span><br \/><span style=\"color: #000000;\">Messe \u00e0 16h30 le 1er vendredi du mois.<\/span><\/p>\n<p><span style=\"color: #000000;\"><strong><span style=\"text-decoration: underline;\">\u00c9quipes du Rosaire<\/span><\/strong> : <\/span><br \/><span style=\"color: #000000;\">Comme chaque d\u00e9but de mois, les \u00e9quipes du secteur se r\u00e9unissent. Pour f\u00e9vrier, ce sera le lundi 06 \u00e0 14h30 et elles invitent toutes personnes int\u00e9ress\u00e9es \u00e0 les rejoindre.<\/span><\/p>\n<p><span style=\"color: #000000;\"><span style=\"text-decoration: underline;\"><strong>Qu\u00eate charges paroissiales<\/strong><\/span> : <\/span><br \/><span style=\"color: #000000;\">Comme tous les premiers dimanches du mois, une qu\u00eate, ce dimanche 05 f\u00e9vrier, sera assur\u00e9e pour une participation aux charges paroissiales. Elle est valable pour toute la paroisse de la Visitation.<\/span><br \/><span style=\"color: #000000;\">Merci pour votre don !<\/span><\/p>\n<p><span style=\"color: #000000;\"><span style=\"text-decoration: underline;\"><strong>Le 8 f\u00e9vrier de 19h \u00e0 22h, D\u00eener d\u00e9bat sur la fin de vie<\/strong><\/span>\u00a0 : <\/span><br \/><span style=\"color: #000000;\">Dans le cadre de la journ\u00e9e mondiale des malades du 11 f\u00e9vrier 2023, une rencontre organis\u00e9e par le service de la pastorale de la sant\u00e9 aura lieu \u00e0 l\u2019espace MontRichard \u00e0 Pont \u00e0 Mousson. Contact 03 54 95 61 25,\u00a0 pastosante@catholique-nancy.fr\u00a0<\/span><\/p>\n<p><span style=\"color: #000000;\"><strong><span style=\"text-decoration: underline;\">Vendredi 10 f\u00e9vrier \u00e0 18h00<\/span><\/strong> : r\u00e9union CEP<\/span><\/p>\n<p><span style=\"color: #000000;\"><strong><span style=\"text-decoration: underline;\">Messes \u00e0 la Visitation<\/span><\/strong> :<\/span><br \/><span style=\"color: #000000;\">Samedi 11 f\u00e9vrier \u00e0 18h00 : Bainville<\/span><br \/><span style=\"color: #000000;\">Dimanche 12 f\u00e9vrier \u00e0 10h30 : Neuves-Maisons, dimanche de la sant\u00e9<\/span><\/p>\n<p><span style=\"color: #000000;\"><strong><span style=\"text-decoration: underline;\">Messes en semaine<\/span><\/strong><\/span><br \/><span style=\"color: #000000;\">Jeudi : adoration \u00e0 16h00 et messe \u00e0 16h30 \u00e0 la chapelle.<\/span><br \/><span style=\"color: #000000;\">Vendredi : messe \u00e0 08h20 chez les s\u0153urs \u00e0 Bainville, 67 rue Jacques Callot<\/span><\/p>\n<p><span style=\"color: #000000;\"><u><strong>Permanences \u00e0 la maison paroissiale<\/strong> :<\/u> <\/span><br \/><span style=\"color: #000000;\">Mardi de 14h \u00e0 16h30 et Samedi de 9h30 \u00e0 11h30<\/span><br \/><span style=\"color: #000000;\">tel : 03 83 47 25 54 \u2013 <em><strong>adresse mail<\/strong><\/em><strong> : <\/strong><a style=\"color: #000000;\" href=\"mailto:visitationmm@orange.fr\">visitationmm@orange.fr<\/a>\u00a0 <\/span><br \/><span style=\"color: #000000;\">Horaires des messes :\u00a0 <a style=\"color: #000000;\" href=\"https:\/\/messes.info\/\">messesinfo<\/a><em> (cliquer sur le lien)<\/em><\/span><\/p>\n","protected":false},"excerpt":{"rendered":"<p>P\u00e8lerinage \u00e0 Annecy :Du lundi 17 avril au jeudi 20 avril 2023 Sur les pas de Saint Fran\u00e7ois de Sales et de Sainte Jeanne de Chantal, fondateurs de la Visitation. Les tracts avec talon d\u2019inscription sont \u00e0 votre disposition au fond de l\u2019\u00e9glise ;Il reste encore des places, l\u2019inscription peut se faire \u00e9galement sur https:\/\/pelerinage2023-annecy.venio.fr&hellip; <br \/> <a class=\"read-more\" href=\"https:\/\/paroisses-nancy-sud.fr\/HOME\/annonces-de-la-visitation-du-5-fevrier\/\">Lire la suite<\/a><\/p>\n","protected":false},"author":5,"featured_media":472,"comment_status":"closed","ping_status":"open","sticky":false,"template":"","format":"standard","meta":[],"categories":[10],"tags":[],"acf":[],"_links":{"self":[{"href":"https:\/\/paroisses-nancy-sud.fr\/HOME\/wp-json\/wp\/v2\/posts\/2787"}],"collection":[{"href":"https:\/\/paroisses-nancy-sud.fr\/HOME\/wp-json\/wp\/v2\/posts"}],"about":[{"href":"https:\/\/paroisses-nancy-sud.fr\/HOME\/wp-json\/wp\/v2\/types\/post"}],"author":[{"embeddable":true,"href":"https:\/\/paroisses-nancy-sud.fr\/HOME\/wp-json\/wp\/v2\/users\/5"}],"replies":[{"embeddable":true,"href":"https:\/\/paroisses-nancy-sud.fr\/HOME\/wp-json\/wp\/v2\/comments?post=2787"}],"version-history":[{"count":3,"href":"https:\/\/paroisses-nancy-sud.fr\/HOME\/wp-json\/wp\/v2\/posts\/2787\/revisions"}],"predecessor-version":[{"id":2790,"href":"https:\/\/paroisses-nancy-sud.fr\/HOME\/wp-json\/wp\/v2\/posts\/2787\/revisions\/2790"}],"wp:featuredmedia":[{"embeddable":true,"href":"https:\/\/paroisses-nancy-sud.fr\/HOME\/wp-json\/wp\/v2\/media\/472"}],"wp:attachment":[{"href":"https:\/\/paroisses-nancy-sud.fr\/HOME\/wp-json\/wp\/v2\/media?parent=2787"}],"wp:term":[{"taxonomy":"category","embeddable":true,"href":"https:\/\/paroisses-nancy-sud.fr\/HOME\/wp-json\/wp\/v2\/categories?post=2787"},{"taxonomy":"post_tag","embeddable":true,"href":"https:\/\/paroisses-nancy-sud.fr\/HOME\/wp-json\/wp\/v2\/tags?post=2787"}],"curies":[{"name":"wp","href":"https:\/\/api.w.org\/{rel}","templated":true}]}}