{"id":2791,"date":"2023-02-03T18:04:00","date_gmt":"2023-02-03T17:04:00","guid":{"rendered":"https:\/\/paroisses-nancy-sud.fr\/HOME\/?p=2791"},"modified":"2023-02-03T18:05:11","modified_gmt":"2023-02-03T17:05:11","slug":"annonces-de-saint-francois-de-sales-et-sainte-jeanne-de-chantal-du-5-fevrier","status":"publish","type":"post","link":"https:\/\/paroisses-nancy-sud.fr\/HOME\/annonces-de-saint-francois-de-sales-et-sainte-jeanne-de-chantal-du-5-fevrier\/","title":{"rendered":"Annonces de Saint-Fran\u00e7ois-de-Sales et Sainte-Jeanne-de-Chantal du 5 f\u00e9vrier"},"content":{"rendered":"\n<p><span style=\"text-decoration: underline; color: #000000;\"><strong>R\u00e9collection avant appel d\u00e9cisif des cat\u00e9chum\u00e8nes<\/strong><\/span><br \/><span style=\"color: #000000;\">Le samedi 04 f\u00e9vrier 2023\u00a0de 09h30 \u00e0 16h00 \u00e0 la Maison dioc\u00e9saine &#8211; Domaine de l&rsquo;Asn\u00e9e &#8211; Villers-l\u00e8s-Nancy. Charlotte, cat\u00e9chum\u00e8ne et future baptis\u00e9e de notre secteur sera pr\u00e9sente. Accompagnons-la par notre pri\u00e8re.<\/span><\/p>\n<p><span style=\"color: #000000;\"><strong><span style=\"text-decoration: underline;\">Qu\u00eate suppl\u00e9mentaire du 1<sup>er<\/sup> dimanche du mois.<\/span><\/strong><\/span><br \/><span style=\"color: #000000;\">Ce samedi 4 et dimanche 5 f\u00e9vrier, \u00e0 la sortie de la messe vous sera propos\u00e9e la qu\u00eate pour soutenir les finances de nos paroisses (d\u00e9penses pastorales, de fonctionnement, d\u2019entretien, d\u2019\u00e9nergie ..). Merci\u00a0!\u00a0\u00a0\u00a0<\/span><\/p>\n<p><span style=\"color: #000000;\"><span style=\"text-decoration: underline;\"><strong>R\u00e9union des \u00e9quipes d\u2019animation pastorale<br \/><\/strong><\/span><strong>Le mardi 7 f\u00e9vrier, \u00e0 Ludres, \u00e0 14h15, r\u00e9union de l\u2019EAP de la paroisse Sainte-Jeanne-de-Chantal.<br \/><\/strong><strong>Le jeudi 9 f\u00e9vrier, \u00e0 Jarville, \u00e0 20h00, r\u00e9union de l\u2019EAP de la paroisse Saint-Fran\u00e7ois-de-Sales.<\/strong><\/span><\/p>\n<p><span style=\"color: #000000;\"><strong><span style=\"text-decoration: underline;\">Parcours alpha :<\/span><br \/><\/strong><strong>Le mardi 7 f\u00e9vrier 2023 \u00e0 Jarville <\/strong>de 19h30 \u00e0 22h <strong>4<sup>\u00e8me<\/sup> rencontre du parcours alpha <\/strong>sur le th\u00e8me<strong>\u00a0: <em>\u2018<\/em><\/strong><em>\u2018Comment savoir si<\/em> <em>j\u2019ai la foi\u00a0?\u2019\u2019<strong>.<\/strong><\/em> Un groupe de 9 personnes est \u00e0 pr\u00e9sent constitu\u00e9. Portons-les dans notre pri\u00e8re ainsi que leurs accompagnateurs. Odile Bonmati 06 23 46 74 17<\/span><\/p>\n<p><span style=\"color: #000000;\"><strong><span style=\"text-decoration: underline;\">Veill\u00e9e chants et louange :<\/span><br \/><\/strong><strong>Le vendredi 10 f\u00e9vrier \u00e0 Jarville, \u00e0 20h30, <\/strong>\u00e0 la crypte<strong>, veill\u00e9e de chants et louange. <\/strong><\/span><\/p>\n<p><span style=\"color: #000000;\"><strong><span style=\"text-decoration: underline;\">P\u00e8lerinage \u00e0 Annecy :<\/span><br \/><\/strong>Du lundi 17 avril au jeudi 20 avril 2023\u00a0: <em>\u2018<\/em><em>\u2019Sur les pas de Saint Fran\u00e7ois de Sales et de Sainte Jeanne de Chantal<\/em><em>, fondateurs de <\/em><em>la Visitation\u2019\u2019, <\/em>pour notre secteur Nancy-sud.<\/span><br \/><span style=\"color: #000000;\">Les inscriptions ont bien d\u00e9marr\u00e9 mais il reste des places disponibles\u00a0!! N\u2019h\u00e9sitez pas \u00e0 rejoindre le groupe. Les tracts sont disponibles\u00a0au fond des \u00e9glises ou inscriptions possibles sur le site\u00a0: <a style=\"color: #000000;\" href=\"https:\/\/pelerinage2023-annecy.venio.fr\">https:\/\/pelerinage2023-annecy.venio.fr<\/a>. Contacter Odile 06 23 46 74 17 ou Micheline 06 83 46 77 11<\/span><\/p>\n<p><span style=\"color: #000000;\"><strong><span style=\"text-decoration: underline;\">Appel pour les c\u00e9l\u00e9brations d\u2019obs\u00e8ques<\/span>.<br \/><\/strong>Nous avons un grand besoin de personnes acceptant d\u2019apprendre \u00e0 c\u00e9l\u00e9brer les obs\u00e8ques. La formation est assur\u00e9e par le dioc\u00e8se. C\u2019est un beau service d\u2019\u00e9coute, de consolation et de c\u00e9l\u00e9bration, \u00e0 l\u2019heure o\u00f9 la fin de vie nous interpelle tous. Merci de contacter Marc Haeussler au 06 43 10 46 44<\/span><\/p>\n<p><span style=\"color: #000000;\"><span style=\"text-decoration: underline;\"><strong>\u00a0<\/strong><\/span><strong><span style=\"text-decoration: underline;\">Appel \u00e0 volontaires pour le chant \u00e0 Ludres<\/span>.<br \/><\/strong><span style=\"font-size: revert;\">Les personnes qui aiment chanter et veulent aider la communaut\u00e9 de l\u2019\u00e9glise de Ludres \u00e0 chanter sont invit\u00e9es \u00e0 <\/span><strong style=\"font-size: revert;\">se retrouver \u00e0 10h40 \u00e0 l\u2019\u00e9glise avant la messe du dimanche<\/strong><span style=\"font-size: revert;\"> pour r\u00e9p\u00e9ter les chants avec l\u2019\u00e9quipe orgue-chants.<\/span><\/span><\/p>\n<p><span style=\"color: #000000;\"><span style=\"text-decoration: underline;\"><strong>\u00a0<\/strong><\/span><strong><span style=\"text-decoration: underline;\">Nouvelles des JMJ \u00e9t\u00e9 2023<\/span> :<br \/><\/strong>Le p\u00e8re Raj, Louise et Johann, de l\u2019\u00e9quipe responsable de l\u2019organisation des JMJ de notre dioc\u00e8se, sont partis en \u00e9claireurs dans le dioc\u00e8se de Viana au nord du Portugal la semaine derni\u00e8re. Ils y ont \u00e9t\u00e9 chaleureusement accueillis par le p\u00e8re Domingos Meira, cur\u00e9 de paroisse et responsable de la pastorale des jeunes du dioc\u00e8se de Viana<strong>. <\/strong>Voici son message aux jeunes lorrains\u00a0: <em>\u2018\u2019Jeunes du dioc\u00e8se de Nancy et Toul, nous sommes \u00e0 quelques mois de vivre ensemble les JMJ de Lisbonne 2023. Nous sommes heureux de vous accueillir dans notre dioc\u00e8se et nos maisons. Nous voulons que ce soit l\u2019exp\u00e9rience du Christ que nous avons port\u00e9e comme Marie autrefois. Nous vous attendons \u00e0 Viana do Castelo !\u2019\u2019<\/em><\/span><\/p>\n<p><span style=\"color: #000000;\"><span style=\"text-decoration: underline;\"><strong>\u00a0<\/strong><\/span><strong><span style=\"text-decoration: underline;\">Table ouverte<\/span> :<br \/><\/strong><strong>Dimanche 12 f\u00e9vrier<\/strong>, \u00e0 l\u2019issue de la messe \u00e0 Jarville, dans la salle \u00e0 gauche de l\u2019\u00e9glise, table ouverte. Chacun vient avec un plat sal\u00e9 ou sucr\u00e9 pour profiter de ce moment convivial.<\/span><\/p>\n<p><span style=\"color: #000000;\"><strong><span style=\"text-decoration: underline;\">Horaires des messes des 11 et 12 f\u00e9vrier 2023<\/span>.<br \/><\/strong><strong>Samedi 4 f\u00e9vrier : 18h <\/strong>Heillecourt, Laneuveville, Bainville.<\/span><br \/><span style=\"color: #000000;\"><strong>Dimanche 5 f\u00e9vrier : 10h <\/strong>Flavigny, Fl\u00e9ville<strong>\u00a0\u00a0\u00a0\u00a0 \u00a0\u00a0\u00a0\u00a0\u00a0\u00a0\u00a0\u00a0\u00a0\u00a0\u00a0\u00a0\u00a0\u00a0\u00a0\u00a0\u00a0\u00a0\u00a0\u00a0\u00a0\u00a0\u00a0\u00a010h30<\/strong> Jarville, Neuves-Maisons\u00a0\u00a0<\/span>\u00a0\u00a0\u00a0\u00a0<\/p>\n<p><span style=\"color: #000000;\"><span style=\"text-decoration: underline;\"><em>\u00a0<\/em><strong><em>Autres annonces :<\/em><br \/><\/strong><\/span><strong>&#8211; Politique et spiritualit\u00e9 : un duo gagnant ? \u00bb<br \/><\/strong><strong>Le mardi 07 f\u00e9vrier 2023\u00a0\u00e0 19h30 <\/strong>au Forum104, Paris VI<sup>e<\/sup> et \u00e0 distance sur Zoom (s\u2019inscrire sur le site du dioc\u00e8se) organis\u00e9e par le \u2018\u2019Jour du seigneur\u2019\u2019\u00a0: Deux experts de terrain apporteront leur \u00e9clairage \u00e0 partir d\u2019extraits de l\u2019entretien de Camille Rouvier, docteure en th\u00e9ologie, dans\u00a0<a style=\"color: #000000;\" href=\"https:\/\/www.lejourduseigneur.com\/series\/theologies-en-partage-107\"><em><u>Th\u00e9ologies en partage<\/u><\/em><\/a>\u00a0et du film\u00a0<a style=\"color: #000000;\" href=\"https:\/\/www.lejourduseigneur.com\/videos\/dans-les-pas-de-dorothy-day-2820\"><em><u>Dans les pas de Dorothy Day<\/u><\/em><\/a>\u00a0 : Dominique Potier, d\u00e9put\u00e9 de Meurthe-et-Moselle et fondateur du laboratoire d\u2019id\u00e9es humaniste Esprit Civique et Cl\u00e9mence Pourroy, \u00e9lue municipale Poitiers Collectif \u00e0 Poitiers, charg\u00e9e de formation au Ceras.<\/span><\/p>\n<p><span style=\"color: #000000;\"><strong>&#8211; Les mardis de la formation : comment la Bible fut \u00e9crite ?<\/strong><\/span><br \/><span style=\"color: #000000;\"><strong>Le 07 f\u00e9vrier 2023\u00a0de 14h30 \u00e0 16h ou de 20h30 \u00e0 22h00, <\/strong>Salle St-Vincent de Paul sous l&rsquo;\u00e9glise St-Pierre, Nancy.<\/span><\/p>\n<p><span style=\"color: #000000;\"><strong>\u00a0&#8211; D\u00eener d\u00e9bat sur la fin de vie<br \/><\/strong><strong>Le mercredi 8 f\u00e9vrier<\/strong><strong> de 19h \u00e0 22h\u00a0: <\/strong>Dans le cadre de la journ\u00e9e mondiale des malades du 11 f\u00e9vrier 2023 une rencontre organis\u00e9e par le service de la pastorale de la sant\u00e9 aura lieu \u00e0 l\u2019espace MontRichard \u00e0 Pont \u00e0 Mousson. Contact 03 54 95 61 25 <a style=\"color: #000000;\" href=\"mailto:pastosante@catholique-nancy-.fr\">pastosante@catholique-nancy-.fr<\/a><\/span><\/p>\n<p><span style=\"color: #000000;\">&#8211; <strong>Groupe de pri\u00e8re et de louange<br \/><\/strong><strong>Le jeudi 9 f\u00e9vrier \u00e0 20h30, <\/strong>\u00e0 l\u2019\u00e9glise Notre-Dame de Lourdes propos\u00e9 par la communaut\u00e9 de l\u2019Emmanuel. Contact\u00a0: 06 81 70 77 33<\/span><\/p>\n<p><span style=\"color: #000000;\"><strong>\u00a0&#8211; \u00ab Pour une belle fin de vie \u00bb<br \/><\/strong><strong>Le jeudi 09 f\u00e9vrier 2023\u00a0de 19h00 \u00e0 20h00 <\/strong>Maison Paroissiale de la paroisse Notre-Dame de Bonne Nouvelle &#8211; 52 bis place Monseigneur Ruch \u00e0 Nancy\u00a0: Dans le cadre de <strong>la journ\u00e9e mondiale des malades du 11 f\u00e9vrier 2023,<\/strong> une rencontre est organis\u00e9e le jeudi 9 f\u00e9vrier, par la\u00a0<a style=\"color: #000000;\" href=\"https:\/\/www.catholique-nancy.fr\/sites\/notre-dame-de-bonne-nouvelle\/\">paroisse Notre-Dame de Bonne Nouvelle<\/a>\u00a0autour de Caroline Feuillet, aum\u00f4ni\u00e8re en soins palliatifs avec les docteurs Bernadette Aubr\u00e8ge et Dominique de Korvin.<\/span><\/p>\n<p><span style=\"color: #000000;\"><strong>\u00a0&#8211; Conf\u00e9rence de Guy Aurenche : l\u2019accueil dans un monde en qu\u00eate de paix<br \/><\/strong>Rencontre du 11 f\u00e9vrier,\u00a0 <strong>annul\u00e9e<\/strong> en raison des difficult\u00e9s des transports.<\/span><\/p>\n<p><span style=\"color: #000000;\"><strong>\u00a0&#8211; Cin\u00e9ma : M\u00e8re Teresa<br \/><\/strong><strong>Samedi 11 f\u00e9vrier \u00e0 14h30 <\/strong>au Mus\u00e9e du cin\u00e9ma et de la photographie, 10 rue Georges REMY 54210 St\u00a0Nicolas de Port : documentaire, projection \u00e0 l\u2019ancienne, entr\u00e9e libre. R\u00e9server si possible\u00a0: 03 83 4 5 18 32<\/span><\/p>\n<p><span style=\"color: #000000;\"><strong>\u00a0&#8211; Mini-camp du MEJ 54 (jeunes de 7 \u00e0 12 ans)<br \/><\/strong><strong>Du\u00a012 f\u00e9vrier\u00a0au\u00a015 f\u00e9vrier 2023\u00a0(16h30) <\/strong>\u00e0 La colonie COLO\u2019R\u00c9, R\u00e9haupal dans les Vosges\u00a0: D\u00e9couverte, joie, partage, amiti\u00e9, foi, confiance seront au c\u0153ur de cette exp\u00e9rience.<\/span><br \/><span style=\"color: #000000;\">D\u00e9part en bus le\u00a0<strong>dimanche 12 f\u00e9vrier 2020 \u00e0 10h30<\/strong>\u00a0au Domaine de l\u2019Asn\u00e9e, Villers-L\u00e8s-Nancy\u00a0<\/span><br \/><span style=\"color: #000000;\"><em>110 euros pour 1 enfant &#8211; 200 euros pour 2 enfants -295 euros pour 3 enfants<\/em> (Paiement par ch\u00e8que ou virement \u2013 possible en 3 fois \u2013 ch\u00e8ques vacances accept\u00e9s) Contact\u00a0: Cl\u00e9mence et David RICHARD Responsables dioc\u00e9sains MEJ 54.<\/span><\/p>\n","protected":false},"excerpt":{"rendered":"<p>R\u00e9collection avant appel d\u00e9cisif des cat\u00e9chum\u00e8nesLe samedi 04 f\u00e9vrier 2023\u00a0de 09h30 \u00e0 16h00 \u00e0 la Maison dioc\u00e9saine &#8211; Domaine de l&rsquo;Asn\u00e9e &#8211; Villers-l\u00e8s-Nancy. Charlotte, cat\u00e9chum\u00e8ne et future baptis\u00e9e de notre secteur sera pr\u00e9sente. Accompagnons-la par notre pri\u00e8re. Qu\u00eate suppl\u00e9mentaire du 1er dimanche du mois.Ce samedi 4 et dimanche 5 f\u00e9vrier, \u00e0 la sortie de la&hellip; <br \/> <a class=\"read-more\" href=\"https:\/\/paroisses-nancy-sud.fr\/HOME\/annonces-de-saint-francois-de-sales-et-sainte-jeanne-de-chantal-du-5-fevrier\/\">Lire la suite<\/a><\/p>\n","protected":false},"author":5,"featured_media":2464,"comment_status":"closed","ping_status":"open","sticky":false,"template":"","format":"standard","meta":[],"categories":[7],"tags":[],"acf":[],"_links":{"self":[{"href":"https:\/\/paroisses-nancy-sud.fr\/HOME\/wp-json\/wp\/v2\/posts\/2791"}],"collection":[{"href":"https:\/\/paroisses-nancy-sud.fr\/HOME\/wp-json\/wp\/v2\/posts"}],"about":[{"href":"https:\/\/paroisses-nancy-sud.fr\/HOME\/wp-json\/wp\/v2\/types\/post"}],"author":[{"embeddable":true,"href":"https:\/\/paroisses-nancy-sud.fr\/HOME\/wp-json\/wp\/v2\/users\/5"}],"replies":[{"embeddable":true,"href":"https:\/\/paroisses-nancy-sud.fr\/HOME\/wp-json\/wp\/v2\/comments?post=2791"}],"version-history":[{"count":2,"href":"https:\/\/paroisses-nancy-sud.fr\/HOME\/wp-json\/wp\/v2\/posts\/2791\/revisions"}],"predecessor-version":[{"id":2793,"href":"https:\/\/paroisses-nancy-sud.fr\/HOME\/wp-json\/wp\/v2\/posts\/2791\/revisions\/2793"}],"wp:featuredmedia":[{"embeddable":true,"href":"https:\/\/paroisses-nancy-sud.fr\/HOME\/wp-json\/wp\/v2\/media\/2464"}],"wp:attachment":[{"href":"https:\/\/paroisses-nancy-sud.fr\/HOME\/wp-json\/wp\/v2\/media?parent=2791"}],"wp:term":[{"taxonomy":"category","embeddable":true,"href":"https:\/\/paroisses-nancy-sud.fr\/HOME\/wp-json\/wp\/v2\/categories?post=2791"},{"taxonomy":"post_tag","embeddable":true,"href":"https:\/\/paroisses-nancy-sud.fr\/HOME\/wp-json\/wp\/v2\/tags?post=2791"}],"curies":[{"name":"wp","href":"https:\/\/api.w.org\/{rel}","templated":true}]}}