{"id":2795,"date":"2023-02-03T18:16:31","date_gmt":"2023-02-03T17:16:31","guid":{"rendered":"https:\/\/paroisses-nancy-sud.fr\/HOME\/?p=2795"},"modified":"2023-02-03T18:17:58","modified_gmt":"2023-02-03T17:17:58","slug":"vous-etes-le-sel-de-la-terre-vous-etes-la-lumiere-du-monde-mt-513-14","status":"publish","type":"post","link":"https:\/\/paroisses-nancy-sud.fr\/HOME\/vous-etes-le-sel-de-la-terre-vous-etes-la-lumiere-du-monde-mt-513-14\/","title":{"rendered":"\u00ab\u00a0Vous \u00eates le sel de la terre\u2026, Vous \u00eates la lumi\u00e8re du monde \u00bb (Mt, 5,13-14)"},"content":{"rendered":"\n<p><span style=\"color: #000000;\">En ce dimanche, nous d\u00e9butons la seconde partie du Sermon sur la montagne sur le sel et la lumi\u00e8re du monde.<\/span><br \/><span style=\"color: #000000;\">Le Christ est le sel de la terre et la lumi\u00e8re du monde. Il a donn\u00e9 \u00e0 ceux qu\u2019il a gu\u00e9ris, lib\u00e9r\u00e9s, une saveur nouvelle \u00e0 leur vie, le go\u00fbt de l\u2019amour et de la libert\u00e9. Ceux qui croient en lui sont comme lui sel de la terre et lumi\u00e8re du monde. Qu\u2019ils se gardent donc de s\u2019\u00e9vader du monde, de s\u2019enfuir loin de la terre. Au contraire, comme lui, qu\u2019ils n\u2019aient pas peur de s\u2019y enfouir et de s\u2019y fondre, de s\u2019y dissoudre comme le sel, pour y favoriser les germinations de l\u2019Esprit, pour qu\u2019y grandisse le go\u00fbt de vivre et de fraterniser sur les chantiers o\u00f9 se meurt l\u2019esp\u00e9rance.<\/span><\/p>\n<p style=\"text-align: center;\"><span style=\"color: #000000;\">Que ceux qui croient au Christ aient en eux-m\u00eames des tr\u00e9sors de lumi\u00e8re.<\/span><br \/><span style=\"color: #000000;\">Qu\u2019ils ne craignent pas de plonger dans le monde,<\/span><br \/><span style=\"color: #000000;\">Pour qu\u2019y surgisse le plein jour de l\u2019\u00c9vangile,<\/span><br \/><span style=\"color: #000000;\">Pour que la vie du monde en re\u00e7oive relief et couleur,<\/span><br \/><span style=\"color: #000000;\">Pour que sa mis\u00e8re et aussi sa beaut\u00e9 sortent de l\u2019ombre<\/span><br \/><span style=\"color: #000000;\">\u00a0Et soient transfigur\u00e9s par l\u2019amour du P\u00e8re,<\/span><br \/><span style=\"color: #000000;\">Pour que se l\u00e8ve une grande lumi\u00e8re sur les peuples qui marchent dans les t\u00e9n\u00e8bres.<\/span><br \/><span style=\"color: #000000;\">Qu\u2019ils ne gardent pas leur foi cach\u00e9e sous les boisseaux.<\/span><br \/><span style=\"color: #000000;\">Qu\u2019ils ne restent pas terr\u00e9s dans leurs abris, confin\u00e9s dans leurs vases clos,<br \/><\/span><span style=\"font-size: revert; color: #000000;\">Mais rejoignent les places et les carrefours au plein vent des chantiers du monde.<\/span><\/p>\n<p style=\"text-align: right;\"><em><span style=\"color: #000000;\">D\u2019apr\u00e8s Michel Scouarnec, extraits de la pr\u00e9face de \u00ab La foi, une affaire de go\u00fb<\/span>t\u00a0<\/em><\/p>\n","protected":false},"excerpt":{"rendered":"<p>En ce dimanche, nous d\u00e9butons la seconde partie du Sermon sur la montagne sur le sel et la lumi\u00e8re du monde.Le Christ est le sel de la terre et la lumi\u00e8re du monde. Il a donn\u00e9 \u00e0 ceux qu\u2019il a gu\u00e9ris, lib\u00e9r\u00e9s, une saveur nouvelle \u00e0 leur vie, le go\u00fbt de l\u2019amour et de la&hellip; <br \/> <a class=\"read-more\" href=\"https:\/\/paroisses-nancy-sud.fr\/HOME\/vous-etes-le-sel-de-la-terre-vous-etes-la-lumiere-du-monde-mt-513-14\/\">Lire la suite<\/a><\/p>\n","protected":false},"author":5,"featured_media":529,"comment_status":"closed","ping_status":"open","sticky":false,"template":"","format":"standard","meta":[],"categories":[6],"tags":[],"acf":[],"_links":{"self":[{"href":"https:\/\/paroisses-nancy-sud.fr\/HOME\/wp-json\/wp\/v2\/posts\/2795"}],"collection":[{"href":"https:\/\/paroisses-nancy-sud.fr\/HOME\/wp-json\/wp\/v2\/posts"}],"about":[{"href":"https:\/\/paroisses-nancy-sud.fr\/HOME\/wp-json\/wp\/v2\/types\/post"}],"author":[{"embeddable":true,"href":"https:\/\/paroisses-nancy-sud.fr\/HOME\/wp-json\/wp\/v2\/users\/5"}],"replies":[{"embeddable":true,"href":"https:\/\/paroisses-nancy-sud.fr\/HOME\/wp-json\/wp\/v2\/comments?post=2795"}],"version-history":[{"count":3,"href":"https:\/\/paroisses-nancy-sud.fr\/HOME\/wp-json\/wp\/v2\/posts\/2795\/revisions"}],"predecessor-version":[{"id":2798,"href":"https:\/\/paroisses-nancy-sud.fr\/HOME\/wp-json\/wp\/v2\/posts\/2795\/revisions\/2798"}],"wp:featuredmedia":[{"embeddable":true,"href":"https:\/\/paroisses-nancy-sud.fr\/HOME\/wp-json\/wp\/v2\/media\/529"}],"wp:attachment":[{"href":"https:\/\/paroisses-nancy-sud.fr\/HOME\/wp-json\/wp\/v2\/media?parent=2795"}],"wp:term":[{"taxonomy":"category","embeddable":true,"href":"https:\/\/paroisses-nancy-sud.fr\/HOME\/wp-json\/wp\/v2\/categories?post=2795"},{"taxonomy":"post_tag","embeddable":true,"href":"https:\/\/paroisses-nancy-sud.fr\/HOME\/wp-json\/wp\/v2\/tags?post=2795"}],"curies":[{"name":"wp","href":"https:\/\/api.w.org\/{rel}","templated":true}]}}