{"id":2889,"date":"2023-03-17T18:29:05","date_gmt":"2023-03-17T17:29:05","guid":{"rendered":"https:\/\/paroisses-nancy-sud.fr\/HOME\/?p=2889"},"modified":"2023-03-17T18:29:05","modified_gmt":"2023-03-17T17:29:05","slug":"l-eucharistie-une-autoroute-vers-le-ciel","status":"publish","type":"post","link":"https:\/\/paroisses-nancy-sud.fr\/HOME\/l-eucharistie-une-autoroute-vers-le-ciel\/","title":{"rendered":"L\u2019 eucharistie, une autoroute vers le ciel\u00a0!"},"content":{"rendered":"\n<p>\u00a0<\/p>\n<p><span style=\"color: #000000;\">N\u00e9 le 3 mai 1991, Carlo ACUTIS, ce jeune gar\u00e7on italien a \u00e9t\u00e9 une \u00e9toile fulgurante dans le ciel de notre g\u00e9n\u00e9ration. D\u00e8s son plus jeune \u00e2ge, il a manifest\u00e9 une d\u00e9votion toute particuli\u00e8re pour la vierge Marie et l\u2019eucharistie. Il insista pour faire sa communion avant l\u2019\u00e2ge requis et, \u00e0 partir de l\u00e0, l\u2019eucharistie devint le point central de son existence qui s\u2019organisa toute enti\u00e8re autour d\u2019elle.<\/span><\/p>\n<p><span style=\"color: #000000;\">\u00ab L\u2019eucharistie est comme un soleil d\u2019\u00e9t\u00e9 sur la peau\u2026\u00a0\u00bb disait-il, car \u00ab\u00a0J\u00e9sus pr\u00e9sent r\u00e9chauffe, transforme, bronze l\u2019\u00e2me en quelque sorte, la rend belle, belle de sa beaut\u00e9 divine et lumineuse \u00bb<\/span><br \/><span style=\"color: #000000;\">C\u2019est \u00e0 la source de l\u2019eucharistie, \u00ab son autoroute vers le ciel \u00bb que son amiti\u00e9 avec J\u00e9sus va s\u2019affermir et rayonner dans toutes ses relations et ses activit\u00e9s au quotidien, qu\u2019il joue au foot avec ses amis ou qu\u2019il fasse une maraude pour venir en aide aux SDF de Milan.<\/span><\/p>\n<p><span style=\"color: #000000;\">Il se fait plein d\u2019amis parmi les pauvres et les malades de son quartier, utilisant son argent de poche pour acheter des sacs de couchage et de la nourriture pour aider les plus d\u00e9munis, d\u00e9couvrant ainsi le bonheur de se donner et d\u2019aimer.<\/span><br \/><span style=\"color: #000000;\">A l\u2019\u00e2ge de 13 ans, Carlo est captiv\u00e9 par l\u2019apparition d\u2019internet mais, contrairement \u00e0 d\u2019autres jeunes qui s\u2019\u00e9garent dans ce monde parsem\u00e9 de chemins de traverse, il s\u2019est efforc\u00e9 de tirer le meilleur parti de ce nouvel outil de communication qui selon lui devait faire grandir chacun.<\/span><\/p>\n<p><span style=\"color: #000000;\">Carlo mettra toute son \u00e9nergie d\u2019adolescent dans la cr\u00e9ation de plusieurs sites internet pour faire entendre le cri d\u2019amour de Dieu dans l\u2019eucharistie et pour montrer aux autres que J\u00e9sus est v\u00e9ritablement pr\u00e9sent dans l\u2019hostie.<\/span><br \/><span style=\"color: #000000;\">Cyber-ap\u00f4tre, il cr\u00e9a notamment une exposition sur les miracles eucharistiques pour montrer les \u00e9pisodes de l\u2019histoire au cours desquelles il s\u2019est pass\u00e9 quelque chose d\u2019extraordinaire avec une hostie consacr\u00e9e. Cette exposition fut mise en ligne sur Internet et devait \u00eatre pr\u00e9sent\u00e9e \u00e0 la paroisse d\u2019Assise le 4 octobre 2006.<\/span><\/p>\n<p><span style=\"color: #000000;\">Mais, il ne sera pas au rendez-vous car \u00e0 15 ans, on lui d\u00e9couvre une leuc\u00e9mie foudroyante qui l\u2019emportera en trois jours. Jusqu\u2019au bout il restera fid\u00e8le \u00e0 son programme de vie\u00a0\u00ab \u00eatre toujours uni \u00e0 J\u00e9sus \u00bb et partira avec le sourire en offrant ses souffrances pour le Pape et pour l\u2019Eglise.\u00a0<\/span><\/p>\n<p><span style=\"color: #000000;\">Le 10 octobre 2022, Carlo ACUTIS, surnomm\u00e9 \u00ab le geek de Dieu \u00bb a \u00e9t\u00e9 proclam\u00e9 bienheureux par le pape Fran\u00e7ois qui le donne r\u00e9guli\u00e8rement en mod\u00e8le pour les jeunes d\u2019aujourd\u2019hui et qui fait de lui le premier Saint \u00e0 avoir navigu\u00e9 sur le Web.<\/span><\/p>\n","protected":false},"excerpt":{"rendered":"<p>\u00a0 N\u00e9 le 3 mai 1991, Carlo ACUTIS, ce jeune gar\u00e7on italien a \u00e9t\u00e9 une \u00e9toile fulgurante dans le ciel de notre g\u00e9n\u00e9ration. D\u00e8s son plus jeune \u00e2ge, il a manifest\u00e9 une d\u00e9votion toute particuli\u00e8re pour la vierge Marie et l\u2019eucharistie. Il insista pour faire sa communion avant l\u2019\u00e2ge requis et, \u00e0 partir de l\u00e0,&hellip; <br \/> <a class=\"read-more\" href=\"https:\/\/paroisses-nancy-sud.fr\/HOME\/l-eucharistie-une-autoroute-vers-le-ciel\/\">Lire la suite<\/a><\/p>\n","protected":false},"author":5,"featured_media":529,"comment_status":"closed","ping_status":"open","sticky":false,"template":"","format":"standard","meta":[],"categories":[6],"tags":[],"acf":[],"_links":{"self":[{"href":"https:\/\/paroisses-nancy-sud.fr\/HOME\/wp-json\/wp\/v2\/posts\/2889"}],"collection":[{"href":"https:\/\/paroisses-nancy-sud.fr\/HOME\/wp-json\/wp\/v2\/posts"}],"about":[{"href":"https:\/\/paroisses-nancy-sud.fr\/HOME\/wp-json\/wp\/v2\/types\/post"}],"author":[{"embeddable":true,"href":"https:\/\/paroisses-nancy-sud.fr\/HOME\/wp-json\/wp\/v2\/users\/5"}],"replies":[{"embeddable":true,"href":"https:\/\/paroisses-nancy-sud.fr\/HOME\/wp-json\/wp\/v2\/comments?post=2889"}],"version-history":[{"count":1,"href":"https:\/\/paroisses-nancy-sud.fr\/HOME\/wp-json\/wp\/v2\/posts\/2889\/revisions"}],"predecessor-version":[{"id":2890,"href":"https:\/\/paroisses-nancy-sud.fr\/HOME\/wp-json\/wp\/v2\/posts\/2889\/revisions\/2890"}],"wp:featuredmedia":[{"embeddable":true,"href":"https:\/\/paroisses-nancy-sud.fr\/HOME\/wp-json\/wp\/v2\/media\/529"}],"wp:attachment":[{"href":"https:\/\/paroisses-nancy-sud.fr\/HOME\/wp-json\/wp\/v2\/media?parent=2889"}],"wp:term":[{"taxonomy":"category","embeddable":true,"href":"https:\/\/paroisses-nancy-sud.fr\/HOME\/wp-json\/wp\/v2\/categories?post=2889"},{"taxonomy":"post_tag","embeddable":true,"href":"https:\/\/paroisses-nancy-sud.fr\/HOME\/wp-json\/wp\/v2\/tags?post=2889"}],"curies":[{"name":"wp","href":"https:\/\/api.w.org\/{rel}","templated":true}]}}