{"id":2894,"date":"2023-03-26T14:13:04","date_gmt":"2023-03-26T12:13:04","guid":{"rendered":"https:\/\/paroisses-nancy-sud.fr\/HOME\/?p=2894"},"modified":"2023-03-26T14:13:04","modified_gmt":"2023-03-26T12:13:04","slug":"annonces-de-la-visitation-du-26-mars","status":"publish","type":"post","link":"https:\/\/paroisses-nancy-sud.fr\/HOME\/annonces-de-la-visitation-du-26-mars\/","title":{"rendered":"Annonces de la Visitation du 26 mars"},"content":{"rendered":"\n\n\n<p><span style=\"color: #000000;\"><strong><span style=\"text-decoration: underline;\">Samedi 18 et dimanche 19 mars\u00a0<\/span>: <\/strong>Les paroisses du dioc\u00e8se lancent officiellement la collecte 2023 du Denier de l\u2019\u00c9glise.<\/span><br \/><span style=\"color: #000000;\"><em>le Denier est une ressource vitale pour notre dioc\u00e8se : les dons collect\u00e9s permettent de subvenir aux besoins des pr\u00eatres en activit\u00e9 ou \u00e0 la retraite, de r\u00e9mun\u00e9rer les la\u00efcs salari\u00e9s, et de former les s\u00e9minaristes qui se pr\u00e9parent \u00e0 devenir pr\u00eatres.<\/em><\/span><\/p>\n<p><span style=\"color: #000000;\"><strong><span style=\"text-decoration: underline;\">Lundi 27 mars \u00e0 18 h<\/span>\u00a0<br \/><\/strong>Salle paroissiale Soir\u00e9e info\/d\u00e9bat organis\u00e9e par l&rsquo;\u00e9quipe locale du CCFD-Terre Solidaire, <em>pas de temps convivial en fin de s\u00e9ance<\/em>.<\/span><\/p>\n<p><span style=\"color: #000000;\"><strong><span style=\"text-decoration: underline;\">Le jour des Rameaux<\/span>,<\/strong> <\/span><br \/><span style=\"color: #000000;\">Du buis sera propos\u00e9 par l&rsquo;\u00e9quipe locale du CCFD sur le parvis de l&rsquo;\u00e9glise avant la messe de 10 h 30 \u00e0 Neuves-Maisons. <em>Le fruit de la g\u00e9n\u00e9rosit\u00e9 des paroissiens sera int\u00e9gralement affect\u00e9 comme don au CCFD-Terre Solidaire.<\/em><\/span><\/p>\n<p><span style=\"color: #000000;\"><strong><span style=\"text-decoration: underline;\">Lundi 27 mars<\/span>, <br \/><\/strong>prochaine rencontre de lecture des onze premiers chapitres de la Gen\u00e8se, de 14h \u00e0 16h, en deux groupes, salles paroissiales de NM (<em>RDC\u00a0 et 1<sup>er<\/sup> \u00e9tage.)<\/em><\/span><\/p>\n<p><span style=\"color: #000000;\"><span style=\"text-decoration: underline;\"><strong>Jeudi 06 avril \u00e0 20h30<\/strong> <br \/><\/span>\u00e0 l\u2019\u00e9glise de Pont Saint Vincent\u00a0; Concert organis\u00e9 par l\u2019association renaissance au profit de la restauration de l\u2019\u00e9glise. Au programme\u00a0:<\/span><br \/><span style=\"color: #000000;\">Trois le\u00e7ons de t\u00e9n\u00e8bres de Fran\u00e7ois Couperin par Dominique Dantan et deux solistes, Laureen Stoulig-Thinnes et V\u00e9ronique Nosbaum. <em>Entr\u00e9e libre. Corbeilles.<\/em><\/span><\/p>\n<p><span style=\"color: #000000;\"><strong><span style=\"text-decoration: underline;\">Vente des \u0153ufs de P\u00e2ques<\/span> :<br \/><\/strong><span style=\"font-size: revert;\">Les traditionnels \u0153ufs de P\u00e2ques propos\u00e9s par l\u2019association dioc\u00e9saine sont arriv\u00e9s. Vente les dimanches \u00e0 la sortie de l\u2019\u00e9glise de Neuves-Maisons au prix de 0,75\u20ac.<\/span><\/span><\/p>\n<p><span style=\"color: #000000;\"><span style=\"text-decoration: underline;\"><strong>C\u00e9l\u00e9brations Semaine Sainte et P\u00e2ques<br \/><\/strong><\/span>Samedi 01 avril de 9h00\u00a0\u00e0 12h00 : confessions \u00e0 l\u2019\u00e9glise de Neuves-Maisons<\/span><br \/><span style=\"color: #000000;\">Lundi 03 avril\u00a0\u00e0 14h00\u00a0: c\u00e9l\u00e9bration p\u00e9nitentielle \u00e0 Neuves-Maisons<\/span><br \/><span style=\"color: #000000;\">Vendredi 07 avril \u00e0 15h00\u00a0: chemin de Croix \u00e0 Neuves-Maisons<\/span><br \/><span style=\"color: #000000;\">Laudes le samedi 08 avril \u00e0 09h00 \u00e0 l\u2019\u00e9glise de Bainville<\/span><\/p>\n<p><span style=\"color: #000000;\"><strong>Triduum pascal<\/strong> \u00e0 l\u2019\u00e9glise de Bainville\u00a0:<\/span><br \/><span style=\"color: #000000;\">\u00a0 \u00a0 \u00a0 \u00a0 \u00a0 \u00a0 Jeudi 06 avril \u00e0 18h30 : la C\u00e8ne et adoration jusque 20h30<\/span><br \/><span style=\"color: #000000;\">\u00a0 \u00a0 \u00a0 \u00a0 \u00a0 \u00a0 Vendredi 07 avril \u00e0 18h30 : Office de la Croix\u00a0\u00a0<\/span><br \/><span style=\"color: #000000;\">\u00a0 \u00a0 \u00a0 \u00a0 \u00a0 \u00a0 Samedi 08 avril \u00e0 21h00 : veill\u00e9e pascale<\/span><\/p>\n<p><span style=\"color: #000000;\"><strong><span style=\"text-decoration: underline;\">Dimanche 09 avril<\/span>\u00a0: Jour de P\u00e2ques\u00a0<\/strong>: messe \u00e0 10h00 Viterne et 10h30 Neuves-Maisons<\/span><\/p>\n<p><span style=\"color: #000000;\"><strong>\u00a0<\/strong><strong>Messes \u00e0 la Visitation :<br \/><\/strong>Samedi 01 avril \u00e0 18h00\u00a0: Pont Saint Vincent<\/span><br \/><span style=\"color: #000000;\">Dimanche 02 avril \u00e0 10h00\u00a0: Xeuilley et \u00e010h30\u00a0: Neuves-Maisons, Rameaux<\/span><\/p>\n<p><span style=\"color: #000000;\"><span style=\"text-decoration: underline;\"><strong>Messes en semaine<em>\u00a0<br \/><\/em><\/strong><\/span>Jeudi\u00a0: adoration \u00e0 16h00 et messe \u00e0 16h30 \u00e0 la chapelle.<\/span><br \/><span style=\"color: #000000;\">Vendredi\u00a0: messe \u00e0 08h20 chez les s\u0153urs \u00e0 Bainville, 67 rue Jacques Callot<\/span><\/p>\n<p><span style=\"color: #000000;\"><u><strong>Permanences \u00e0 la maison paroissiale<\/strong> :<\/u> <\/span><br \/><span style=\"color: #000000;\">Mardi de 14h \u00e0 16h30 et Samedi de 9h30 \u00e0 11h30<\/span><br \/><span style=\"color: #000000;\">tel : 03 83 47 25 54 \u2013 <em><strong>adresse mail<\/strong><\/em><strong> : <\/strong><a style=\"color: #000000;\" href=\"mailto:visitationmm@orange.fr\">visitationmm@orange.fr<\/a>\u00a0 <\/span><br \/><span style=\"color: #000000;\">Horaires des messes :\u00a0 <a style=\"color: #000000;\" href=\"https:\/\/messes.info\/\">messesinfo<\/a><em> (cliquer sur le lien)<\/em><\/span><\/p>\n","protected":false},"excerpt":{"rendered":"<p>Samedi 18 et dimanche 19 mars\u00a0: Les paroisses du dioc\u00e8se lancent officiellement la collecte 2023 du Denier de l\u2019\u00c9glise.le Denier est une ressource vitale pour notre dioc\u00e8se : les dons collect\u00e9s permettent de subvenir aux besoins des pr\u00eatres en activit\u00e9 ou \u00e0 la retraite, de r\u00e9mun\u00e9rer les la\u00efcs salari\u00e9s, et de former les s\u00e9minaristes qui&hellip; <br \/> <a class=\"read-more\" href=\"https:\/\/paroisses-nancy-sud.fr\/HOME\/annonces-de-la-visitation-du-26-mars\/\">Lire la suite<\/a><\/p>\n","protected":false},"author":5,"featured_media":472,"comment_status":"closed","ping_status":"open","sticky":false,"template":"","format":"standard","meta":[],"categories":[10],"tags":[],"acf":[],"_links":{"self":[{"href":"https:\/\/paroisses-nancy-sud.fr\/HOME\/wp-json\/wp\/v2\/posts\/2894"}],"collection":[{"href":"https:\/\/paroisses-nancy-sud.fr\/HOME\/wp-json\/wp\/v2\/posts"}],"about":[{"href":"https:\/\/paroisses-nancy-sud.fr\/HOME\/wp-json\/wp\/v2\/types\/post"}],"author":[{"embeddable":true,"href":"https:\/\/paroisses-nancy-sud.fr\/HOME\/wp-json\/wp\/v2\/users\/5"}],"replies":[{"embeddable":true,"href":"https:\/\/paroisses-nancy-sud.fr\/HOME\/wp-json\/wp\/v2\/comments?post=2894"}],"version-history":[{"count":1,"href":"https:\/\/paroisses-nancy-sud.fr\/HOME\/wp-json\/wp\/v2\/posts\/2894\/revisions"}],"predecessor-version":[{"id":2895,"href":"https:\/\/paroisses-nancy-sud.fr\/HOME\/wp-json\/wp\/v2\/posts\/2894\/revisions\/2895"}],"wp:featuredmedia":[{"embeddable":true,"href":"https:\/\/paroisses-nancy-sud.fr\/HOME\/wp-json\/wp\/v2\/media\/472"}],"wp:attachment":[{"href":"https:\/\/paroisses-nancy-sud.fr\/HOME\/wp-json\/wp\/v2\/media?parent=2894"}],"wp:term":[{"taxonomy":"category","embeddable":true,"href":"https:\/\/paroisses-nancy-sud.fr\/HOME\/wp-json\/wp\/v2\/categories?post=2894"},{"taxonomy":"post_tag","embeddable":true,"href":"https:\/\/paroisses-nancy-sud.fr\/HOME\/wp-json\/wp\/v2\/tags?post=2894"}],"curies":[{"name":"wp","href":"https:\/\/api.w.org\/{rel}","templated":true}]}}