{"id":2896,"date":"2023-03-26T19:34:07","date_gmt":"2023-03-26T17:34:07","guid":{"rendered":"https:\/\/paroisses-nancy-sud.fr\/HOME\/?p=2896"},"modified":"2023-03-26T19:34:07","modified_gmt":"2023-03-26T17:34:07","slug":"annonces-de-saint-francois-de-sales-et-sainte-jeanne-de-chantal-15","status":"publish","type":"post","link":"https:\/\/paroisses-nancy-sud.fr\/HOME\/annonces-de-saint-francois-de-sales-et-sainte-jeanne-de-chantal-15\/","title":{"rendered":"Annonces de Saint-Fran\u00e7ois-de-Sales et Sainte-Jeanne-de-Chantal"},"content":{"rendered":"\n\n\n<p><span style=\"color: #000000;\"><strong><span style=\"text-decoration: underline;\">Scrutins pour les futurs baptis\u00e9s<\/span><br \/><\/strong><strong>Ce dimanche 26 mars,<\/strong> \u00e0 Jarville ou \u00e0 Neuves-Maisons, les cat\u00e9chum\u00e8nes, et aussi les jeunes ados vivent leur 3<sup>\u00e8me<\/sup> \u2018\u2019scrutin\u2019\u2019, \u00e9tape vers leur bapt\u00eame qui sera c\u00e9l\u00e9br\u00e9 \u00e0 P\u00e2ques ou dans les semaines qui suivront.<\/span><\/p>\n<p><span style=\"color: #000000;\"><strong><span style=\"text-decoration: underline;\">Bapt\u00eames<\/span> :<br \/><\/strong><strong>Le dimanche 2 avril <\/strong>Valentine et Thomas recevront le bapt\u00eame<strong> \u00e0 Ludres<\/strong>. Prions pour eux et leurs familles.<\/span><\/p>\n<p><span style=\"color: #000000;\"><span style=\"text-decoration: underline;\"><strong>Parcours Alpha :<br \/><\/strong><\/span><strong>Mardi 28 mars \u00e0 19h30 \u00e0 Jarville <\/strong>le groupe se retrouve pour la rencontre sur le th\u00e8me <em>\u00abQu\u2019en est-il de notre Eglise\u00a0?<\/em>\u00bb<\/span><\/p>\n<p><span style=\"color: #000000;\"><strong><span style=\"text-decoration: underline;\">Les pr\u00eatres de votre paroisse ont besoin de vous<\/span> !\u00a0<br \/><\/strong>Tout au long de l\u2019ann\u00e9e les pr\u00eatres donnent de leur \u00e9nergie et de leur temps pour vous servir au mieux. Les p\u00e8res Marc, Guy, Claude, Raj, Alexandre-Marie, c\u00e9l\u00e8brent les messes, les bapt\u00eames, les mariages, les fun\u00e9railles, et s\u2019investissent au quotidien dans notre Eglise locale (\u00e9coute et rencontres, visites des malades et personnes \u00e2g\u00e9es, cat\u00e9ch\u00e8se, groupes de pri\u00e8re, groupe de lecture de la Bible\u2026) et son fonctionnement.<\/span><br \/><span style=\"color: #000000;\">Aujourd\u2019hui ils ont besoin de vous\u00a0: leur traitement est pris en charge par le Denier de l\u2019Eglise. <strong>Faire un don au Denier c\u2019est leur apporter un soutien concret<\/strong>\u00a0: <strong>r\u00e9mun\u00e9ration pour 81 pr\u00eatres en mission sur notre dioc\u00e8se, prise en charge de 44 pr\u00eatres a\u00een\u00e9s, formation d\u2019un jeune s\u00e9minariste qui se pr\u00e9pare \u00e0 devenir pr\u00eatre et salaires de 42 la\u00efcs.<br \/><\/strong>A l\u2019image de Sainte Bernadette de Lourdes dont le visage apparait sur les affiches de la nouvelle campagne Denier, <strong>vous aussi, vous pouvez faire grandir l\u2019Eglise<\/strong>. Participer \u00e0 cette collecte c\u2019est une des mani\u00e8res de contribuer \u00e0 la faire grandir en lui donnant les moyens de sa mission. Les pr\u00eatres, la\u00efcs salari\u00e9s et s\u00e9minaristes de Meurthe et Moselle comptent sur vous et vous remercient de votre g\u00e9n\u00e9rosit\u00e9. Tout don, quel qu\u2019en soit le montant, sera re\u00e7u avec reconnaissance.<\/span><br \/><span style=\"color: #000000;\">Les \u2018\u2019enveloppes don\u2019\u2019 seront distribu\u00e9es en m\u00eame temps que les <em>Passerelles<\/em> qui vont arriver dans la semaine.<\/span><\/p>\n<p><span style=\"color: #000000;\"><span style=\"text-decoration: underline;\"><strong>March\u00e9 de P\u00e2ques :<br \/><\/strong><\/span><strong>Le samedi 1<sup>er<\/sup> avril \u00e0 Laneuveville de 17h \u00e0 20h et le dimanche 2 avril \u00e0 Jarville de 10h \u00e0 13h <\/strong>sur le parvis des \u00e9glises nous vous proposerons des d\u00e9corations de P\u00e2ques, des charcuteries lorraines, des produits festifs et bien d\u2019autres choses\u00a0!<\/span><\/p>\n<p><span style=\"color: #000000;\"><strong><span style=\"text-decoration: underline;\">Qu\u00eate suppl\u00e9mentaire du premier dimanche du mois<\/span> :\u00a0<br \/><\/strong><strong>Le samedi 1<sup>er<\/sup> avril et le dimanche 2 avril aura lieu <\/strong>la qu\u00eate suppl\u00e9mentaire \u00e0 la sortie des messes de nos paroisses pour aider \u00e0 la couverture des frais de fonctionnement et pastoraux de nos paroisses<\/span><\/p>\n<p><span style=\"color: #000000;\"><span style=\"text-decoration: underline;\"><strong>\u00a0 <\/strong><\/span><strong><span style=\"text-decoration: underline;\">Horaires des messes dominicales des 1<sup>er<\/sup> et 2 avril mars 2023<\/span>.\u00a0<br \/><\/strong><strong>Samedi 1<sup>er<\/sup> avril : 18h <\/strong>Heillecourt, Laneuveville, Pont-Saint-Vincent<\/span><br \/><span style=\"color: #000000;\"><strong>Dimanche 2 avril : 10h <\/strong>Xeuilley\u00a0\u00a0 \u00a0\u00a0\u00a0\u00a0\u00a0\u00a0\u00a0<strong>\u00a0\u00a0\u00a0\u00a0\u00a0\u00a0\u00a0\u00a0\u00a0\u00a0\u00a0\u00a0\u00a0\u00a010h30<\/strong> Jarville<strong>, <\/strong>Neuves-Maisons<strong>\u00a0\u00a0\u00a0 \u00a0\u00a0\u00a0\u00a0\u00a0\u00a0\u00a0\u00a011h <\/strong>Ludres<\/span><strong><span style=\"color: #000000;\">\u00a0<\/span> \u00a0 \u00a0\u00a0<\/strong><\/p>\n<p><span style=\"color: #000000;\"><strong>\u00a0Attention ! \u00e0 partir de P\u00e2ques, les messes du samedi soir seront maintenues \u00e0 18h.\u00a0<\/strong><\/span><\/p>\n<p><span style=\"color: #000000;\"><strong><span style=\"text-decoration: underline;\">Concerts<\/span> :\u00a0\u00a0<br \/><\/strong><strong>Le dimanche 26 mars \u00e0 17h \u00e0 l\u2019\u00e9glise de Laneuveville concert Gospel Koncept.<br \/><\/strong><strong>Le dimanche 2 avril \u00e0 Flavigny \u00e0\u00a016 h concert avec les 2 ch\u0153urs de la Manonchante et Sing for Joy<\/strong><\/span><\/p>\n<p><span style=\"text-decoration: underline; color: #000000;\"><strong>\u00a0<\/strong><strong>Joie du pardon ! :\u00a0<\/strong><\/span><\/p>\n<ul>\n<li><span style=\"color: #000000;\"><strong>Samedi prochain, 1<sup>er<\/sup> avril, \u00e0 l\u2019\u00e9glise de Jarville de 14h \u00e0 17h00 rendez-vous <\/strong><strong>pour les adultes, les jeunes et les enfants\u00a0<\/strong><strong>pour <\/strong><strong>une apr\u00e8s-midi sur la joie du pardon <\/strong>: un temps de t\u00e9moignages, partage en groupe, puis \u00e0<strong> 16h c\u00e9l\u00e9bration du pardon<\/strong>.<\/span><\/li>\n<li><span style=\"color: #000000;\"><strong>Les enfants suivent un parcours<\/strong> sp\u00e9cialement pr\u00e9par\u00e9 par leurs accompagnateurs cat\u00e9, dans les salles \u00e0 c\u00f4t\u00e9 de l\u2019\u00e9glise. <strong>Les adultes et jeunes<\/strong> se retrouvent dans l\u2019\u00e9glise.<\/span><\/li>\n<\/ul>\n<p><span style=\"color: #000000;\"><span style=\"text-decoration: underline;\"><strong>F\u00eate patronale de St Georges \u00e0 Richardm\u00e9nil<br \/><\/strong><\/span><strong>Le dimanche 23 avril, la messe du dimanche sera\u00a0 c\u00e9l\u00e9br\u00e9e \u00e0 l\u2019\u00e9glise de Richardm\u00e9nil <\/strong>et non \u00e0 Flavigny \u00e0 l\u2019occasion de la f\u00eate patronale de l\u2019\u00e9glise St Georges. En partenariat avec la municipalit\u00e9, un moment convivial sur le parvis de l\u2019\u00e9glise puis un repas partag\u00e9 \u00e0 la MTL suivront. Une\u00a0 conf\u00e9rence de d\u00e9couverte de l\u2019\u00e9glise\u00a0 sera donn\u00e9e dans l\u2019apr\u00e8s-midi.<\/span><\/p>\n<p><span style=\"text-decoration: underline; color: #000000;\"><strong>Propositions pour le Car\u00eame<\/strong><\/span><\/p>\n<ul>\n<li><span style=\"color: #000000;\"><strong>Solidarit\u00e9\u00a0<\/strong><\/span>\n<ul>\n<li><span style=\"color: #000000;\">Vente des <strong>\u0153ufs de P\u00e2ques<\/strong> pour l\u2019association dioc\u00e9saine\u00a0: <strong>le samedi 25 et le dimanche 26 mars<\/strong>: \u00e0 Jarville, Laneuveville, Fl\u00e9ville et Flavigny \u00e0 la l\u2019issue des messes (0,75 \u20ac l\u2019\u0153uf ou 7,5\u20ac les 10)<\/span><\/li>\n<li><span style=\"color: #000000;\">Collecte au fond de nos \u00e9glises,<strong> produits d\u2019hygi\u00e8ne et d\u2019alimentation et des g\u00e2teries de p\u00e2ques <\/strong>pour l\u2019association \u2018\u2019Les amis du Bonsa\u00ef\u2019\u2019<\/span><\/li>\n<\/ul>\n<\/li>\n<li><span style=\"color: #000000;\"><strong>\u00ab Caf\u00e9-Evangile- \u00e9change \u00bb :<br \/><\/strong><strong>Avec le p\u00e8re Raj<\/strong> \u2018\u2019 lectio divina \u2018\u2019\u00a0: \u00a0<strong>la r\u00e9surrection du Christ\u00a0le lundi 27 mars \u00e0 17h \u00e0 Ludres<\/strong>.<\/span><\/li>\n<li><span style=\"color: #000000;\"><strong>Mardi 28 mars, 4<sup>\u00e8me<\/sup> soir\u00e9e<\/strong><strong> du CCFD \u00e0 Ludres \u00e0 20h30<\/strong>\u00a0: \u00a0\u2018\u2018 La r\u00e9silience par l\u2019amour<em>\u2019\u2019.\u00a0<\/em><\/span><\/li>\n<li><span style=\"color: #000000;\"><strong>Chemin de croix le vendredi 31 mars \u00e0 15h \u00e0 Heillecourt et<\/strong> <strong>\u00e0 Richardm\u00e9nil.<\/strong><\/span><\/li>\n<li><span style=\"color: #000000;\"><strong>Soir\u00e9e de pri\u00e8re devant une peinture, suivie d\u2019un temps de partage \u2018\u2019pain-pomme\u2019\u2019: <\/strong>le <strong>vendredi 31 mars \u00e0 Jarville\u00a0\u00e0 20h30 :<\/strong> Devant l\u2019\u0153uvre d\u2019art propos\u00e9e, \u2018\u2019E<em>ntr\u00e9e du Christ \u00e0 J\u00e9rusalem\u2019\u2019,<\/em> projet\u00e9e sur \u00e9cran, se laisser apprivoiser par elle, faire de ce moment une v\u00e9ritable exp\u00e9rience int\u00e9rieure et prier en communaut\u00e9.<\/span><\/li>\n<li><span style=\"color: #000000;\"><strong>Conf\u00e9rences de Car\u00eame<\/strong><strong>: Comment retrouver la capacit\u00e9 de vivre la liturgie\u00a0?<\/strong>: Alexandre-Marie nous propose 2 autres temps d\u2019enseignements sur la liturgie \u00e0 partir de la lettre du pape Fran\u00e7ois, \u2018\u2019 Desiderio desideravi\u2019\u2019 (\u2018\u2019<em>J\u2019ai d\u00e9sir\u00e9 d\u2019un grand d\u00e9sir\u2019\u2019<\/em> du 29 juin 2022).<\/span><br \/><span style=\"color: #000000;\">le samedi 15 avril \u00e0 Ludres \u00e0 15h et le dimanche 16 avril \u00e0 Jarville \u00e0 16h30 : \u2018<em>\u2018A travers la chair du Verbe\u2019\u2019. L<\/em>e samedi 22 avril \u00e0 Ludres \u00e0 15h et le dimanche 23 avril \u00e0 Jarville \u00e0 16h30\u00a0: \u2018\u2019Devenir Lui\u2019\u2019<\/span><\/li>\n<\/ul>\n<p><span style=\"color: #000000;\"><span style=\"text-decoration: underline;\"><strong>\u00a0<\/strong><strong>Table ouverte du dimanche de P\u00e2ques<br \/><\/strong><\/span><strong>Le dimanche 9 avril, \u00e0 Jarville table ouverte pour f\u00eater P\u00e2ques. <\/strong>Comme d\u2019habitude chacun(e) est le bienvenu(e) et peut apporter un plat sal\u00e9 ou sucr\u00e9 et quelques g\u00e2teries.<\/span><\/p>\n<p><span style=\"color: #000000;\"><span style=\"text-decoration: underline;\"><strong>\u00a0<\/strong><strong>M\u00e9nage de l\u2019\u00e9glise de Jarville\u00a0<br \/><\/strong><\/span><strong>Le lundi 3 avril \u00e0 9h rendez-vous pour un grand m\u00e9nage de printemps<\/strong>\u00a0! Venez avec votre bonne humeur\u00a0!<\/span><\/p>\n<p><span style=\"color: #000000;\"><span style=\"text-decoration: underline;\"><strong>Autres annonces :<br \/><\/strong><\/span><strong>\u00a0&#8211; Les reliques de Sainte Bernadette :\u00a0<\/strong><strong>Vendredi 31 mars \u00e0 la basilique <\/strong>Notre-Dame de Lourdes \u00e0 Nancy de 14h \u00e0 22h v\u00e9n\u00e9ration des reliques de Sainte Bernadette\u00a0:<strong>18h chapelet<\/strong> &#8211; <strong>18h45 messe puis bol de riz- 20h 30 Veill\u00e9e de pri\u00e8re avec v\u00e9n\u00e9ration des reliques et adoration du Saint Sacrement.<\/strong><\/span><\/p>\n<p><span style=\"color: #000000;\"><strong>\u00a0 &#8211; <\/strong><strong>Conf\u00e9rence sur l\u2019Ukraine\u00a0: <\/strong><em>La Crucifixion de l\u2019Ukraine<br \/><\/em><strong>Le mardi 4 avril \u00e0 20h30<\/strong> \u00e0 la maison de l\u2019Asn\u00e9e avec Jean-Fran\u00e7ois COLOSSIMO<\/span><\/p>\n","protected":false},"excerpt":{"rendered":"<p>Scrutins pour les futurs baptis\u00e9sCe dimanche 26 mars, \u00e0 Jarville ou \u00e0 Neuves-Maisons, les cat\u00e9chum\u00e8nes, et aussi les jeunes ados vivent leur 3\u00e8me \u2018\u2019scrutin\u2019\u2019, \u00e9tape vers leur bapt\u00eame qui sera c\u00e9l\u00e9br\u00e9 \u00e0 P\u00e2ques ou dans les semaines qui suivront. Bapt\u00eames :Le dimanche 2 avril Valentine et Thomas recevront le bapt\u00eame \u00e0 Ludres. Prions pour eux&hellip; <br \/> <a class=\"read-more\" href=\"https:\/\/paroisses-nancy-sud.fr\/HOME\/annonces-de-saint-francois-de-sales-et-sainte-jeanne-de-chantal-15\/\">Lire la suite<\/a><\/p>\n","protected":false},"author":5,"featured_media":2464,"comment_status":"closed","ping_status":"open","sticky":false,"template":"","format":"standard","meta":[],"categories":[7],"tags":[],"acf":[],"_links":{"self":[{"href":"https:\/\/paroisses-nancy-sud.fr\/HOME\/wp-json\/wp\/v2\/posts\/2896"}],"collection":[{"href":"https:\/\/paroisses-nancy-sud.fr\/HOME\/wp-json\/wp\/v2\/posts"}],"about":[{"href":"https:\/\/paroisses-nancy-sud.fr\/HOME\/wp-json\/wp\/v2\/types\/post"}],"author":[{"embeddable":true,"href":"https:\/\/paroisses-nancy-sud.fr\/HOME\/wp-json\/wp\/v2\/users\/5"}],"replies":[{"embeddable":true,"href":"https:\/\/paroisses-nancy-sud.fr\/HOME\/wp-json\/wp\/v2\/comments?post=2896"}],"version-history":[{"count":1,"href":"https:\/\/paroisses-nancy-sud.fr\/HOME\/wp-json\/wp\/v2\/posts\/2896\/revisions"}],"predecessor-version":[{"id":2897,"href":"https:\/\/paroisses-nancy-sud.fr\/HOME\/wp-json\/wp\/v2\/posts\/2896\/revisions\/2897"}],"wp:featuredmedia":[{"embeddable":true,"href":"https:\/\/paroisses-nancy-sud.fr\/HOME\/wp-json\/wp\/v2\/media\/2464"}],"wp:attachment":[{"href":"https:\/\/paroisses-nancy-sud.fr\/HOME\/wp-json\/wp\/v2\/media?parent=2896"}],"wp:term":[{"taxonomy":"category","embeddable":true,"href":"https:\/\/paroisses-nancy-sud.fr\/HOME\/wp-json\/wp\/v2\/categories?post=2896"},{"taxonomy":"post_tag","embeddable":true,"href":"https:\/\/paroisses-nancy-sud.fr\/HOME\/wp-json\/wp\/v2\/tags?post=2896"}],"curies":[{"name":"wp","href":"https:\/\/api.w.org\/{rel}","templated":true}]}}