{"id":2898,"date":"2023-03-26T20:09:09","date_gmt":"2023-03-26T18:09:09","guid":{"rendered":"https:\/\/paroisses-nancy-sud.fr\/HOME\/?p=2898"},"modified":"2023-03-26T20:12:32","modified_gmt":"2023-03-26T18:12:32","slug":"tous-des-lazare","status":"publish","type":"post","link":"https:\/\/paroisses-nancy-sud.fr\/HOME\/tous-des-lazare\/","title":{"rendered":"Tous des Lazare"},"content":{"rendered":"\n<p><span style=\"color: #000000;\">Fr\u00e8res et s\u0153urs, au long de la liturgie de ce Car\u00eame, et en communion toute sp\u00e9ciale avec ceux et celles qui se pr\u00e9parent au bapt\u00eame, nous avons r\u00e9entendu les r\u00e9cits de la rencontre de J\u00e9sus avec la Samaritaine, de la gu\u00e9rison de l&rsquo;aveugle de naissance, du r\u00e9veil de Lazare. Il n&rsquo;y a eu qu&rsquo;une seule Samaritaine, qu&rsquo;un seul aveugle de naissance, qu&rsquo;un seul Lazare. Cependant, nous sommes tous appel\u00e9s \u00e0 adorer Dieu en esprit et v\u00e9rit\u00e9, \u00e0 voir Dieu tel qu&rsquo;il est en pleine lumi\u00e8re, \u00e0 vivre pour toujours de la vie m\u00eame de Dieu.<\/span><\/p>\n<p><span style=\"color: #000000;\">Nous sommes tous des Lazare que la voix de J\u00e9sus interpelle\u00a0: \u00ab\u00a0Viens dehors pour avoir la vie.\u00a0\u00bb<\/span><\/p>\n<p><span style=\"color: #000000;\">Alors que j&rsquo;\u00e9tais en train de pr\u00e9parer l&rsquo;hom\u00e9lie d&rsquo;aujourd&rsquo;hui, j&rsquo;ai entendu des bribes d&rsquo;une conversation pr\u00e8s de moi. L&rsquo;une des deux personnes disait d&rsquo;un air entendu\u00a0: \u00ab\u00a0Tu sais, Dieu fait alliance avec la meilleure part de nous.\u00a0\u00bb<\/span><\/p>\n<p><span style=\"color: #000000;\">Fr\u00e8res et s\u0153urs, l&rsquo;\u00c9vangile dans son ensemble, celui d&rsquo;aujourd&rsquo;hui en particulier, dit pr\u00e9cis\u00e9ment l&rsquo;inverse.<\/span><\/p>\n<p><span style=\"color: #000000;\">Si nous consid\u00e9rons l&rsquo;humanit\u00e9 dans son ensemble, le Seigneur ne fait pas d&rsquo;abord alliance avec la meilleure part\u00a0: ni avec les puissants, ni avec les sages, ni m\u00eame avec les plus vertueux.<\/span><\/p>\n<p><span style=\"color: #000000;\">\u00ab\u00a0Si le Seigneur s\u2019est attach\u00e9 \u00e0 vous, rappelle Mo\u00efse au peuple d&rsquo;Isra\u00ebl, s\u2019il vous a choisis, ce n\u2019est pas que vous soyez le plus nombreux de tous les peuples, car vous \u00eates le plus petit de tous (Dt\u00a07,7).\u00a0\u00bb Et nous connaissons bien l&rsquo;adresse de Paul aux Corinthiens\u00a0: \u00ab\u00a0Fr\u00e8res, vous qui avez \u00e9t\u00e9 appel\u00e9s par Dieu, regardez bien : parmi vous, il n\u2019y a pas beaucoup de sages aux yeux des hommes, ni de gens puissants ou de haute naissance. Au contraire, ce qu\u2019il y a de fou dans le monde, [\u2026] ce qu\u2019il y a de faible dans le monde, [\u2026] ce qui est d\u2019origine modeste, m\u00e9pris\u00e9 dans le monde, ce qui n\u2019est pas, voil\u00e0 ce que Dieu a choisi (1Co\u00a01,26-28).\u00a0\u00bb<\/span><\/p>\n<p><span style=\"color: #000000;\">Si nous consid\u00e9rons maintenant chaque personne individuellement, c&rsquo;est la m\u00eame chose\u00a0: le Seigneur ne s&rsquo;adresse pas d&rsquo;abord \u00e0 la meilleure part de nous. Comme l&rsquo;\u00e9crivait le pape Fran\u00e7ois dans sa lettre consacr\u00e9e \u00e0 saint Joseph\u00a0: \u00ab\u00a0Nous pensons trop souvent que Dieu ne s\u2019appuie que sur notre c\u00f4t\u00e9 bon et gagnant, alors qu\u2019en r\u00e9alit\u00e9 la plus grande partie de ses desseins se r\u00e9alise \u00e0 travers et en d\u00e9pit de notre faiblesse [\u2026]. Si telle est la perspective de l\u2019\u00e9conomie du salut, alors nous devons apprendre \u00e0 accueillir notre faiblesse avec une profonde tendresse (<em>Patris corde<\/em> n\u00b02).\u00a0\u00bb<\/span><\/p>\n<p><span style=\"color: #000000;\">Fr\u00e8res et s\u0153urs, nous sommes des \u00eatres humains limit\u00e9s en raison de notre condition de cr\u00e9atures. En plus de cela, nous avons tous des fragilit\u00e9s et des faiblesses physiques, intellectuelles, relationnelles, que nous portons depuis toujours ou qui nous sont advenues du fait de l&rsquo;\u00e2ge et des accidents de la vie. En plus de cela, alors que nous sommes faits pour vivre et pour aimer, nous choisissons trop souvent d&#8217;emprunter le chemin du mal, de la mort et du p\u00e9ch\u00e9.<\/span><\/p>\n<p><span style=\"color: #000000;\">Notre condition de cr\u00e9atures, notre faiblesse, notre p\u00e9ch\u00e9\u00a0: trois bonnes raisons de croire qu&rsquo;il nous sera \u00e0 jamais impossible de partager la vie de Dieu.<\/span><\/p>\n<p><span style=\"color: #000000;\">Mais Dieu est le ma\u00eetre de l&rsquo;impossible\u00a0; c&rsquo;est m\u00eame \u00e0 cela qu&rsquo;on le reconna\u00eet.\u00a0 \u00ab\u00a0Vous saurez que Je suis le Seigneur, quand j\u2019ouvrirai vos tombeaux et vous en ferai remonter, \u00f4 mon peuple ! Je mettrai en vous mon esprit, et vous vivrez.\u00a0\u00bb Alors que le proph\u00e8te Ez\u00e9kiel parlait au futur, c&rsquo;est au pr\u00e9sent que saint Paul s&rsquo;adresse \u00e0 nous\u00a0: \u00ab\u00a0L\u2019Esprit de Dieu habite en vous [\u2026]. Et si l\u2019Esprit de celui qui a ressuscit\u00e9 J\u00e9sus d\u2019entre les morts habite en vous, celui qui a ressuscit\u00e9 J\u00e9sus, le Christ, d\u2019entre les morts donnera aussi la vie \u00e0 vos corps mortels par son Esprit qui habite en vous.\u00a0\u00bb<\/span><\/p>\n<p><span style=\"color: #000000;\">Cela faisait quatre jours que Lazare \u00e9tait au tombeau lorsque J\u00e9sus l&rsquo;en a tir\u00e9. Fr\u00e8res et s\u0153urs, cela signifie qu&rsquo;il n&rsquo;existe aucune limite \u00e0 ce que le Seigneur peut r\u00e9aliser avec nous. Sa puissance et sa mis\u00e9ricorde ne se laissent pas arr\u00eater par notre finitude, notre faiblesse et notre p\u00e9ch\u00e9. Au contraire, comme la maladie de Lazare, il les fait servir \u00e0 la gloire de Dieu.<\/span><\/p>\n<p><span style=\"color: #000000;\">Et notre part dans tout cela ? Dieu fait alliance avec nous, avec tout de nous, avec notre personne tout enti\u00e8re. Si vraiment nous sommes sous l&#8217;emprise de l&rsquo;Esprit Saint, si vraiment l&rsquo;Esprit Saint habite en nous, il nous appartient de coop\u00e9rer \u00e0 son \u0153uvre en nous, de redire chaque jour des \u00ab non \u00bb et des \u00ab oui \u00bb :\u00a0des \u00ab non \u00bb \u00e0 l&rsquo;\u0153uvre du p\u00e9ch\u00e9, \u00e0 tout ce qui va dans le sens de l&rsquo;orgueil, de la fermeture sur soi, du m\u00e9pris et de la haine de l&rsquo;autre ;\u00a0des \u00ab\u00a0oui\u00a0\u00bb \u00e0 l&rsquo;\u0153uvre de l&rsquo;Esprit, \u00e0 tout ce qui va dans le sens de l&rsquo;humilit\u00e9, de la v\u00e9rit\u00e9, de la docilit\u00e9 \u00e0 l&rsquo;Esprit, de l&rsquo;amour authentique pour Dieu et pour les fr\u00e8res, amour dont J\u00e9sus nous donne le mod\u00e8le.<\/span><\/p>\n<p><span style=\"color: #000000;\">Ces \u00ab\u00a0non\u00a0\u00bb et ces \u00ab\u00a0oui\u00a0\u00bb ne sont pas des mots en l&rsquo;air\u00a0: ce sont des choix de vie concrets, des paroles et des actes que nous posons ou que nous nous retenons de poser.<\/span><br \/><span style=\"color: #000000;\">C&rsquo;est ce que nous avons fait tout au long de ce car\u00eame, en nous d\u00e9tachant de tout ce qui ne conduit pas \u00e0 la vie et en nous attachant \u00e0 J\u00e9sus.<\/span><br \/><span style=\"color: #000000;\">C&rsquo;est ce que nous ferons solennellement \u00e0 P\u00e2ques, ici avec Charlotte ou ailleurs avec d&rsquo;autres candidats au bapt\u00eame\u00a0: rejeter le p\u00e9ch\u00e9 et Satan qui en est l&rsquo;auteur, confesser notre foi et notre attachement \u00e0 Dieu P\u00e8re, Fils et Esprit Saint.<\/span><\/p>\n<p><span style=\"color: #000000;\">Fr\u00e8res et s\u0153urs, aujourd&rsquo;hui comme chaque jour, le Seigneur J\u00e9sus nous appelle, il nous prend par la main, nous rel\u00e8ve et nous conduit de la mort \u00e0 la vie, de ce monde vers le P\u00e8re.<\/span><\/p>\n<p style=\"text-align: right;\"><em><span style=\"color: #000000;\">P\u00e8re Alexandre-Marie Valder<\/span><\/em>\u00a0<\/p>\n<p>\u00a0<\/p>\n","protected":false},"excerpt":{"rendered":"<p>Fr\u00e8res et s\u0153urs, au long de la liturgie de ce Car\u00eame, et en communion toute sp\u00e9ciale avec ceux et celles qui se pr\u00e9parent au bapt\u00eame, nous avons r\u00e9entendu les r\u00e9cits de la rencontre de J\u00e9sus avec la Samaritaine, de la gu\u00e9rison de l&rsquo;aveugle de naissance, du r\u00e9veil de Lazare. Il n&rsquo;y a eu qu&rsquo;une seule&hellip; <br \/> <a class=\"read-more\" href=\"https:\/\/paroisses-nancy-sud.fr\/HOME\/tous-des-lazare\/\">Lire la suite<\/a><\/p>\n","protected":false},"author":5,"featured_media":290,"comment_status":"closed","ping_status":"open","sticky":false,"template":"","format":"standard","meta":[],"categories":[9],"tags":[],"acf":[],"_links":{"self":[{"href":"https:\/\/paroisses-nancy-sud.fr\/HOME\/wp-json\/wp\/v2\/posts\/2898"}],"collection":[{"href":"https:\/\/paroisses-nancy-sud.fr\/HOME\/wp-json\/wp\/v2\/posts"}],"about":[{"href":"https:\/\/paroisses-nancy-sud.fr\/HOME\/wp-json\/wp\/v2\/types\/post"}],"author":[{"embeddable":true,"href":"https:\/\/paroisses-nancy-sud.fr\/HOME\/wp-json\/wp\/v2\/users\/5"}],"replies":[{"embeddable":true,"href":"https:\/\/paroisses-nancy-sud.fr\/HOME\/wp-json\/wp\/v2\/comments?post=2898"}],"version-history":[{"count":3,"href":"https:\/\/paroisses-nancy-sud.fr\/HOME\/wp-json\/wp\/v2\/posts\/2898\/revisions"}],"predecessor-version":[{"id":2901,"href":"https:\/\/paroisses-nancy-sud.fr\/HOME\/wp-json\/wp\/v2\/posts\/2898\/revisions\/2901"}],"wp:featuredmedia":[{"embeddable":true,"href":"https:\/\/paroisses-nancy-sud.fr\/HOME\/wp-json\/wp\/v2\/media\/290"}],"wp:attachment":[{"href":"https:\/\/paroisses-nancy-sud.fr\/HOME\/wp-json\/wp\/v2\/media?parent=2898"}],"wp:term":[{"taxonomy":"category","embeddable":true,"href":"https:\/\/paroisses-nancy-sud.fr\/HOME\/wp-json\/wp\/v2\/categories?post=2898"},{"taxonomy":"post_tag","embeddable":true,"href":"https:\/\/paroisses-nancy-sud.fr\/HOME\/wp-json\/wp\/v2\/tags?post=2898"}],"curies":[{"name":"wp","href":"https:\/\/api.w.org\/{rel}","templated":true}]}}