{"id":2902,"date":"2023-03-26T20:15:34","date_gmt":"2023-03-26T18:15:34","guid":{"rendered":"https:\/\/paroisses-nancy-sud.fr\/HOME\/?p=2902"},"modified":"2023-03-26T20:15:34","modified_gmt":"2023-03-26T18:15:34","slug":"tu-mas-forme-un-corps","status":"publish","type":"post","link":"https:\/\/paroisses-nancy-sud.fr\/HOME\/tu-mas-forme-un-corps\/","title":{"rendered":"Tu m&rsquo;as form\u00e9 un corps"},"content":{"rendered":"\n<p class=\"Standard\" style=\"margin-bottom: 8.5pt; text-align: justify;\"><span style=\"color: #000000;\">Nous venons de f\u00eater l&rsquo;Annonciation du Seigneur, le jour o\u00f9 le Fils de Dieu se fait chair dans le sein de la Vierge Marie. L&rsquo;auteur de la lettre aux H\u00e9breux imagine cette parole du Fils au P\u00e8re\u00a0:<\/span><\/p>\n<p class=\"Standard\" style=\"text-align: justify; margin: 0cm 0cm 8.5pt 14.15pt;\"><i><span style=\"color: #000000;\">\u00ab Au moment o\u00f9 il allait entrer dans le monde, le Christ dit \u00e0 Dieu :<\/span>\u00a0<\/i><\/p>\n<p class=\"Standard\" style=\"text-align: justify; margin: 0cm 0cm 8.5pt 1.0cm;\"><span style=\"color: #000000;\"><i>\u201cTu n&rsquo;as voulu ni sacrifice, ni offrande, mais tu m&rsquo;as form\u00e9 un corps. Tu n&rsquo;as pris plaisir ni \u00e0 des animaux br\u00fbl\u00e9s sur l&rsquo;autel, ni \u00e0 des sacrifices pour le pardon des p\u00e9ch\u00e9s. Alors j&rsquo;ai dit\u00a0:\u2018Je viens moi-m\u00eame \u00e0 toi, \u00f4 Dieu, pour faire ta volont\u00e9, selon ce qui est \u00e9crit \u00e0 mon sujet dans le saint livre.\u2019\u201d\u00a0\u00bb<\/i><\/span><\/p>\n<p class=\"Standard\" style=\"margin-bottom: 8.5pt; text-align: justify;\"><span style=\"color: #000000;\">\u00c0 chacun de nous, Dieu a form\u00e9 un corps. Le corps humain n&rsquo;est pas l&rsquo;enveloppe jetable de l&rsquo;\u00e2me. Le corps, \u00e9crit le pape Fran\u00e7ois au n\u00b044 de <i>Desiderio desideravi<\/i>, \u00ab\u00a0est la visibilit\u00e9 de l\u2019\u00e2me spirituelle dans l\u2019ordre corporel.\u00a0\u00bb<\/span><\/p>\n<p class=\"Standard\" style=\"margin-bottom: 8.5pt; text-align: justify;\"><span style=\"color: #000000;\">Avant lui, le pape Saint Jean-Paul II avait \u00e9crit ces paroles fortes : \u00ab Le corps en effet \u2013 et seulement lui \u2013 est capable de rendre visible ce qui est invisible : le spirituel et le divin. Il a \u00e9t\u00e9 cr\u00e9\u00e9 pour transf\u00e9rer dans la r\u00e9alit\u00e9 visible du monde le myst\u00e8re cach\u00e9 de toute \u00e9ternit\u00e9 en Dieu et en \u00eatre le signe visible (cat\u00e9ch\u00e8se du 20 f\u00e9vrier 1980). \u00bb<\/span><\/p>\n<p class=\"Standard\" style=\"margin-bottom: 8.5pt; text-align: justify;\"><span style=\"color: #000000;\">Mon corps est porteur de forces et de faiblesses. Parfois il me p\u00e8se, car il me semble qu&rsquo;il me freine et me limite. La v\u00e9rit\u00e9 est toute autre. Tout ce que je re\u00e7ois de la cr\u00e9ation, des autres, de Dieu, passe par lui. Tout ce que je donne passe \u00e9galement par lui. Mon corps repr\u00e9sente tout notre \u00eatre donn\u00e9-par-Dieu pour \u00eatre donn\u00e9-aux-autres.<\/span><\/p>\n<p class=\"Standard\" style=\"margin-bottom: 8.5pt; text-align: justify;\"><span style=\"color: #000000;\">Dans quelques jours, nous c\u00e9l\u00e9brerons le Jeudi Saint. Nous ferons m\u00e9moire de ce soir o\u00f9 J\u00e9sus, consid\u00e9rant le corps que lui avait form\u00e9 le P\u00e8re, l&rsquo;a offert \u00e0 ses disciples, \u00e0 nous tous, en disant\u00a0: \u00ab\u00a0Ceci est mon corps, livr\u00e9 pour vous.\u00a0\u00bb<\/span><\/p>\n<p class=\"Standard\" style=\"margin-bottom: 8.5pt; text-align: justify;\"><span style=\"color: #000000;\">Chers lecteurs, ch\u00e8res lectrices, pour ne rien vous cacher, je viens de vous brosser le sujet des recherches en th\u00e9ologie qui m&rsquo;occupent depuis septembre et pour une ann\u00e9e suppl\u00e9mentaire. Souhaitez-moi bonne chance\u00a0!<\/span><\/p>\n<p class=\"Standard\" style=\"margin-bottom: 8.5pt; text-align: right;\"><span style=\"color: #000000;\"><em>Alexandre-Marie Valder, pr\u00eatre.<\/em><\/span><\/p>\n","protected":false},"excerpt":{"rendered":"<p>Nous venons de f\u00eater l&rsquo;Annonciation du Seigneur, le jour o\u00f9 le Fils de Dieu se fait chair dans le sein de la Vierge Marie. L&rsquo;auteur de la lettre aux H\u00e9breux imagine cette parole du Fils au P\u00e8re\u00a0: \u00ab Au moment o\u00f9 il allait entrer dans le monde, le Christ dit \u00e0 Dieu :\u00a0 \u201cTu n&rsquo;as&hellip; <br \/> <a class=\"read-more\" href=\"https:\/\/paroisses-nancy-sud.fr\/HOME\/tu-mas-forme-un-corps\/\">Lire la suite<\/a><\/p>\n","protected":false},"author":5,"featured_media":523,"comment_status":"closed","ping_status":"open","sticky":false,"template":"","format":"standard","meta":[],"categories":[6],"tags":[],"acf":[],"_links":{"self":[{"href":"https:\/\/paroisses-nancy-sud.fr\/HOME\/wp-json\/wp\/v2\/posts\/2902"}],"collection":[{"href":"https:\/\/paroisses-nancy-sud.fr\/HOME\/wp-json\/wp\/v2\/posts"}],"about":[{"href":"https:\/\/paroisses-nancy-sud.fr\/HOME\/wp-json\/wp\/v2\/types\/post"}],"author":[{"embeddable":true,"href":"https:\/\/paroisses-nancy-sud.fr\/HOME\/wp-json\/wp\/v2\/users\/5"}],"replies":[{"embeddable":true,"href":"https:\/\/paroisses-nancy-sud.fr\/HOME\/wp-json\/wp\/v2\/comments?post=2902"}],"version-history":[{"count":1,"href":"https:\/\/paroisses-nancy-sud.fr\/HOME\/wp-json\/wp\/v2\/posts\/2902\/revisions"}],"predecessor-version":[{"id":2903,"href":"https:\/\/paroisses-nancy-sud.fr\/HOME\/wp-json\/wp\/v2\/posts\/2902\/revisions\/2903"}],"wp:featuredmedia":[{"embeddable":true,"href":"https:\/\/paroisses-nancy-sud.fr\/HOME\/wp-json\/wp\/v2\/media\/523"}],"wp:attachment":[{"href":"https:\/\/paroisses-nancy-sud.fr\/HOME\/wp-json\/wp\/v2\/media?parent=2902"}],"wp:term":[{"taxonomy":"category","embeddable":true,"href":"https:\/\/paroisses-nancy-sud.fr\/HOME\/wp-json\/wp\/v2\/categories?post=2902"},{"taxonomy":"post_tag","embeddable":true,"href":"https:\/\/paroisses-nancy-sud.fr\/HOME\/wp-json\/wp\/v2\/tags?post=2902"}],"curies":[{"name":"wp","href":"https:\/\/api.w.org\/{rel}","templated":true}]}}