{"id":2905,"date":"2023-04-01T21:20:15","date_gmt":"2023-04-01T19:20:15","guid":{"rendered":"https:\/\/paroisses-nancy-sud.fr\/HOME\/?p=2905"},"modified":"2023-04-02T14:53:56","modified_gmt":"2023-04-02T12:53:56","slug":"annonces-de-la-visitation-du-2-avril-2","status":"publish","type":"post","link":"https:\/\/paroisses-nancy-sud.fr\/HOME\/annonces-de-la-visitation-du-2-avril-2\/","title":{"rendered":"Annonces de la >Visitation du 2 avril"},"content":{"rendered":"\n<p><span style=\"color: #000000;\"><span style=\"text-decoration: underline;\"><strong>Qu\u00eate du premier dimanche du mois<\/strong> <\/span>pour les charges paroissiales Le samedi 1er avril et le dimanche 2 avril. Merci pour votre don !<\/span><\/p>\n<p><span style=\"color: #000000;\"><strong><span style=\"text-decoration: underline;\">Mardi 04 avril \u00e0 15h00 :<br \/><\/span><\/strong>Messe chrismale \u00e0 la cath\u00e9drale, pr\u00e9sid\u00e9e par Monseigneur Papin.<\/span><br \/><span style=\"color: #000000;\">Durant la messe chrismale, l\u2019\u00e9v\u00eaque b\u00e9nit les autres huiles saintes et consacre le Saint Chr\u00eame. Cette huile servira d\u00e8s les bapt\u00eames de P\u00e2ques puis tout au long de l\u2019ann\u00e9e pour les sacrements du bapt\u00eame, de la confirmation et de l\u2019ordre. Au cours de cette messe qui manifeste l\u2019unit\u00e9 de toute l\u2019\u00c9glise dioc\u00e9saine autour de son \u00e9v\u00eaque, les pr\u00eatres renouvellent leurs promesses sacerdotales : vivre toujours plus unis au Seigneur J\u00e9sus, chercher \u00e0 lui ressembler, renoncer \u00e0 eux-m\u00eames, \u00eatre fid\u00e8les aux engagements attach\u00e9s \u00e0 la charge minist\u00e9rielle, c\u00e9l\u00e9brer les sacrements, annoncer la Parole de Dieu avec d\u00e9sint\u00e9ressement et charit\u00e9.<\/span><\/p>\n<p><span style=\"color: #000000;\"><strong><span style=\"text-decoration: underline;\">Jeudi 06 avril \u00e0 20h30 \u00e0 l\u2019\u00e9glise de Pont Saint Vincent<\/span><\/strong> :<\/span><br \/><span style=\"color: #000000;\"> Concert organis\u00e9 par l\u2019association renaissance au profit de la restauration de l\u2019\u00e9glise. Au programme :<\/span><br \/><span style=\"color: #000000;\">Trois le\u00e7ons de t\u00e9n\u00e8bres de Fran\u00e7ois Couperin par Dominique Dantan et deux solistes, Laureen Stoulig-Thinnes et V\u00e9ronique Nosbaum. Entr\u00e9e libre. Corbeilles.<\/span><\/p>\n<p><span style=\"color: #000000;\"><strong><span style=\"text-decoration: underline;\">Jeudi 16 avril \u00e0 16h00 \u00e0 l\u2019\u00e9glise de Xeuilley,<\/span><\/strong> <\/span><br \/><span style=\"color: #000000;\">concert de musique baroque, organis\u00e9 par l\u2019association les amis de Saint R\u00e9mi. Trois musiciennes, les Laurentines vous proposeront un programme de musique ancienne, \u00e0 la viole de gambe, au clavecin et aux fl\u00fbtes \u00e0 bec. Entr\u00e9e libre.<\/span><\/p>\n<p><span style=\"color: #000000;\"><strong><span style=\"text-decoration: underline;\">Vente des \u0153ufs de P\u00e2ques<\/span><\/strong> :<\/span><br \/><span style=\"color: #000000;\">Les traditionnels \u0153ufs de P\u00e2ques propos\u00e9s par l\u2019association dioc\u00e9saine sont arriv\u00e9s. Vente les dimanches \u00e0 la sortie de l\u2019\u00e9glise de Neuves-Maisons au prix de 0,75\u20ac.<\/span><\/p>\n<p><span style=\"color: #000000;\"><strong><span style=\"text-decoration: underline;\">C\u00e9l\u00e9brations Semaine Sainte et P\u00e2ques<br \/><\/span><\/strong>Lundi 03 avril \u00e0 14h00 : c\u00e9l\u00e9bration p\u00e9nitentielle \u00e0 Neuves-Maisons<\/span><br \/><span style=\"color: #000000;\">Vendredi 07 avril \u00e0 15h00 : chemin de Croix \u00e0 Neuves-Maisons<\/span><br \/><span style=\"color: #000000;\">Laudes le samedi 08 avril \u00e0 09h00 \u00e0 l\u2019\u00e9glise de Bainville<\/span><br \/><span style=\"color: #000000;\"><strong>Triduum pascal \u00e0 l\u2019\u00e9glise de Bainville :<\/strong><\/span><br \/><span style=\"color: #000000;\">\u00a0 \u00a0 \u00a0 \u00a0 \u00a0 \u00a0 \u00a0 Jeudi 06 avril \u00e0 18h30 : la C\u00e8ne et adoration jusque 20h30<\/span><br \/><span style=\"color: #000000;\">\u00a0 \u00a0 \u00a0 \u00a0 \u00a0 \u00a0 \u00a0 Vendredi 07 avril \u00e0 18h30 : Office de la Croix<\/span><br \/><span style=\"color: #000000;\">\u00a0 \u00a0 \u00a0 \u00a0 \u00a0 \u00a0 \u00a0 Samedi 08 avril \u00e0 21h00 : veill\u00e9e pascale<\/span><br \/><span style=\"color: #000000;\">Dimanche 09 avril : Jour de P\u00e2ques : messe \u00e0 10h00 Viterne et 10h30 Neuves-Maisons<\/span><\/p>\n<p><span style=\"color: #000000;\"><u><strong>Permanences \u00e0 la maison paroissiale<\/strong> :<\/u> <\/span><br \/><span style=\"color: #000000;\">Mardi de 14h \u00e0 16h30 et Samedi de 9h30 \u00e0 11h30<\/span><br \/><span style=\"color: #000000;\">tel : 03 83 47 25 54 \u2013 <em><strong>adresse mail<\/strong><\/em><strong> : <\/strong><a style=\"color: #000000;\" href=\"mailto:visitationmm@orange.fr\">visitationmm@orange.fr<\/a>\u00a0 <\/span><br \/><span style=\"color: #000000;\">Horaires des messes :\u00a0 <a style=\"color: #000000;\" href=\"https:\/\/messes.info\/\">messesinfo<\/a><\/span><em><span style=\"color: #000000;\"> (cliquer sur le lien)<\/span><\/em><\/p>\n","protected":false},"excerpt":{"rendered":"<p>Qu\u00eate du premier dimanche du mois pour les charges paroissiales Le samedi 1er avril et le dimanche 2 avril. Merci pour votre don ! Mardi 04 avril \u00e0 15h00 :Messe chrismale \u00e0 la cath\u00e9drale, pr\u00e9sid\u00e9e par Monseigneur Papin.Durant la messe chrismale, l\u2019\u00e9v\u00eaque b\u00e9nit les autres huiles saintes et consacre le Saint Chr\u00eame. Cette huile servira&hellip; <br \/> <a class=\"read-more\" href=\"https:\/\/paroisses-nancy-sud.fr\/HOME\/annonces-de-la-visitation-du-2-avril-2\/\">Lire la suite<\/a><\/p>\n","protected":false},"author":5,"featured_media":471,"comment_status":"closed","ping_status":"open","sticky":false,"template":"","format":"standard","meta":[],"categories":[10],"tags":[],"acf":[],"_links":{"self":[{"href":"https:\/\/paroisses-nancy-sud.fr\/HOME\/wp-json\/wp\/v2\/posts\/2905"}],"collection":[{"href":"https:\/\/paroisses-nancy-sud.fr\/HOME\/wp-json\/wp\/v2\/posts"}],"about":[{"href":"https:\/\/paroisses-nancy-sud.fr\/HOME\/wp-json\/wp\/v2\/types\/post"}],"author":[{"embeddable":true,"href":"https:\/\/paroisses-nancy-sud.fr\/HOME\/wp-json\/wp\/v2\/users\/5"}],"replies":[{"embeddable":true,"href":"https:\/\/paroisses-nancy-sud.fr\/HOME\/wp-json\/wp\/v2\/comments?post=2905"}],"version-history":[{"count":2,"href":"https:\/\/paroisses-nancy-sud.fr\/HOME\/wp-json\/wp\/v2\/posts\/2905\/revisions"}],"predecessor-version":[{"id":2915,"href":"https:\/\/paroisses-nancy-sud.fr\/HOME\/wp-json\/wp\/v2\/posts\/2905\/revisions\/2915"}],"wp:featuredmedia":[{"embeddable":true,"href":"https:\/\/paroisses-nancy-sud.fr\/HOME\/wp-json\/wp\/v2\/media\/471"}],"wp:attachment":[{"href":"https:\/\/paroisses-nancy-sud.fr\/HOME\/wp-json\/wp\/v2\/media?parent=2905"}],"wp:term":[{"taxonomy":"category","embeddable":true,"href":"https:\/\/paroisses-nancy-sud.fr\/HOME\/wp-json\/wp\/v2\/categories?post=2905"},{"taxonomy":"post_tag","embeddable":true,"href":"https:\/\/paroisses-nancy-sud.fr\/HOME\/wp-json\/wp\/v2\/tags?post=2905"}],"curies":[{"name":"wp","href":"https:\/\/api.w.org\/{rel}","templated":true}]}}