{"id":2907,"date":"2023-04-01T21:30:35","date_gmt":"2023-04-01T19:30:35","guid":{"rendered":"https:\/\/paroisses-nancy-sud.fr\/HOME\/?p=2907"},"modified":"2023-04-01T21:30:35","modified_gmt":"2023-04-01T19:30:35","slug":"annonces-de-saint-francois-de-sales-et-sainte-jeanne-de-chantal-du-2-avril-2","status":"publish","type":"post","link":"https:\/\/paroisses-nancy-sud.fr\/HOME\/annonces-de-saint-francois-de-sales-et-sainte-jeanne-de-chantal-du-2-avril-2\/","title":{"rendered":"Annonces de Saint-Fran\u00e7ois-de-Sales et Sainte-Jeanne-de-Chantal du 2 avril"},"content":{"rendered":"\n<p><span style=\"color: #000000;\"><span style=\"text-decoration: underline;\"><strong>Bapt\u00eames<br \/><\/strong><\/span><strong>Ce dimanche 2 avril <\/strong>Valentine et Thomas recevront le bapt\u00eame<strong> \u00e0 Ludres<\/strong>. Prions pour eux et leurs familles.<\/span><br \/><span style=\"color: #000000;\"><strong>Le dimanche 9 avril<\/strong> Camille sera baptis\u00e9e \u00e0 Flavigny.<\/span><\/p>\n<p><span style=\"color: #000000;\"><span style=\"text-decoration: underline;\"><strong>March\u00e9 de P\u00e2ques :<br \/><\/strong><\/span><strong>Ce samedi 1<sup>er<\/sup> avril \u00e0 Laneuveville de 17h \u00e0 20h et dimanche 2 avril \u00e0 Jarville de 10h \u00e0 13h <\/strong>sur le parvis des \u00e9glises nous vous proposerons des d\u00e9corations de P\u00e2ques, des charcuteries lorraines, des produits festifs et bien d\u2019autres choses\u00a0!<\/span><\/p>\n<p><span style=\"color: #000000;\"><span style=\"text-decoration: underline;\"><strong>Qu\u00eate suppl\u00e9mentaire du premier dimanche du mois.<br \/><\/strong><\/span><strong>Ce samedi 1<sup>er<\/sup> avril et dimanche 2 avril a lieu <\/strong>la qu\u00eate suppl\u00e9mentaire \u00e0 la sortie des messes de nos paroisses pour aider \u00e0 la couverture des frais de fonctionnement et pastoraux de nos paroisses.<\/span><\/p>\n<p><span style=\"color: #000000;\"><span style=\"text-decoration: underline;\"><strong>Journ\u00e9e de pr\u00e9paration des JMJ<br \/><\/strong><\/span>Les jeunes de notre secteur Nancy-Sud inscrits pour les JMJ de Lisbonne se retrouvent ce dimanche 2 avril \u00e0 Jarville \u00e0 la messe et pour partager le repas et l\u2019apr\u00e8s-midi. Ils invitent les paroissiens qui le souhaitent \u00e0 se joindre \u00e0 eux pour le repas (chacun apporte un plat sal\u00e9 ou sucr\u00e9 \u00e0 partager)\u00a0<\/span><\/p>\n<p><span style=\"color: #000000;\"><strong><span style=\"text-decoration: underline;\">M\u00e9nage de l\u2019\u00e9glise de Jarville<\/span> :<br \/><\/strong><strong>Le lundi 3 avril \u00e0 9h rendez-vous pour un grand m\u00e9nage de printemps<\/strong>\u00a0! Venez avec votre bonne humeur\u00a0<\/span><\/p>\n<p><span style=\"color: #000000;\"><strong><span style=\"text-decoration: underline;\">Messe Chrismale<\/span> :<br \/><\/strong><strong>Mardi 4 avril \u00e0 15h \u00e0 la cath\u00e9drale de Nancy messe chrismale\u00a0: <\/strong>Au cours de cette messe qui manifeste l\u2019unit\u00e9 de toute l\u2019Eglise dioc\u00e9saine autour de son Ev\u00eaque, les pr\u00eatres renouvellent leur promesse sacerdotale. L\u2019\u00e9v\u00eaque b\u00e9nit les huiles saintes (huile des malades et huile des cat\u00e9chum\u00e8nes) et consacre le Saint Chr\u00eame qui sert pour les c\u00e9l\u00e9brations du bapt\u00eame, de la confirmation et de l\u2019ordre.<\/span><\/p>\n<p><span style=\"color: #000000;\"><strong><span style=\"text-decoration: underline;\">Concerts<\/span> :<br \/><\/strong><strong>Le dimanche 2 avril \u00e0 Flavigny \u00e0\u00a016 h Concert <\/strong>avec les 2 ch\u0153urs de la Manonchante et Sing for Joy.<\/span><br \/><span style=\"color: #000000;\"><strong>Table ouverte du dimanche de P\u00e2ques<\/strong><\/span><\/p>\n<p><span style=\"color: #000000;\"><span style=\"text-decoration: underline;\"><strong>Le dimanche 9 avril, \u00e0 Jarville table ouverte pour f\u00eater P\u00e2ques. <br \/><\/strong><\/span>Comme d\u2019habitude chacun(e) est le bienvenu(e) et peut apporter un plat sal\u00e9 ou sucr\u00e9 et quelques g\u00e2teries.<\/span><\/p>\n<p><span style=\"color: #000000;\"><strong><span style=\"text-decoration: underline;\">F\u00eate patronale de Saint Georges \u00e0 Richardm\u00e9nil<\/span> :<br \/><\/strong><strong>Le dimanche 23 avril, la messe du dimanche sera c\u00e9l\u00e9br\u00e9e \u00e0 l\u2019\u00e9glise de Richardm\u00e9nil <\/strong>et non \u00e0 Flavigny \u00e0 l\u2019occasion de la f\u00eate patronale de l\u2019\u00e9glise St Georges. En partenariat avec la municipalit\u00e9, un moment convivial sur le parvis de l\u2019\u00e9glise puis un repas partag\u00e9 \u00e0 la MTL suivront. Une conf\u00e9rence de d\u00e9couverte de l\u2019\u00e9glise sera donn\u00e9e \u00e0 14h30 .<\/span><\/p>\n<p><span style=\"color: #000000;\"><span style=\"text-decoration: underline;\"><strong>\u00a0<\/strong><\/span><strong><span style=\"text-decoration: underline;\">Solidarit\u00e9<\/span> :<br \/><\/strong>Collecte au fond de nos \u00e9glises,<strong> produits d\u2019hygi\u00e8ne et d\u2019alimentation et des g\u00e2teries de p\u00e2ques <\/strong>pour l\u2019association \u2018\u2019Les amis du Bonsa\u00ef\u2019\u2019.<\/span><\/p>\n<p><span style=\"color: #000000;\"><strong><span style=\"text-decoration: underline;\">Qu\u00eate pour les lieux saints<\/span> :<br \/><\/strong>Nous sommes invit\u00e9s \u00e0 soutenir les Lieux Saints de la Terre Sainte lors de la qu\u00eate du vendredi saint. Les chr\u00e9tiens de tout temps sont encourag\u00e9s \u00e0 faire preuve de g\u00e9n\u00e9rosit\u00e9 en faveur de l\u2019\u00c9glise M\u00e8re. D\u00e8s le XVII<sup>\u00e8me<\/sup> si\u00e8cle, le Saint-Si\u00e8ge recommande aux fid\u00e8les d\u2019offrir, le jour de la Passion du Seigneur, une\u00a0<strong>aum\u00f4ne en faveur des chr\u00e9tiens de Palestine et des Lieux Saints<\/strong>. Les franciscains sont depuis 800 ans les\u00a0<em>gardiens<\/em>\u00a0de ces Lieux Saints.<\/span><\/p>\n<p><span style=\"color: #000000;\"><strong><span style=\"text-decoration: underline;\">Conf\u00e9rences \u00e0 Ludres et Jarville<\/span> :<br \/><\/strong><strong>Comment retrouver la capacit\u00e9 de vivre la liturgie\u00a0?<\/strong>\u00a0<\/span><br \/><span style=\"color: #000000;\">Le p\u00e8re Alexandre-Marie nous propose deux temps d\u2019enseignements sur la liturgie \u00e0 partir de la lettre du pape Fran\u00e7ois, \u2018\u2019 Desiderio desideravi\u2019\u2019 (\u2018\u2019<em>J\u2019ai d\u00e9sir\u00e9 d\u2019un grand d\u00e9sir\u2019\u2019<\/em> du 29 juin 2022). \u00a0<\/span><br \/><span style=\"color: #000000;\"><strong>\u00a0 &#8211;\u00a0 le samedi 15 avril \u00e0 Ludres \u00e0 15h et le dimanche 16 avril \u00e0 Jarville \u00e0 16h30 :<\/strong> \u2018<em>\u2018A travers la chair du Verbe\u2019\u2019.<\/em> <\/span><br \/><span style=\"color: #000000;\">\u00a0 &#8211; <strong>le samedi 22 avril \u00e0 Ludres \u00e0 15h et le dimanche 23 avril \u00e0 Jarville \u00e0 16h30<\/strong>\u00a0:\u00a0 \u2018<em>\u2019Devenir Lui\u2019\u2019<\/em>\u00a0<\/span><\/p>\n<p><span style=\"text-decoration: underline; color: #000000;\"><strong>Semaine sainte du 1<sup>ER<\/sup> au 9 avril 2023<\/strong><strong>.<\/strong><\/span><\/p>\n<table width=\"736\">\n<tbody>\n<tr>\n<td width=\"159\">\u00a0<\/td>\n<td width=\"189\">\n<p><span style=\"color: #000000;\"><strong>Visitation<\/strong><\/span><\/p>\n<\/td>\n<td width=\"198\">\n<p><span style=\"color: #000000;\"><strong>Sainte-Jeanne-de-Chantal<\/strong><\/span><\/p>\n<\/td>\n<td width=\"189\">\n<p><span style=\"color: #000000;\"><strong>Saint-Fran\u00e7ois-de-Sales<\/strong><\/span><\/p>\n<\/td>\n<\/tr>\n<tr>\n<td width=\"159\">\n<p><span style=\"color: #000000;\">\u00a0 <strong>Samedi 1<sup>er<\/sup> avril\u00a0 <\/strong><\/span><\/p>\n<p><span style=\"color: #000000;\"><strong>\u00a0<\/strong>Messe anticip\u00e9e\u00a0\u00a0\u00a0 Dim des Rameaux<\/span><\/p>\n<\/td>\n<td width=\"189\">\n<p><span style=\"color: #000000;\">18h Pont St Vincent<\/span><\/p>\n<\/td>\n<td width=\"198\">\n<p><span style=\"color: #000000;\">18h00 Heillecourt<\/span><\/p>\n<\/td>\n<td width=\"189\">\n<p><span style=\"color: #000000;\">18h00 Laneuveville<\/span><\/p>\n<\/td>\n<\/tr>\n<tr>\n<td width=\"159\">\n<p><span style=\"color: #000000;\"><strong>Dimanche 2 avril <\/strong>Dimanche des Rameaux<\/span><\/p>\n<\/td>\n<td width=\"189\">\n<p><span style=\"color: #000000;\">10h Xeuilley<\/span><\/p>\n<p><span style=\"color: #000000;\">10h30 Neuves -Maisons<\/span><\/p>\n<\/td>\n<td width=\"198\">\n<p><span style=\"color: #000000;\">11h\u00a0Ludres<\/span><\/p>\n<\/td>\n<td width=\"189\">\n<p><span style=\"color: #000000;\">10h30\u00a0Jarville, messe des familles<\/span><\/p>\n<\/td>\n<\/tr>\n<tr>\n<td width=\"159\">\n<p><span style=\"color: #000000;\"><strong>Lundi 3 avril <\/strong><strong>C\u00e9l\u00e9brations du pardon <\/strong><\/span><\/p>\n<\/td>\n<td width=\"189\">\n<p><span style=\"color: #000000;\">14h \u00e0 Neuves-Maisons<\/span><\/p>\n<\/td>\n<td width=\"198\">\n<p><span style=\"color: #000000;\">16h \u00e0 Heillecourt<\/span><\/p>\n<\/td>\n<td width=\"189\">\n<p><span style=\"color: #000000;\">19h \u00e0 Jarville<\/span><\/p>\n<\/td>\n<\/tr>\n<tr>\n<td width=\"159\">\n<p><span style=\"color: #000000;\"><strong>Mardi 4 avril\u00a0 <\/strong><\/span><\/p>\n<p><span style=\"color: #000000;\">Messe Chrismale\u00a0<\/span><\/p>\n<\/td>\n<td width=\"189\">\n<p><span style=\"color: #000000;\">15h \u00e0 la cath\u00e9drale de Nancy<\/span><\/p>\n<\/td>\n<td width=\"198\">\n<p><span style=\"color: #000000;\">15h \u00e0 la cath\u00e9drale de Nancy<\/span><\/p>\n<\/td>\n<td width=\"189\">\n<p><span style=\"color: #000000;\">15h \u00e0 la cath\u00e9drale de Nancy<\/span><\/p>\n<\/td>\n<\/tr>\n<tr>\n<td width=\"159\">\n<p><span style=\"color: #000000;\"><strong>Jeudi 6 avril<\/strong><\/span><\/p>\n<p><span style=\"color: #000000;\"><strong>Jeudi Saint <\/strong><\/span><\/p>\n<p><span style=\"color: #000000;\">Messe de la Sainte C\u00e8ne<\/span><\/p>\n<\/td>\n<td width=\"189\">\n<p><span style=\"color: #000000;\">18h30 \u00e0 Bainville<\/span><\/p>\n<\/td>\n<td width=\"198\">\n<p><span style=\"color: #000000;\">18h00 \u00e0 Heillecourt<\/span><\/p>\n<\/td>\n<td width=\"189\">\n<p><span style=\"color: #000000;\">19h00 \u00e0 Jarville<\/span><\/p>\n<\/td>\n<\/tr>\n<tr>\n<td width=\"159\">\n<p><span style=\"color: #000000;\"><strong>Vendredi 7 avril<\/strong><\/span><\/p>\n<p><span style=\"color: #000000;\"><strong>Vendredi Saint<\/strong><\/span><\/p>\n<p><span style=\"color: #000000;\">Chemin de croix<\/span><\/p>\n<\/td>\n<td width=\"189\">\n<p><span style=\"color: #000000;\">15h \u00e0 Neuves-Maisons<\/span><\/p>\n<p>\u00a0<\/p>\n<\/td>\n<td width=\"198\">\n<p><span style=\"color: #000000;\">15h \u00e0 Heillecourt<\/span><\/p>\n<p><span style=\"color: #000000;\">15h \u00e0 Ludres<\/span><\/p>\n<p><span style=\"color: #000000;\">Confessions possibles apr\u00e8s le chemin de croix<\/span><\/p>\n<\/td>\n<td width=\"189\">\n<p><span style=\"color: #000000;\">15h \u00e0 Laneuveville<\/span><\/p>\n<p>\u00a0<\/p>\n<p><span style=\"color: #000000;\">Confessions possibles apr\u00e8s le chemin de croix<\/span><\/p>\n<\/td>\n<\/tr>\n<tr>\n<td width=\"159\">\n<p><span style=\"color: #000000;\"><strong>Vendredi 7 avril<\/strong><\/span><\/p>\n<p><span style=\"color: #000000;\">Office de la Croix<\/span><\/p>\n<\/td>\n<td width=\"189\">\n<p><span style=\"color: #000000;\">18h 30 \u00e0 Bainville<\/span><\/p>\n<\/td>\n<td width=\"198\">\n<p><span style=\"color: #000000;\">18h00 \u00e0 Heillecourt<\/span><\/p>\n<\/td>\n<td width=\"189\">\n<p><span style=\"color: #000000;\">19h00 \u00e0 Jarville<\/span><\/p>\n<\/td>\n<\/tr>\n<tr>\n<td width=\"159\">\n<p><span style=\"color: #000000;\"><strong>Samedi 8 avril<\/strong><\/span><\/p>\n<p><span style=\"color: #000000;\">Vigile de la nuit de P\u00e2ques\u00a0<\/span><\/p>\n<\/td>\n<td width=\"189\">\n<p><span style=\"color: #000000;\">21h \u00e0 Bainville<\/span><\/p>\n<\/td>\n<td width=\"198\">\n<p><span style=\"color: #000000;\">21h \u00e0 Heillecourt<\/span><\/p>\n<\/td>\n<td width=\"189\">\n<p><span style=\"color: #000000;\">21h \u00e0 Jarville<\/span><\/p>\n<\/td>\n<\/tr>\n<tr>\n<td width=\"159\">\n<p><span style=\"color: #000000;\"><strong><span style=\"color: #000000;\">Dimanche<\/span> 9 avril <\/strong>Messe du dimanche de P\u00e2ques<\/span><\/p>\n<\/td>\n<td width=\"189\">\n<p><span style=\"color: #000000;\">10h Viterne<\/span><\/p>\n<p><span style=\"color: #000000;\">10h30 \u00e0 Neuves-Maisons<\/span><\/p>\n<\/td>\n<td width=\"198\">\n<p><span style=\"color: #000000;\">10h \u00e0 Flavigny<\/span><\/p>\n<\/td>\n<td width=\"189\">\n<p><span style=\"color: #000000;\">10h \u00e0 Fl\u00e9ville<\/span><\/p>\n<p><span style=\"color: #000000;\">10h30 \u00e0 Laneuveville<\/span><\/p>\n<\/td>\n<\/tr>\n<\/tbody>\n<\/table>\n<p><span style=\"color: #000000;\"><strong><span style=\"text-decoration: underline;\">Conf\u00e9rence sur l\u2019Ukraine<\/span>\u00a0: <\/strong><em>La Crucifixion de l\u2019Ukraine<br \/><\/em><strong>Le mardi 4 avril \u00e0 20h30<\/strong> \u00e0 la maison de l\u2019Asn\u00e9e avec Jean-Fran\u00e7ois COLOSSIMO.<\/span><\/p>\n<p><span style=\"color: #000000;\"><strong><span style=\"text-decoration: underline;\">Exposition internationale : les miracles eucharistiques dans le monde<\/span> :\u00a0<br \/><\/strong>Exposition con\u00e7ue et cr\u00e9\u00e9e par Carlo Acutis visible <strong>\u00e0 l\u2019\u00e9glise saint Laurent de Val-et-Chatillon du 9 au 19 avril.<\/strong> Avec un vaste assortiment de photographies et de descriptions historiques, l\u2019exposition pr\u00e9sente certains des principaux Miracles Eucharistiques (environ 136) qui se sont produits au cours des si\u00e8cles \u00e0 travers le monde et qui ont \u00e9t\u00e9 reconnus par l\u2019\u00c9glise.<\/span><\/p>\n","protected":false},"excerpt":{"rendered":"<p>Bapt\u00eamesCe dimanche 2 avril Valentine et Thomas recevront le bapt\u00eame \u00e0 Ludres. Prions pour eux et leurs familles.Le dimanche 9 avril Camille sera baptis\u00e9e \u00e0 Flavigny. March\u00e9 de P\u00e2ques :Ce samedi 1er avril \u00e0 Laneuveville de 17h \u00e0 20h et dimanche 2 avril \u00e0 Jarville de 10h \u00e0 13h sur le parvis des \u00e9glises nous&hellip; <br \/> <a class=\"read-more\" href=\"https:\/\/paroisses-nancy-sud.fr\/HOME\/annonces-de-saint-francois-de-sales-et-sainte-jeanne-de-chantal-du-2-avril-2\/\">Lire la suite<\/a><\/p>\n","protected":false},"author":5,"featured_media":554,"comment_status":"closed","ping_status":"open","sticky":false,"template":"","format":"standard","meta":[],"categories":[7],"tags":[],"acf":[],"_links":{"self":[{"href":"https:\/\/paroisses-nancy-sud.fr\/HOME\/wp-json\/wp\/v2\/posts\/2907"}],"collection":[{"href":"https:\/\/paroisses-nancy-sud.fr\/HOME\/wp-json\/wp\/v2\/posts"}],"about":[{"href":"https:\/\/paroisses-nancy-sud.fr\/HOME\/wp-json\/wp\/v2\/types\/post"}],"author":[{"embeddable":true,"href":"https:\/\/paroisses-nancy-sud.fr\/HOME\/wp-json\/wp\/v2\/users\/5"}],"replies":[{"embeddable":true,"href":"https:\/\/paroisses-nancy-sud.fr\/HOME\/wp-json\/wp\/v2\/comments?post=2907"}],"version-history":[{"count":1,"href":"https:\/\/paroisses-nancy-sud.fr\/HOME\/wp-json\/wp\/v2\/posts\/2907\/revisions"}],"predecessor-version":[{"id":2908,"href":"https:\/\/paroisses-nancy-sud.fr\/HOME\/wp-json\/wp\/v2\/posts\/2907\/revisions\/2908"}],"wp:featuredmedia":[{"embeddable":true,"href":"https:\/\/paroisses-nancy-sud.fr\/HOME\/wp-json\/wp\/v2\/media\/554"}],"wp:attachment":[{"href":"https:\/\/paroisses-nancy-sud.fr\/HOME\/wp-json\/wp\/v2\/media?parent=2907"}],"wp:term":[{"taxonomy":"category","embeddable":true,"href":"https:\/\/paroisses-nancy-sud.fr\/HOME\/wp-json\/wp\/v2\/categories?post=2907"},{"taxonomy":"post_tag","embeddable":true,"href":"https:\/\/paroisses-nancy-sud.fr\/HOME\/wp-json\/wp\/v2\/tags?post=2907"}],"curies":[{"name":"wp","href":"https:\/\/api.w.org\/{rel}","templated":true}]}}