{"id":2912,"date":"2023-04-01T21:41:41","date_gmt":"2023-04-01T19:41:41","guid":{"rendered":"https:\/\/paroisses-nancy-sud.fr\/HOME\/?p=2912"},"modified":"2023-04-01T21:41:41","modified_gmt":"2023-04-01T19:41:41","slug":"jesus-est-a-la-porte","status":"publish","type":"post","link":"https:\/\/paroisses-nancy-sud.fr\/HOME\/jesus-est-a-la-porte\/","title":{"rendered":"<strong>J\u00e9sus est \u00e0 la porte<\/strong>"},"content":{"rendered":"\n<p class=\"Standard\" style=\"margin-bottom: 5.65pt; text-align: justify; text-justify: inter-ideograph;\"><span style=\"font-size: 16pt; font-family: Caladea; color: #000000;\">Fr\u00e8res et s\u0153urs, aujourd&rsquo;hui J\u00e9sus se pr\u00e9sente \u00e0 la porte de J\u00e9rusalem. Il est le fils de David, le vrai roi, celui qui vient au nom du Seigneur, comme nous le redisons \u00e0 chaque messe au moment du <i>Sanctus<\/i>. Cependant, il ne vient pas en conqu\u00e9rant sur un cheval de guerre, entour\u00e9 d&rsquo;une arm\u00e9e. Il se pr\u00e9sente humble, pacifique et doux, assis sur un \u00e2ne au milieu d&rsquo;une foule en liesse.<\/span><\/p>\n<p class=\"Standard\" style=\"margin-bottom: 5.65pt; text-align: justify; text-justify: inter-ideograph;\"><span style=\"font-size: 16pt; font-family: Caladea; color: #000000;\">Aujourd&rsquo;hui J\u00e9sus se pr\u00e9sente \u00e0 la porte de J\u00e9rusalem. J\u00e9rusalem peut repr\u00e9senter notre existence. Lorsque J\u00e9sus se pr\u00e9sente \u00e0 la porte de notre existence, nous pouvons nous poser la m\u00eame question que les habitants de J\u00e9rusalem\u00a0: \u00ab\u00a0Qui est cet homme\u00a0?\u00a0\u00bb<\/span><\/p>\n<p class=\"Standard\" style=\"margin-bottom: 5.65pt; text-align: justify; text-justify: inter-ideograph;\"><span style=\"font-size: 16pt; font-family: Caladea; color: #000000;\">Vous l&rsquo;aurez peut-\u00eatre remarqu\u00e9, chacun a son id\u00e9e sur J\u00e9sus. Proph\u00e8te ou roi des Juifs, innocent ou bandit, juste ou imposteur, roi d&rsquo;Isra\u00ebl ou Fils de Dieu, autant de noms qui lui sont donn\u00e9s au long de ce long r\u00e9cit de la Passion. J\u00e9sus dit seulement de lui-m\u00eame qu&rsquo;il est le Fils de l&rsquo;homme et le berger. \u00c0 part cela, il garde le silence, comme s&rsquo;il disait \u00e0 chacun de nous\u00a0: \u00ab\u00a0Tu peux faire comme les autres, me coller une \u00e9tiquette et passer ton chemin\u00a0; ou bien tu peux m&rsquo;accueillir dans ton existence et faire un bout de chemin avec moi.\u00a0\u00bb<\/span><\/p>\n<p class=\"Standard\" style=\"margin-bottom: 5.65pt; text-align: justify; text-justify: inter-ideograph;\"><span style=\"font-size: 16pt; font-family: Caladea; color: #000000;\">Aujourd&rsquo;hui J\u00e9sus entre \u00e0 J\u00e9rusalem. En entrant \u00e0 J\u00e9rusalem \u2013 nous ne l&rsquo;avons pas lu ce matin \u2013 la premi\u00e8re chose qu&rsquo;il a faite a \u00e9t\u00e9 de vider le Temple de tout ce qui l&rsquo;encombrait et emp\u00eachait qu&rsquo;il soit une maison pour Dieu. Une fois encore, J\u00e9rusalem peut repr\u00e9senter notre existence. Lorsque J\u00e9sus entre, il nous bouscule, il ne nous laisse pas indemnes.<\/span><\/p>\n<p class=\"Standard\" style=\"margin-bottom: 5.65pt; text-align: justify; text-justify: inter-ideograph;\"><span style=\"font-size: 16pt; font-family: Caladea; color: #000000;\">Aujourd&rsquo;hui, par le sacrement de bapt\u00eame, J\u00e9sus d\u00e9sire entrer dans l&rsquo;existence de Thomas et de Valentine. Nous comptons sur vous, parents, parrains et marraines, pour les aider \u00e0 l&rsquo;accueillir toujours davantage chaque jour.<\/span><\/p>\n<p class=\"Standard\" style=\"margin-bottom: 5.65pt; text-align: justify; text-justify: inter-ideograph;\"><span style=\"font-size: 16pt; font-family: Caladea; color: #000000;\">Aujourd&rsquo;hui, par la parole que nous avons entendue, par la pri\u00e8re que nous partageons, par le sacrement de l&rsquo;eucharistie qui nous sera propos\u00e9, J\u00e9sus d\u00e9sire entrer dans l&rsquo;existence de chacun de nous. Oh\u00a0! nous n&rsquo;allons \u00e9videmment pas le rejeter violemment ou le renier, comme l&rsquo;ont fait Ca\u00efphe, Pilate et les notables, Judas, Pierre et les disciples. Il peut arriver toutefois \u2013 cela nous arrive \u00e0 tous \u2013 que nous d\u00e9cidions de le mettre de c\u00f4t\u00e9, de le rel\u00e9guer dans un petit coin de notre existence o\u00f9 il ne nous d\u00e9rangera pas trop.<\/span><\/p>\n<p class=\"Standard\" style=\"margin-bottom: 5.65pt; text-align: justify; text-justify: inter-ideograph;\"><span style=\"font-size: 16pt; font-family: Caladea; color: #000000;\">La vie des saints nous donne un aper\u00e7u de ce que le Seigneur est capable d&rsquo;accomplir lorsqu&rsquo;un homme, une femme, lui ouvre grand la porte de son existence. \u00ab\u00a0Ce qu\u2019offre le Seigneur, \u00e9crit le pape Fran\u00e7ois, est la vraie vie, le bonheur pour lequel nous avons \u00e9t\u00e9 cr\u00e9\u00e9s. Il veut que nous soyons saints et il n\u2019attend pas de nous que nous nous contentions d\u2019une existence m\u00e9diocre, \u00e9dulcor\u00e9e, sans consistance.\u00a0\u00bb Beno\u00eet\u00a0XVI et Jean-Paul\u00a0II l&rsquo;avaient d\u00e9j\u00e0 dit, chacun \u00e0 sa mani\u00e8re\u00a0: \u00ab\u00a0N&rsquo;ayez pas peur\u00a0! Ouvrez tout grand les portes au Christ \u2013 et vous trouverez la vraie vie. Amen.\u00a0\u00bb<\/span><\/p>\n<p style=\"text-align: right;\"><em><span style=\"color: #000000;\">P\u00e8re Alexandre-Marie Valder<\/span><\/em><\/p>\n","protected":false},"excerpt":{"rendered":"<p>Fr\u00e8res et s\u0153urs, aujourd&rsquo;hui J\u00e9sus se pr\u00e9sente \u00e0 la porte de J\u00e9rusalem. Il est le fils de David, le vrai roi, celui qui vient au nom du Seigneur, comme nous le redisons \u00e0 chaque messe au moment du Sanctus. Cependant, il ne vient pas en conqu\u00e9rant sur un cheval de guerre, entour\u00e9 d&rsquo;une arm\u00e9e. Il&hellip; <br \/> <a class=\"read-more\" href=\"https:\/\/paroisses-nancy-sud.fr\/HOME\/jesus-est-a-la-porte\/\">Lire la suite<\/a><\/p>\n","protected":false},"author":5,"featured_media":290,"comment_status":"closed","ping_status":"open","sticky":false,"template":"","format":"standard","meta":[],"categories":[9],"tags":[],"acf":[],"_links":{"self":[{"href":"https:\/\/paroisses-nancy-sud.fr\/HOME\/wp-json\/wp\/v2\/posts\/2912"}],"collection":[{"href":"https:\/\/paroisses-nancy-sud.fr\/HOME\/wp-json\/wp\/v2\/posts"}],"about":[{"href":"https:\/\/paroisses-nancy-sud.fr\/HOME\/wp-json\/wp\/v2\/types\/post"}],"author":[{"embeddable":true,"href":"https:\/\/paroisses-nancy-sud.fr\/HOME\/wp-json\/wp\/v2\/users\/5"}],"replies":[{"embeddable":true,"href":"https:\/\/paroisses-nancy-sud.fr\/HOME\/wp-json\/wp\/v2\/comments?post=2912"}],"version-history":[{"count":1,"href":"https:\/\/paroisses-nancy-sud.fr\/HOME\/wp-json\/wp\/v2\/posts\/2912\/revisions"}],"predecessor-version":[{"id":2913,"href":"https:\/\/paroisses-nancy-sud.fr\/HOME\/wp-json\/wp\/v2\/posts\/2912\/revisions\/2913"}],"wp:featuredmedia":[{"embeddable":true,"href":"https:\/\/paroisses-nancy-sud.fr\/HOME\/wp-json\/wp\/v2\/media\/290"}],"wp:attachment":[{"href":"https:\/\/paroisses-nancy-sud.fr\/HOME\/wp-json\/wp\/v2\/media?parent=2912"}],"wp:term":[{"taxonomy":"category","embeddable":true,"href":"https:\/\/paroisses-nancy-sud.fr\/HOME\/wp-json\/wp\/v2\/categories?post=2912"},{"taxonomy":"post_tag","embeddable":true,"href":"https:\/\/paroisses-nancy-sud.fr\/HOME\/wp-json\/wp\/v2\/tags?post=2912"}],"curies":[{"name":"wp","href":"https:\/\/api.w.org\/{rel}","templated":true}]}}