{"id":2916,"date":"2023-04-07T11:32:50","date_gmt":"2023-04-07T09:32:50","guid":{"rendered":"https:\/\/paroisses-nancy-sud.fr\/HOME\/?p=2916"},"modified":"2023-04-07T11:32:50","modified_gmt":"2023-04-07T09:32:50","slug":"invites-a-faire-alliance","status":"publish","type":"post","link":"https:\/\/paroisses-nancy-sud.fr\/HOME\/invites-a-faire-alliance\/","title":{"rendered":"<strong>Invit\u00e9s \u00e0 faire Alliance<\/strong>"},"content":{"rendered":"\n<p class=\"Standard\" style=\"margin-bottom: 5.65pt; text-align: justify;\"><span style=\"font-size: 16pt; font-family: Caladea; color: #000000;\">\u00ab\u00a0Ceci est mon corps, qui est pour vous. Faites cela en m\u00e9moire de moi. Cette coupe est la nouvelle Alliance en mon sang. Chaque fois que vous en boirez, faites cela en m\u00e9moire de moi.\u00a0\u00bb Une trentaine d&rsquo;ann\u00e9es apr\u00e8s la mort de J\u00e9sus, Paul constate que les Corinthiens qui se r\u00e9unissent pour le repas du Seigneur offrent le t\u00e9moignage d&rsquo;une communaut\u00e9 divis\u00e9e et centr\u00e9e sur elle-m\u00eame. Voil\u00e0 pourquoi Paul leur rappelle le sens de l&rsquo;Eucharistie. Chaque g\u00e9n\u00e9ration \u2013 et la n\u00f4tre n&rsquo;y \u00e9chappe pas \u2013 a besoin de red\u00e9couvrir le tr\u00e9sor que le Seigneur nous a laiss\u00e9.<\/span><\/p>\n<p class=\"Standard\" style=\"margin-bottom: 5.65pt; text-align: justify;\"><span style=\"font-size: 16pt; font-family: Caladea; color: #000000;\">\u00ab\u00a0Chaque fois que vous mangez ce pain et que vous buvez \u00e0 cette coupe, vous proclamez la mort du Seigneur, jusqu&rsquo;\u00e0 ce qu&rsquo;il vienne.\u00a0\u00bb Dans la lettre qu&rsquo;il a consacr\u00e9e \u00e0 la formation liturgique du peuple de Dieu, le pape Fran\u00e7ois a cette parole forte\u00a0: \u00ab\u00a0Le contenu du Pain rompu est la croix de J\u00e9sus, son sacrifice d\u2019ob\u00e9issance par amour pour le P\u00e8re (<i>Desiderio desideravi<\/i> n\u00b07).\u00a0\u00bb<\/span><\/p>\n<p class=\"Standard\" style=\"margin-bottom: 5.65pt; text-align: justify;\"><span style=\"font-size: 16pt; font-family: Caladea; color: #000000;\">\u00ab\u00a0Le contenu du Pain rompu est la croix de J\u00e9sus\u00a0\u00bb, c&rsquo;est-\u00e0-dire un myst\u00e8re d&rsquo;amour jusqu&rsquo;au bout, jusqu&rsquo;\u00e0 l&rsquo;extr\u00eame. Dans la croix de J\u00e9sus, donc dans l&rsquo;Eucharistie, il y a tout le myst\u00e8re de la vie, de la mort et de la r\u00e9surrection\u00a0; il y a tout le myst\u00e8re de la vie re\u00e7ue de Dieu, offerte \u00e0 Dieu, et re\u00e7ue de Dieu \u00e0 nouveau, \u00e9ternelle, indestructible\u00a0; il y a tout le myst\u00e8re de P\u00e2ques.<\/span><\/p>\n<p class=\"Standard\" style=\"margin-bottom: 5.65pt; text-align: justify;\"><span style=\"font-size: 16.0pt; font-family: Caladea;\">\u00a0<\/span><span style=\"font-size: 16pt; font-family: Caladea; color: #000000;\">Fr\u00e8res et s\u0153urs, juste apr\u00e8s les mots que nous avons entendus dans la deuxi\u00e8me lecture, Paul invite les chr\u00e9tiens \u00e0 ne pas recevoir \u00e0 la l\u00e9g\u00e8re le corps et le sang du Seigneur. Il ne s&rsquo;agit pas d&rsquo;une quelconque pruderie, d&rsquo;une crainte de l&rsquo;impuret\u00e9, d&rsquo;une peur du sacril\u00e8ge ou de l&rsquo;indignit\u00e9 de celui ou celle qui recevrait l&rsquo;Eucharistie. En fait, il est question d&rsquo;une promesse et d&rsquo;une alliance.<\/span><\/p>\n<p class=\"Standard\" style=\"margin-bottom: 5.65pt; text-align: justify;\"><span style=\"font-size: 16pt; font-family: Caladea; color: #000000;\">Je nous rappelle les mots du pape Fran\u00e7ois\u00a0: \u00ab\u00a0Le contenu du Pain rompu est la croix de J\u00e9sus.\u00a0\u00bb \u00c0 propos du pr\u00eatre qui c\u00e9l\u00e8bre l&rsquo;Eucharistie, le pape Fran\u00e7ois \u00e9crit\u00a0: \u00ab\u00a0Il ne peut pas dire : \u201cPrenez, et mangez-en tous : ceci est mon Corps livr\u00e9 pour vous\u201d, et ne pas vivre le m\u00eame d\u00e9sir d\u2019offrir son propre corps, sa propre vie, pour le peuple qui lui est confi\u00e9 (<i>Desiderio desideravi<\/i> n\u00b059).\u00a0\u00bb Ce n&rsquo;est pas un hasard si, chaque ann\u00e9e, c&rsquo;est en lien avec le jeudi saint que les pr\u00eatres renouvellent leur promesse de servir le Christ et l&rsquo;\u00c9glise. L&rsquo;Eucharistie que nous c\u00e9l\u00e9brons nous engage \u00e0 donner notre vie chaque jour.<\/span><\/p>\n<p class=\"Standard\" style=\"margin-bottom: 5.65pt; text-align: justify;\"><span style=\"font-size: 16pt; font-family: Caladea; color: #000000;\">Mais en fait, il en va de m\u00eame pour tout baptis\u00e9, qu&rsquo;il soit clerc, consacr\u00e9 ou la\u00efc. Chaque eucharistie nous engage. Celui qui s&rsquo;avance pour recevoir le Christ pr\u00e9sent dans l&rsquo;Eucharistie est semblable \u00e0 l&rsquo;auteur du psaume qui disait\u00a0: \u00ab\u00a0Je t&rsquo;offrirai le sacrifice d&rsquo;action de gr\u00e2ce, j&rsquo;invoquerai le nom du Seigneur. Je tiendrai mes promesses au Seigneur, oui, devant tout son peuple.\u00a0\u00bb De quelle promesse s&rsquo;agit-il\u00a0?<\/span><\/p>\n<p class=\"Standard\" style=\"margin-bottom: 5.65pt; text-align: justify;\"><span style=\"font-size: 16.0pt; font-family: Caladea;\">\u00a0<\/span><span style=\"font-size: 16pt; font-family: Caladea; color: #000000;\">Je r\u00e9ponds \u00e0 cette question par une autre\u00a0: fr\u00e8res et s\u0153urs, pourquoi J\u00e9sus s&rsquo;offre-t-il \u00e0 nous dans l&rsquo;Eucharistie\u00a0?<\/span><\/p>\n<p class=\"Standard\" style=\"margin-bottom: 5.65pt; text-align: justify;\"><span style=\"font-size: 16pt; font-family: Caladea; color: #000000;\">Si J\u00e9sus se donne \u00e0 nous, c&rsquo;est pour que nous soyons transform\u00e9s en lui. Cela vaut lorsque nous recevons le bapt\u00eame, la confirmation ou un autre sacrement, \u00e0 chaque fois que nous nous confessons, \u00e0 chaque fois que nous communions. Chaque sacrement est une rencontre avec le Seigneur J\u00e9sus qui demande\u00a0:<\/span><\/p>\n<p class=\"Standard\" style=\"margin-bottom: 5.65pt; text-align: justify;\"><span style=\"font-size: 16pt; font-family: Caladea; color: #000000;\">\u00ab\u00a0Veux-tu faire alliance avec moi\u00a0? Veux-tu \u00eatre transform\u00e9 en moi\u00a0? Veux-tu vivre dans l&rsquo;ob\u00e9issance \u00e0 ce commandement nouveau\u00a0? Veux-tu aimer de cet amour dont j&rsquo;ai montr\u00e9 l&rsquo;exemple en servant et en donnant ma vie\u00a0? Veux-tu aimer les tiens qui sont dans le monde, et les aimer jusqu&rsquo;au bout\u00a0? Veux-tu vivre avec moi, mourir avec moi et ressusciter avec moi\u00a0?\u00a0\u00bb<\/span><\/p>\n<p class=\"Standard\" style=\"margin-bottom: 5.65pt; text-align: justify;\"><span style=\"font-size: 16pt; font-family: Caladea; color: #000000;\">Par cons\u00e9quent, communier au corps et au sang du Seigneur n&rsquo;est pas une formalit\u00e9, nous le savons bien. C&rsquo;est accepter de faire un pas de plus dans cette alliance. Nous nous avan\u00e7ons et nous r\u00e9pondons \u00ab\u00a0Amen.\u00a0\u00bb \u00ab\u00a0Amen\u00a0\u00bb, c&rsquo;est-\u00e0-dire \u00ab\u00a0Je crois, c&rsquo;est fiable, c&rsquo;est du solide, j&rsquo;adh\u00e8re, j&rsquo;ai confiance.\u00a0\u00bb Il y a cela dans chacun de nos \u00ab\u00a0Amen\u00a0\u00bb, en r\u00e9ponse aux pri\u00e8res de la messe, en r\u00e9ponse aux b\u00e9n\u00e9dictions, en recevant les sacrements\u00a0: \u00ab\u00a0Oui Seigneur, j&rsquo;ai confiance en toi, je souscris \u00e0 ton alliance, je promets d&rsquo;y \u00eatre fid\u00e8le.\u00a0\u00bb Samedi soir, comme chaque ann\u00e9e, nous renouvellerons ensemble les promesses de notre bapt\u00eame en rejetant le p\u00e9ch\u00e9 et en professant notre foi en Dieu.\u00a0\u00bb<\/span><\/p>\n<p class=\"Standard\" style=\"margin-bottom: 5.65pt; text-align: justify;\"><span style=\"color: #000000;\"><span style=\"font-size: 16.0pt; font-family: Caladea;\">\u00a0<\/span><span style=\"font-size: 16.0pt; font-family: Caladea;\">Nous le chantons parfois \u00e0 la messe\u00a0; lorsque nous communions, nous devenons ce que nous recevons\u00a0: le corps du Christ.<\/span><\/span><\/p>\n<p class=\"Standard\" style=\"margin-bottom: 5.65pt; text-align: justify;\"><span style=\"font-size: 16pt; font-family: Caladea; color: #000000;\">Mais n&rsquo;est-ce pas trop grand pour les petits humains que nous sommes\u00a0? Si, parfaitement\u00a0! N&rsquo;allons surtout pas sombrer dans le d\u00e9couragement\u00a0: c&rsquo;est le Seigneur lui-m\u00eame qui nous fait la gr\u00e2ce de tenir nos promesses.<\/span><\/p>\n<p class=\"Standard\" style=\"margin-bottom: 5.65pt; text-align: justify;\"><span style=\"font-size: 16pt; font-family: Caladea; color: #000000;\">Au jour de notre bapt\u00eame, le Seigneur a fait comme pour Pierre et les autres\u00a0: il nous a lav\u00e9s afin que nous ayons une part avec lui, afin que nous soyons en lui et lui en nous. Au jour de notre confirmation, il a raviv\u00e9 en nous le don de l&rsquo;Esprit Saint. Dans l&rsquo;Eucharistie, le Seigneur J\u00e9sus se donne \u00e0 nous en nous ayant d\u00e9j\u00e0 rendus capables de le recevoir.<\/span><\/p>\n<p class=\"Standard\" style=\"margin-bottom: 5.65pt; text-align: justify;\"><span style=\"font-size: 16.0pt; font-family: Caladea;\">\u00a0<\/span><span style=\"font-size: 16pt; font-family: Caladea; color: #000000;\">\u00ab\u00a0Le contenu du Pain rompu est la croix de J\u00e9sus.\u00a0\u00bb Fr\u00e8res et s\u0153urs, \u00e9merveillons-nous du don que le Seigneur nous fait. La liturgie de l&rsquo;\u00c9glise est toujours une rencontre avec le Seigneur vivant. Cette rencontre, si elle est authentique, ne peut pas nous laisser inchang\u00e9s. \u00ab\u00a0Ne rentrez pas chez vous comme avant\u00a0\u00bb, chantons-nous parfois \u00e0 la fin des messes.<\/span><\/p>\n<p class=\"Standard\" style=\"margin-bottom: 5.65pt; text-align: justify;\"><span style=\"font-size: 16pt; font-family: Caladea; color: #000000;\">Le Seigneur J\u00e9sus ne demande que notre bonne volont\u00e9, c&rsquo;est-\u00e0-dire, comme \u00e9crit le pape Fran\u00e7ois, \u00ab\u00a0s&rsquo;abandonner \u00e0 son amour, se laisser attirer par lui. Il est certain que toute r\u00e9ception de la communion au Corps et au Sang du Christ a d\u00e9j\u00e0 \u00e9t\u00e9 voulue par Lui lors de la Derni\u00e8re C\u00e8ne (<i>Desiderio<\/i> <i>desideravi<\/i> n\u00b06).\u00a0\u00bb<\/span><\/p>\n<p style=\"text-align: right;\"><em><span style=\"color: #000000;\">P\u00e8re Alexandre-Marie Valder<\/span><\/em><\/p>\n","protected":false},"excerpt":{"rendered":"<p>\u00ab\u00a0Ceci est mon corps, qui est pour vous. Faites cela en m\u00e9moire de moi. Cette coupe est la nouvelle Alliance en mon sang. Chaque fois que vous en boirez, faites cela en m\u00e9moire de moi.\u00a0\u00bb Une trentaine d&rsquo;ann\u00e9es apr\u00e8s la mort de J\u00e9sus, Paul constate que les Corinthiens qui se r\u00e9unissent pour le repas du&hellip; <br \/> <a class=\"read-more\" href=\"https:\/\/paroisses-nancy-sud.fr\/HOME\/invites-a-faire-alliance\/\">Lire la suite<\/a><\/p>\n","protected":false},"author":5,"featured_media":290,"comment_status":"closed","ping_status":"open","sticky":false,"template":"","format":"standard","meta":[],"categories":[9],"tags":[],"acf":[],"_links":{"self":[{"href":"https:\/\/paroisses-nancy-sud.fr\/HOME\/wp-json\/wp\/v2\/posts\/2916"}],"collection":[{"href":"https:\/\/paroisses-nancy-sud.fr\/HOME\/wp-json\/wp\/v2\/posts"}],"about":[{"href":"https:\/\/paroisses-nancy-sud.fr\/HOME\/wp-json\/wp\/v2\/types\/post"}],"author":[{"embeddable":true,"href":"https:\/\/paroisses-nancy-sud.fr\/HOME\/wp-json\/wp\/v2\/users\/5"}],"replies":[{"embeddable":true,"href":"https:\/\/paroisses-nancy-sud.fr\/HOME\/wp-json\/wp\/v2\/comments?post=2916"}],"version-history":[{"count":1,"href":"https:\/\/paroisses-nancy-sud.fr\/HOME\/wp-json\/wp\/v2\/posts\/2916\/revisions"}],"predecessor-version":[{"id":2917,"href":"https:\/\/paroisses-nancy-sud.fr\/HOME\/wp-json\/wp\/v2\/posts\/2916\/revisions\/2917"}],"wp:featuredmedia":[{"embeddable":true,"href":"https:\/\/paroisses-nancy-sud.fr\/HOME\/wp-json\/wp\/v2\/media\/290"}],"wp:attachment":[{"href":"https:\/\/paroisses-nancy-sud.fr\/HOME\/wp-json\/wp\/v2\/media?parent=2916"}],"wp:term":[{"taxonomy":"category","embeddable":true,"href":"https:\/\/paroisses-nancy-sud.fr\/HOME\/wp-json\/wp\/v2\/categories?post=2916"},{"taxonomy":"post_tag","embeddable":true,"href":"https:\/\/paroisses-nancy-sud.fr\/HOME\/wp-json\/wp\/v2\/tags?post=2916"}],"curies":[{"name":"wp","href":"https:\/\/api.w.org\/{rel}","templated":true}]}}