{"id":2918,"date":"2023-04-07T18:23:57","date_gmt":"2023-04-07T16:23:57","guid":{"rendered":"https:\/\/paroisses-nancy-sud.fr\/HOME\/?p=2918"},"modified":"2023-04-07T18:23:57","modified_gmt":"2023-04-07T16:23:57","slug":"annonces-de-saint-francois-de-sales-et-sainte-jeanne-de-chantal-du-9-avril-2","status":"publish","type":"post","link":"https:\/\/paroisses-nancy-sud.fr\/HOME\/annonces-de-saint-francois-de-sales-et-sainte-jeanne-de-chantal-du-9-avril-2\/","title":{"rendered":"Annonces de Saint-Fran\u00e7ois-de-Sales et sainte-Jeanne-de-Chantal du 9 avril"},"content":{"rendered":"\n<p><span style=\"color: #000000;\"><strong><span style=\"text-decoration: underline;\">Bienvenue \u00e0 notre nouvel \u00e9v\u00eaque\u00a0!<\/span><br \/><\/strong>C\u2019est avec joie que nous apprenons, ce Jeudi Saint, la nomination par le pape Fran\u00e7ois de <strong>Mgr Pierre-Yves Michel<\/strong> comme \u00e9v\u00eaque de Nancy et Toul. Mgr Pierre-Yves Michel \u00e9tait jusqu\u2019\u00e0 maintenant \u00e9v\u00eaque de Valence. Nous avons une pens\u00e9e fraternelle pour les fid\u00e8les de ce dioc\u00e8se qui perdent leur pasteur.<\/span><br \/><span style=\"color: #000000;\">La messe d\u2019installation officielle de notre nouvel \u00e9v\u00eaque aura lieu en la cath\u00e9drale Notre-Dame de l\u2019Annonciation de Nancy l<strong>e jeudi 18 mai 2023<\/strong>, solennit\u00e9 de l\u2019Ascension du Seigneur, \u00e0 15h30. Nous souhaitons, d\u2019ores et d\u00e9j\u00e0, la bienvenue \u00e0 Mgr Pierre-Yves Michel. Nous l\u2019assurons de notre pri\u00e8re et nous confions son futur minist\u00e8re \u00e0 la Vierge Marie, patronne titulaire de notre dioc\u00e8se et de notre cath\u00e9drale.<\/span><\/p>\n<p><span style=\"color: #000000;\"><span style=\"text-decoration: underline;\"><strong>Dimanche de P\u00e2ques 9 avril 2023<\/strong><\/span><strong>.<\/strong><\/span><\/p>\n<table width=\"737\">\n<tbody>\n<tr>\n<td width=\"159\">\n<p>\u00a0<\/p>\n<\/td>\n<td width=\"189\">\n<p><span style=\"color: #000000;\"><strong>Visitation<\/strong><\/span><\/p>\n<\/td>\n<td width=\"198\">\n<p><span style=\"color: #000000;\"><strong>Sainte-Jeanne-de-Chantal<\/strong><\/span><\/p>\n<\/td>\n<td width=\"190\">\n<p><span style=\"color: #000000;\"><strong>Saint-Fran\u00e7ois-de-Sales<\/strong><\/span><\/p>\n<\/td>\n<\/tr>\n<tr>\n<td width=\"159\">\n<p><span style=\"color: #000000;\"><strong>Dimanche 9 avril <\/strong>Messe du dimanche de P\u00e2ques<\/span><\/p>\n<\/td>\n<td width=\"189\">\n<p><span style=\"color: #000000;\"><strong>10h<\/strong> Viterne<\/span><\/p>\n<p><span style=\"color: #000000;\"><strong>10h30<\/strong> \u00e0 Neuves-Maisons<\/span><\/p>\n<\/td>\n<td width=\"198\">\n<p><span style=\"color: #000000;\"><strong>10h <\/strong>\u00e0 Flavigny<\/span><\/p>\n<\/td>\n<td width=\"190\">\n<p><span style=\"color: #000000;\"><strong>10h <\/strong>\u00e0 Fl\u00e9ville<\/span><\/p>\n<p><span style=\"color: #000000;\"><strong>10h30<\/strong> \u00e0 Laneuveville<\/span><\/p>\n<\/td>\n<\/tr>\n<\/tbody>\n<\/table>\n<p><span style=\"color: #000000;\"><span style=\"text-decoration: underline;\"><strong>Bapt\u00eames:\u00a0<br \/><\/strong><\/span><strong>Ce samedi 8 avril, \u00e0 Jarville, <\/strong>lors de la Vigile pascale, Charlotte recevra le bapt\u00eame, communiera pour la premi\u00e8re fois et sera confirm\u00e9e.<\/span><br \/><span style=\"color: #000000;\"><strong>Le dimanche 9 avril<\/strong> Camille sera baptis\u00e9e \u00e0 Flavigny.<\/span><br \/><span style=\"color: #000000;\">R\u00e9jouissons-nous de leur entr\u00e9e dans notre communaut\u00e9 et accompagnons-les par notre pri\u00e8re.<\/span><\/p>\n<p><span style=\"color: #000000;\"><span style=\"text-decoration: underline;\"><strong>\u00a0Table ouverte du dimanche de P\u00e2ques :<br \/><\/strong><\/span><strong>Le dimanche 9 avril, \u00e0 Jarville, \u00e0 midi, table ouverte pour f\u00eater P\u00e2ques. <\/strong>Comme d\u2019habitude chacun(e) est le(la) bienvenu(e) et peut apporter un plat sal\u00e9 ou sucr\u00e9 et quelques g\u00e2teries.<\/span><\/p>\n<p><span style=\"color: #000000;\"><strong><span style=\"text-decoration: underline;\">Pri\u00e8re des m\u00e8res<\/span> :<br \/><\/strong><strong>Le jeudi 13 avril \u00e0 17h15 \u00e0 Jarville, <\/strong>pri\u00e8re des m\u00e8res dans les salles paroissiales<strong>.<\/strong><\/span><\/p>\n<p><span style=\"color: #000000;\"><strong><span style=\"text-decoration: underline;\">Veill\u00e9e chants et louange<\/span>:<br \/><\/strong><strong>Le vendredi 14 avril \u00e0 20h30 \u00e0 Jarville, \u00e0 la crypte, <\/strong>veill\u00e9e de chants et louange accompagn\u00e9e \u00e0 la guitare.\u00a0<\/span><\/p>\n<p><span style=\"color: #000000;\"><strong>\u00a0<\/strong><strong><span style=\"text-decoration: underline;\">Conf\u00e9rences \u00e0 Ludres et Jarville<\/span> :\u00a0<br \/><\/strong><strong>Comment retrouver la capacit\u00e9 de vivre la liturgie\u00a0?<br \/><\/strong>Deux temps d\u2019enseignements sur la liturgie \u00e0 partir de la lettre du pape Fran\u00e7ois, \u2018\u2019 Desiderio desideravi\u2019\u2019 (\u2018\u2019<em>J\u2019ai d\u00e9sir\u00e9 d\u2019un grand d\u00e9sir\u2019\u2019<\/em> du 29 juin 2022) propos\u00e9s par Alexandre-Marie. \u00a0<\/span><br \/><span style=\"color: #000000;\"><strong>&#8211; le samedi 15 avril \u00e0 Ludres \u00e0 15h et le dimanche 16 avril \u00e0 Jarville \u00e0 16h30 :<\/strong> \u2018<em>\u2018A travers la chair du Verbe\u2019\u2019.<\/em> \u00a0\u2013<strong>\u00a0le samedi 22 avril \u00e0 Ludres \u00e0 15h et le dimanche 23 avril \u00e0 Jarville \u00e0 16h30<\/strong>\u00a0:\u00a0 \u2018<em>\u2019Devenir Lui\u2019\u2019<\/em>\u00a0<\/span><\/p>\n<p><span style=\"color: #000000;\"><span style=\"text-decoration: underline;\"><strong>\u00a0<\/strong><\/span><strong><span style=\"text-decoration: underline;\">Vente au profit des jeunes partant aux JMJ<\/span> :\u00a0<br \/><\/strong>Dans le cadre du financement des JMJ de Lisbonne (\u00e9t\u00e9 2023) nous avons d\u00e9j\u00e0 r\u00e9alis\u00e9 des actions au niveau dioc\u00e9sain (cartes de v\u0153ux et parrainages). Comme vous le savez, un groupe de pr\u00e9paration s&rsquo;est mont\u00e9 sur notre secteur Nancy-Sud.\u00a0<\/span><br \/><span style=\"color: #000000;\"><strong>Avec ce groupe nous r\u00e9aliserons une vente d&rsquo;objets faits main, bougies et g\u00e2teaux au profit des jeunes de ce groupe : le d<\/strong><strong>imanche 16 avril \u00e0 Jarville<\/strong> et <strong>le samedi 22 avril \u00e0 Laneuveville.<br \/><\/strong>Merci par avance de votre g\u00e9n\u00e9rosit\u00e9.<\/span><\/p>\n<p><span style=\"color: #000000;\"><strong><span style=\"text-decoration: underline;\">F\u00eate patronale de Saint Georges \u00e0 Richardm\u00e9nil<\/span> :\u00a0<br \/><\/strong><strong>Le dimanche 23 avril, \u00e0 10h, la messe du dimanche sera c\u00e9l\u00e9br\u00e9e \u00e0 l\u2019\u00e9glise de Richardm\u00e9nil <\/strong>et non \u00e0 Flavigny <strong>\u00e0 l\u2019occasion de la f\u00eate patronale de l\u2019\u00e9glise Saint Georges<\/strong>.<\/span><br \/><span style=\"color: #000000;\">En partenariat avec la municipalit\u00e9, un moment convivial sur le parvis de l\u2019\u00e9glise puis un repas partag\u00e9 \u00e0 la MTL suivront. Une conf\u00e9rence de d\u00e9couverte de l\u2019\u00e9glise sera donn\u00e9e \u00e0 14h30.<\/span><\/p>\n<p><span style=\"color: #000000;\"><strong><span style=\"text-decoration: underline;\">Derni\u00e8re soir\u00e9e du parcours Alpha 2023<\/span>\u00a0 :<br \/><\/strong><strong>Ce mardi 11 avril \u00e0 19h30 <\/strong>derni\u00e8re soir\u00e9e pour les personnes du parcours Alpha 2023 : topo \u2018\u2019 En parler aux autres \u2019\u2019et repas festif\u00a0!<\/span><\/p>\n<p><span style=\"color: #000000;\"><strong><span style=\"text-decoration: underline;\">Autres Annonces<\/span> :\u00a0<br \/><\/strong><strong>Exposition internationale\u00a0: les miracles eucharistiques dans le monde<br \/><\/strong>Exposition con\u00e7ue et cr\u00e9\u00e9e par Carlo Acutis visible <strong>\u00e0 l\u2019\u00e9glise saint Laurent de Val-et-Chatillon du 9 au 19 avril.<\/strong> Avec un vaste assortiment de photographies et de descriptions historiques, l\u2019exposition pr\u00e9sente certains des principaux Miracles Eucharistiques (environ 136) qui se sont produits au cours des si\u00e8cles \u00e0 travers le monde et qui ont \u00e9t\u00e9 reconnus par l\u2019\u00c9glise.<\/span><\/p>\n<p style=\"text-align: left;\"><span style=\"color: #000000;\"><strong><span style=\"text-decoration: underline;\">Les jeunes partant aux JMJ de Lisbonne se sont rencontr\u00e9s<\/span> :<br \/><\/strong>Le dimanche des Rameaux, les jeunes du dioc\u00e8se en partance pour les JMJ \u00e9taient r\u00e9unis en groupes de pr\u00e9paration pour vivre une journ\u00e9e de rencontres, de partages et d&rsquo;\u00e9changes. Ces groupes sont pr\u00e9sents partout dans le dioc\u00e8se et chacun peut ainsi se pr\u00e9parer au grand d\u00e9part avec les jeunes pr\u00e8s de chez lui.\u00a0<\/span><br \/><span style=\"color: #000000;\"><em>\u2018\u2019Je retiens un tr\u00e8s grand d\u00e9sir de partir chez les jeunes, un enthousiasme communicatif. Ils ont vraiment la sensation qu\u2019ils vont vivre quelque chose de grand, de d\u00e9cisif dans leur vie de foi. Bref, ces jeunes sont fin pr\u00eats pour faire partie de la nouvelle g\u00e9n\u00e9ration de disciples-missionnaires \u00e0 laquelle les appelle le Pape Fran\u00e7ois !\u2019\u2019<br \/><\/em><em>Johann Graille-B\u00e9gin, responsable du service dioc\u00e9sain de la pastorale des jeunes<\/em><\/span><\/p>\n<p style=\"text-align: left;\"><span style=\"color: #000000;\"><strong><span style=\"text-decoration: underline;\">Conf\u00e9rence d\u00e9bat : la fin de vie parlons-en !<\/span> :<br \/><\/strong><strong>Le vendredi 14 avril 2023 entre 15h et 17h \u00e0 la Maison du Temps Libre, 11 Rue Gustave Lemaire \u00e0 Heillecourt, l<\/strong>\u2019association ASP-Accompagner avec l&rsquo;Espace de R\u00e9flexion Ethique du Grand-Est une r\u00e9flexion sur \u00ab\u00a0la fin de vie, parlons-en avec l&rsquo;intervention du Professeur Audibert, son directeur, suivie d&rsquo;un pot de l&rsquo;amiti\u00e9. En esp\u00e9rant vous rencontrer \u00e0 cette occasion.<\/span><\/p>\n<p style=\"text-align: center;\"><span style=\"color: #000000;\"><em>Le Seigneur est vraiment ressuscit\u00e9, alleluia\u00a0!<br \/><\/em><em>Louez le Seigneur, tous les peuples\u00a0;<br \/><\/em><em>F\u00eatez-le tous les pays\u00a0!<br \/><\/em><em>Son amour envers nous s\u2019est montr\u00e9 le plus fort\u00a0;<br \/><\/em><em>Eternelle est la fid\u00e9lit\u00e9 du Seigneur\u00a0!<br \/><\/em><em>Gloire au P\u00e8re, et au Fils, et au Saint- Esprit,<br \/><\/em><em>Pour les si\u00e8cles des si\u00e8cles. Amen .(Psaume 116) <\/em><\/span><\/p>\n\n\n","protected":false},"excerpt":{"rendered":"<p>Bienvenue \u00e0 notre nouvel \u00e9v\u00eaque\u00a0!C\u2019est avec joie que nous apprenons, ce Jeudi Saint, la nomination par le pape Fran\u00e7ois de Mgr Pierre-Yves Michel comme \u00e9v\u00eaque de Nancy et Toul. Mgr Pierre-Yves Michel \u00e9tait jusqu\u2019\u00e0 maintenant \u00e9v\u00eaque de Valence. Nous avons une pens\u00e9e fraternelle pour les fid\u00e8les de ce dioc\u00e8se qui perdent leur pasteur.La messe d\u2019installation&hellip; <br \/> <a class=\"read-more\" href=\"https:\/\/paroisses-nancy-sud.fr\/HOME\/annonces-de-saint-francois-de-sales-et-sainte-jeanne-de-chantal-du-9-avril-2\/\">Lire la suite<\/a><\/p>\n","protected":false},"author":5,"featured_media":2464,"comment_status":"closed","ping_status":"open","sticky":false,"template":"","format":"standard","meta":[],"categories":[7],"tags":[],"acf":[],"_links":{"self":[{"href":"https:\/\/paroisses-nancy-sud.fr\/HOME\/wp-json\/wp\/v2\/posts\/2918"}],"collection":[{"href":"https:\/\/paroisses-nancy-sud.fr\/HOME\/wp-json\/wp\/v2\/posts"}],"about":[{"href":"https:\/\/paroisses-nancy-sud.fr\/HOME\/wp-json\/wp\/v2\/types\/post"}],"author":[{"embeddable":true,"href":"https:\/\/paroisses-nancy-sud.fr\/HOME\/wp-json\/wp\/v2\/users\/5"}],"replies":[{"embeddable":true,"href":"https:\/\/paroisses-nancy-sud.fr\/HOME\/wp-json\/wp\/v2\/comments?post=2918"}],"version-history":[{"count":1,"href":"https:\/\/paroisses-nancy-sud.fr\/HOME\/wp-json\/wp\/v2\/posts\/2918\/revisions"}],"predecessor-version":[{"id":2919,"href":"https:\/\/paroisses-nancy-sud.fr\/HOME\/wp-json\/wp\/v2\/posts\/2918\/revisions\/2919"}],"wp:featuredmedia":[{"embeddable":true,"href":"https:\/\/paroisses-nancy-sud.fr\/HOME\/wp-json\/wp\/v2\/media\/2464"}],"wp:attachment":[{"href":"https:\/\/paroisses-nancy-sud.fr\/HOME\/wp-json\/wp\/v2\/media?parent=2918"}],"wp:term":[{"taxonomy":"category","embeddable":true,"href":"https:\/\/paroisses-nancy-sud.fr\/HOME\/wp-json\/wp\/v2\/categories?post=2918"},{"taxonomy":"post_tag","embeddable":true,"href":"https:\/\/paroisses-nancy-sud.fr\/HOME\/wp-json\/wp\/v2\/tags?post=2918"}],"curies":[{"name":"wp","href":"https:\/\/api.w.org\/{rel}","templated":true}]}}