{"id":2920,"date":"2023-04-07T21:09:32","date_gmt":"2023-04-07T19:09:32","guid":{"rendered":"https:\/\/paroisses-nancy-sud.fr\/HOME\/?p=2920"},"modified":"2023-04-08T13:37:00","modified_gmt":"2023-04-08T11:37:00","slug":"annonces-de-la-visitation-du-9-avril-2","status":"publish","type":"post","link":"https:\/\/paroisses-nancy-sud.fr\/HOME\/annonces-de-la-visitation-du-9-avril-2\/","title":{"rendered":"Annonces de la Visitation du 9 avril"},"content":{"rendered":"\n<p><span style=\"text-decoration: underline; color: #000000;\"><strong>Nouvel \u00e9v\u00eaque :<\/strong> <\/span><br \/><span style=\"color: #000000;\">C\u2019est avec joie que nous apprenons, ce Jeudi Saint, la nomination par le pape Fran\u00e7ois de <strong>Mgr Pierre-Yves Michel comme \u00e9v\u00eaque de Nancy et Toul.<\/strong> Il \u00e9tait jusqu\u2019\u00e0 maintenant \u00e9v\u00eaque de Valence.<\/span><br \/><span style=\"color: #000000;\">La messe de son installation officielle aura lieu en la cath\u00e9drale Notre-Dame de l\u2019Annonciation de Nancy <strong>le jeudi 18 mai 2023, <\/strong>solennit\u00e9 de l\u2019Ascension du Seigneur, \u00e0 15h30.<\/span><\/p>\n<p><span style=\"color: #000000;\"><strong><u>Bapt\u00eames :<br \/><\/u><\/strong><strong>Ce samedi 08 avril, <\/strong>au cours de la veill\u00e9e pascale, en l\u2019\u00e9glise de Bainville, Ga\u00eblle, Julie et L\u00e9a recevront le bapt\u00eame .<\/span><br \/><span style=\"color: #000000;\"><strong>Ce dimanche 09 avril, <\/strong>jour de P\u00e2ques, en l\u2019\u00e9glise de Neuves-Maisons,\u00a0Louna, Jules et Mathieu recevront le bapt\u00eame.<\/span><br \/><span style=\"color: #000000;\"><strong>Soyons dans la joie et prions pour eux\u00a0!<\/strong><\/span><\/p>\n<p><span style=\"color: #000000;\"><strong><span style=\"text-decoration: underline;\">Dimanche 16 avril \u00e0 16h00 \u00e0 l\u2019\u00e9glise de Xeuilley<\/span>, <br \/><\/strong>Concert de musique baroque, organis\u00e9 par l\u2019association les amis de Saint R\u00e9mi. Trois musiciennes, les Laurentines \u00a0vous proposeront un programme de musique ancienne, \u00e0 la viole de gambe, au clavecin et aux fl\u00fbtes \u00e0 bec. <em>Entr\u00e9e libre.<\/em><\/span><\/p>\n<p><span style=\"text-decoration: underline; color: #000000;\"><strong>Samedi 03 juin <\/strong>de 09h30 \u00e0 16h30, au domaine de l\u2019Asn\u00e9e, :\u00a0<\/span><br \/><span style=\"color: #000000;\">R\u00e9collection sur le th\u00e8me : \u00ab Allez dire \u00bb, propos\u00e9e par Esp\u00e9rance et Vie, mouvement chr\u00e9tien de la\u00efcs pour les veufs et veuves.\u00a0<\/span><br \/><span style=\"color: #000000;\">\u00a0* Inscriptions avant <strong>le 1<sup>er<\/sup> mai, <\/strong>aupr\u00e8s de Simone Grandjean 06 71 44 67 33 ou de\u00a0Jeannette Joubert 06 81 86 71 46. N\u2019h\u00e9sitez pas \u00e0 prendre contact si vous souhaitez rejoindre le groupe ou obtenir des renseignements.<\/span><\/p>\n<p><span style=\"color: #000000;\"><strong><span style=\"text-decoration: underline;\">Messes \u00e0 la Visitation :\u00a0<\/span><br \/><\/strong>Samedi 16 avril \u00e0 18h00\u00a0: Chaligny<\/span><br \/><span style=\"color: #000000;\">Dimanche 17 avril \u00e0 10h00 : Pulligny et \u00e010h30 : Neuves-Maisons<\/span><\/p>\n<p><span style=\"color: #000000;\"><span style=\"text-decoration: underline;\"><strong>Messes en semaine<em>\u00a0 :<br \/><\/em><\/strong><\/span>Jeudi\u00a0: adoration \u00e0 16h00 et messe \u00e0 16h30 \u00e0 la chapelle.<\/span><br \/><span style=\"color: #000000;\">Vendredi\u00a0: messe \u00e0 08h20 chez les s\u0153urs \u00e0 Bainville, 67 rue Jacques Callot<\/span><\/p>\n<p><span style=\"color: #000000;\"><u><strong>Permanences \u00e0 la maison paroissiale<\/strong> :<\/u> <\/span><br \/><span style=\"color: #000000;\">Mardi de 14h \u00e0 16h30 et Samedi de 9h30 \u00e0 11h30<\/span><br \/><span style=\"color: #000000;\">tel : 03 83 47 25 54 \u2013 <em><strong>adresse mail<\/strong><\/em><strong> : <\/strong><a style=\"color: #000000;\" href=\"mailto:visitationmm@orange.fr\">visitationmm@orange.fr<\/a>\u00a0 <\/span><br \/><span style=\"color: #000000;\">Horaires des messes :\u00a0 <a style=\"color: #000000;\" href=\"https:\/\/messes.info\/\">messesinfo<\/a><em> (cliquer sur le lien)<\/em><\/span><\/p>\n<p><strong>\u00a0<\/strong><\/p>\n","protected":false},"excerpt":{"rendered":"<p>Nouvel \u00e9v\u00eaque : C\u2019est avec joie que nous apprenons, ce Jeudi Saint, la nomination par le pape Fran\u00e7ois de Mgr Pierre-Yves Michel comme \u00e9v\u00eaque de Nancy et Toul. Il \u00e9tait jusqu\u2019\u00e0 maintenant \u00e9v\u00eaque de Valence.La messe de son installation officielle aura lieu en la cath\u00e9drale Notre-Dame de l\u2019Annonciation de Nancy le jeudi 18 mai 2023,&hellip; <br \/> <a class=\"read-more\" href=\"https:\/\/paroisses-nancy-sud.fr\/HOME\/annonces-de-la-visitation-du-9-avril-2\/\">Lire la suite<\/a><\/p>\n","protected":false},"author":5,"featured_media":471,"comment_status":"closed","ping_status":"open","sticky":false,"template":"","format":"standard","meta":[],"categories":[10],"tags":[],"acf":[],"_links":{"self":[{"href":"https:\/\/paroisses-nancy-sud.fr\/HOME\/wp-json\/wp\/v2\/posts\/2920"}],"collection":[{"href":"https:\/\/paroisses-nancy-sud.fr\/HOME\/wp-json\/wp\/v2\/posts"}],"about":[{"href":"https:\/\/paroisses-nancy-sud.fr\/HOME\/wp-json\/wp\/v2\/types\/post"}],"author":[{"embeddable":true,"href":"https:\/\/paroisses-nancy-sud.fr\/HOME\/wp-json\/wp\/v2\/users\/5"}],"replies":[{"embeddable":true,"href":"https:\/\/paroisses-nancy-sud.fr\/HOME\/wp-json\/wp\/v2\/comments?post=2920"}],"version-history":[{"count":2,"href":"https:\/\/paroisses-nancy-sud.fr\/HOME\/wp-json\/wp\/v2\/posts\/2920\/revisions"}],"predecessor-version":[{"id":2924,"href":"https:\/\/paroisses-nancy-sud.fr\/HOME\/wp-json\/wp\/v2\/posts\/2920\/revisions\/2924"}],"wp:featuredmedia":[{"embeddable":true,"href":"https:\/\/paroisses-nancy-sud.fr\/HOME\/wp-json\/wp\/v2\/media\/471"}],"wp:attachment":[{"href":"https:\/\/paroisses-nancy-sud.fr\/HOME\/wp-json\/wp\/v2\/media?parent=2920"}],"wp:term":[{"taxonomy":"category","embeddable":true,"href":"https:\/\/paroisses-nancy-sud.fr\/HOME\/wp-json\/wp\/v2\/categories?post=2920"},{"taxonomy":"post_tag","embeddable":true,"href":"https:\/\/paroisses-nancy-sud.fr\/HOME\/wp-json\/wp\/v2\/tags?post=2920"}],"curies":[{"name":"wp","href":"https:\/\/api.w.org\/{rel}","templated":true}]}}