{"id":2922,"date":"2023-04-07T21:13:54","date_gmt":"2023-04-07T19:13:54","guid":{"rendered":"https:\/\/paroisses-nancy-sud.fr\/HOME\/?p=2922"},"modified":"2023-04-07T21:13:54","modified_gmt":"2023-04-07T19:13:54","slug":"quel-prix-avons-nous","status":"publish","type":"post","link":"https:\/\/paroisses-nancy-sud.fr\/HOME\/quel-prix-avons-nous\/","title":{"rendered":"<strong>\u00ab\u00a0Quel prix avons-nous ?\u00a0\u00bb<\/strong>"},"content":{"rendered":"\n<p><span style=\"color: #000000;\">P\u00e2ques!&#8230; Lumi\u00e8re du ressuscit\u00e9 vainqueur des t\u00e9n\u00e8bres!<\/span><\/p>\n<p><span style=\"color: #000000;\">Lumi\u00e8re du Fils de Dieu lui-m\u00eame, qui, sorti des eaux de bapt\u00eame, re\u00e7oit du P\u00e8re cette b\u00e9n\u00e9diction qui fait jaillir la vie : \u00ab\u00a0Tu es mon Fils bien-aim\u00e9\u00a0; en toi, je trouve ma joie.\u00a0\u00bb<\/span><\/p>\n<p><span style=\"color: #000000;\">Est ainsi manifest\u00e9 aux hommes et au monde, l&rsquo;Amour \u00e9ternel fondant notre dignit\u00e9. Car en J\u00e9sus-Christ, tous ses fr\u00e8res humains re\u00e7oivent la m\u00eame parole de b\u00e9n\u00e9diction !<\/span><\/p>\n<p><span style=\"color: #000000;\">C&rsquo;est \u00e0 peine si nous pouvons mesurer la valeur que nous avons, une dignit\u00e9 imprenable. Par le bapt\u00eame, celle-ci devient explicite, et c&rsquo;est m\u00eame un lien d&rsquo;alliance entre Dieu et le baptis\u00e9, entre Dieu et le peuple de baptis\u00e9s, qui se noue, pour en vivre, et pour en t\u00e9moigner.<\/span><\/p>\n<p><span style=\"color: #000000;\">Ainsi, par le fait d&rsquo;\u00eatre cr\u00e9ature, tout sp\u00e9cialement homme, nous avons du prix aux yeux du Seigneur, un prix selon l&rsquo;expression : \u00ab\u00a0\u00e7a n&rsquo;a pas de prix!\u00a0\u00bb Voil\u00e0 qui fonde notre dignit\u00e9.<\/span><\/p>\n<p><span style=\"color: #000000;\">Dieu a besoin de nos mains, de nos regards, de nos paroles \u2013 de notre temps &#8211; pour r\u00e9v\u00e9ler \u00e0 ses enfants qui n&rsquo;y croient plus, leur valeur imprenable, aujourd&rsquo;hui et pour l&rsquo;\u00e9ternit\u00e9.<\/span><\/p>\n<p style=\"text-align: right;\"><span style=\"color: #000000;\"><em>P\u00e8re Marc Haeussler <\/em><\/span><\/p>\n","protected":false},"excerpt":{"rendered":"<p>P\u00e2ques!&#8230; Lumi\u00e8re du ressuscit\u00e9 vainqueur des t\u00e9n\u00e8bres! Lumi\u00e8re du Fils de Dieu lui-m\u00eame, qui, sorti des eaux de bapt\u00eame, re\u00e7oit du P\u00e8re cette b\u00e9n\u00e9diction qui fait jaillir la vie : \u00ab\u00a0Tu es mon Fils bien-aim\u00e9\u00a0; en toi, je trouve ma joie.\u00a0\u00bb Est ainsi manifest\u00e9 aux hommes et au monde, l&rsquo;Amour \u00e9ternel fondant notre dignit\u00e9. Car&hellip; <br \/> <a class=\"read-more\" href=\"https:\/\/paroisses-nancy-sud.fr\/HOME\/quel-prix-avons-nous\/\">Lire la suite<\/a><\/p>\n","protected":false},"author":5,"featured_media":529,"comment_status":"closed","ping_status":"open","sticky":false,"template":"","format":"standard","meta":[],"categories":[6],"tags":[],"acf":[],"_links":{"self":[{"href":"https:\/\/paroisses-nancy-sud.fr\/HOME\/wp-json\/wp\/v2\/posts\/2922"}],"collection":[{"href":"https:\/\/paroisses-nancy-sud.fr\/HOME\/wp-json\/wp\/v2\/posts"}],"about":[{"href":"https:\/\/paroisses-nancy-sud.fr\/HOME\/wp-json\/wp\/v2\/types\/post"}],"author":[{"embeddable":true,"href":"https:\/\/paroisses-nancy-sud.fr\/HOME\/wp-json\/wp\/v2\/users\/5"}],"replies":[{"embeddable":true,"href":"https:\/\/paroisses-nancy-sud.fr\/HOME\/wp-json\/wp\/v2\/comments?post=2922"}],"version-history":[{"count":1,"href":"https:\/\/paroisses-nancy-sud.fr\/HOME\/wp-json\/wp\/v2\/posts\/2922\/revisions"}],"predecessor-version":[{"id":2923,"href":"https:\/\/paroisses-nancy-sud.fr\/HOME\/wp-json\/wp\/v2\/posts\/2922\/revisions\/2923"}],"wp:featuredmedia":[{"embeddable":true,"href":"https:\/\/paroisses-nancy-sud.fr\/HOME\/wp-json\/wp\/v2\/media\/529"}],"wp:attachment":[{"href":"https:\/\/paroisses-nancy-sud.fr\/HOME\/wp-json\/wp\/v2\/media?parent=2922"}],"wp:term":[{"taxonomy":"category","embeddable":true,"href":"https:\/\/paroisses-nancy-sud.fr\/HOME\/wp-json\/wp\/v2\/categories?post=2922"},{"taxonomy":"post_tag","embeddable":true,"href":"https:\/\/paroisses-nancy-sud.fr\/HOME\/wp-json\/wp\/v2\/tags?post=2922"}],"curies":[{"name":"wp","href":"https:\/\/api.w.org\/{rel}","templated":true}]}}