{"id":2930,"date":"2023-04-14T18:36:45","date_gmt":"2023-04-14T16:36:45","guid":{"rendered":"https:\/\/paroisses-nancy-sud.fr\/HOME\/?p=2930"},"modified":"2023-04-14T18:37:38","modified_gmt":"2023-04-14T16:37:38","slug":"annonces-da-saint-francois-de-sales-et-sainte-jeanne-de-chantal-du-16-avril","status":"publish","type":"post","link":"https:\/\/paroisses-nancy-sud.fr\/HOME\/annonces-da-saint-francois-de-sales-et-sainte-jeanne-de-chantal-du-16-avril\/","title":{"rendered":"Annonces da Saint-Fran\u00e7ois-de-sales et sainte-Jeanne-de-Chantal du 16 avril"},"content":{"rendered":"\n<p><span style=\"color: #000000;\"><strong><span style=\"text-decoration: underline;\">Bapt\u00eames<\/span> :\u00a0<br \/><\/strong><strong>Le dimanche 16 avril<\/strong> Charline sera baptis\u00e9e \u00e0 Ludres. R\u00e9jouissons-nous de son entr\u00e9e dans notre communaut\u00e9 et accompagnons-la par notre pri\u00e8re.<\/span><\/p>\n<p><span style=\"color: #000000;\"><span style=\"text-decoration: underline;\"><strong>Conf\u00e9rences\u00a0: <\/strong><\/span><strong><span style=\"text-decoration: underline;\">Comment retrouver la capacit\u00e9 de vivre la liturgie ? :<\/span><br \/><\/strong><strong>Le dimanche 16 avril \u00e0 Jarville \u00e0 16h30 :<\/strong> \u2018<em>\u2018A travers la chair du Verbe\u2019\u2019.<\/em> \u00a0<strong>Le samedi 22 avril \u00e0 Ludres \u00e0 15h et le dimanche 23 avril \u00e0 Jarville \u00e0 16h30<\/strong>\u00a0:\u00a0 \u2018<em>\u2019Devenir Lui\u2019<\/em>\u00a0, enseignement sur la liturgie \u00e0 partir de la lettre du pape Fran\u00e7ois, \u2018\u2019 Desiderio desideravi\u2019\u2019 (\u2018\u2019<em>J\u2019ai d\u00e9sir\u00e9 d\u2019un grand d\u00e9sir\u2019\u2019<\/em> du 29\/06\/22<\/span><\/p>\n<p><span style=\"color: #000000;\"><strong><span style=\"text-decoration: underline;\">P\u00e8lerinage \u00e0 Annecy :<\/span>\u00a0<br \/><\/strong><strong>Ce lundi 17 avril le jour du d\u00e9part est arriv\u00e9 pour les p\u00e8lerins\u00a0!\u00a0 <\/strong>Deux journ\u00e9es pass\u00e9es \u00e0 Annecy et une autre \u00e0 Thonon sur les pas de Saint Fran\u00e7ois de Sales, Sainte Jeanne de Chantal et les monast\u00e8res de la Visitation, pour 41 p\u00e8lerins de notre secteur Nancy-sud.\u00a0\u00a0 \u00a0<\/span><br \/><span style=\"color: #000000;\">Nous serons en union avec tous les paroissiens par la pri\u00e8re et en particulier avec la pri\u00e8re sp\u00e9cialement r\u00e9dig\u00e9e \u00e0 cette occasion, par le p\u00e8re Alexandre-Marie\u00a0 :<\/span><\/p>\n<p style=\"text-align: center;\"><em><span style=\"color: #000000;\"><strong>Pri\u00e8re aux fondateurs de l\u2019Ordre de la Visitation :<\/strong><\/span><\/em><\/p>\n<p style=\"text-align: center;\"><em><span style=\"color: #000000;\">Dieu d&rsquo;Amour infini,<\/span><\/em><br \/><em><span style=\"color: #000000;\">\u00a0\u00a0\u00a0\u00a0\u00a0\u00a0\u00a0\u00a0\u00a0 nous te rendons gr\u00e2ce de nous avoir donn\u00e9, <\/span><\/em><br \/><em><span style=\"color: #000000;\">\u00a0\u00a0\u00a0\u00a0\u00a0\u00a0\u00a0\u00a0\u00a0 comme patrons, comme soutiens et comme mod\u00e8les, <\/span><\/em><br \/><em><span style=\"color: #000000;\">\u00a0\u00a0\u00a0\u00a0\u00a0\u00a0\u00a0\u00a0\u00a0 saint Fran\u00e7ois de Sales et sainte Jeanne de Chantal.<\/span><\/em><\/p>\n<p style=\"text-align: center;\"><span style=\"color: #000000;\"><em>Doux et ardent, il fut serviteur de tous en toutes choses\u00a0; <\/em><\/span><br \/><span style=\"color: #000000;\"><em>\u00a0\u00a0\u00a0\u00a0\u00a0\u00a0\u00a0\u00a0\u00a0 vive et gaie, elle a march\u00e9 vers toi par divers chemins de vie\u00a0; <\/em><\/span><br \/><span style=\"color: #000000;\"><em>\u00a0\u00a0\u00a0\u00a0\u00a0\u00a0\u00a0\u00a0\u00a0 amis dans le Seigneur, ils ont \u0153uvr\u00e9 ensemble pour ta gloire, <\/em><\/span><br \/><span style=\"color: #000000;\"><em>\u00a0\u00a0\u00a0\u00a0\u00a0\u00a0\u00a0\u00a0\u00a0 leurs esprits unis dans la v\u00e9rit\u00e9, leurs c\u0153urs unis dans la charit\u00e9.<\/em><\/span><\/p>\n<p style=\"text-align: center;\"><span style=\"color: #000000;\"><em>Sainte Jeanne et saint Fran\u00e7ois t&rsquo;ont aim\u00e9 sans r\u00e9serve, toi notre Dieu,<\/em><\/span><br \/><span style=\"color: #000000;\"><em>\u00a0\u00a0\u00a0\u00a0\u00a0\u00a0\u00a0\u00a0\u00a0 ils ont aim\u00e9 les hommes par amour pour toi<\/em><\/span><br \/><span style=\"color: #000000;\"><em>\u00a0\u00a0\u00a0\u00a0\u00a0\u00a0\u00a0\u00a0\u00a0 et fond\u00e9 ensemble l&rsquo;Ordre de la Visitation Sainte Marie <\/em><\/span><br \/><span style=\"color: #000000;\"><em>\u00a0\u00a0\u00a0\u00a0\u00a0\u00a0\u00a0\u00a0\u00a0 pour te donner des filles d&rsquo;oraison <\/em><\/span><br \/><span style=\"color: #000000;\"><em>\u00a0\u00a0\u00a0\u00a0\u00a0\u00a0\u00a0\u00a0\u00a0 qui t&rsquo;adorent en Esprit et en v\u00e9rit\u00e9.<\/em><\/span><\/p>\n<p style=\"text-align: center;\"><span style=\"color: #000000;\"><em>Par leur parole et par leur exemple, <\/em><\/span><br \/><span style=\"color: #000000;\"><em>\u00a0\u00a0\u00a0\u00a0\u00a0\u00a0\u00a0\u00a0\u00a0 ils nous enseignent qu&rsquo;une authentique vie spirituelle <\/em><\/span><br \/><span style=\"color: #000000;\"><em>\u00a0\u00a0\u00a0\u00a0\u00a0\u00a0\u00a0\u00a0\u00a0 n&rsquo;est rien d&rsquo;autre que cet amour pour toi<\/em><\/span><br \/><span style=\"color: #000000;\"><em>\u00a0\u00a0\u00a0\u00a0\u00a0\u00a0\u00a0\u00a0\u00a0 et que l\u2019appel \u00e0 la pl\u00e9nitude de la vie chr\u00e9tienne<\/em><\/span><br \/><span style=\"color: #000000;\"><em>\u00a0\u00a0\u00a0\u00a0\u00a0\u00a0\u00a0\u00a0\u00a0 est pour tous ceux qui croient au Christ,<\/em><\/span><br \/><span style=\"color: #000000;\"><em>\u00a0\u00a0\u00a0\u00a0\u00a0\u00a0\u00a0\u00a0\u00a0 quel que soit leur \u00e9tat ou leur forme de vie<\/em><\/span><\/p>\n<p style=\"text-align: center;\"><span style=\"color: #000000;\"><em>Aujourd&rsquo;hui, par la pri\u00e8re, nous sommes d\u00e9j\u00e0 en chemin<\/em><\/span><br \/><span style=\"color: #000000;\"><em>\u00a0\u00a0\u00a0\u00a0\u00a0\u00a0\u00a0\u00a0\u00a0 et nous nous pr\u00e9parons, par le d\u00e9sir, <\/em><\/span><br \/><span style=\"color: #000000;\"><em>\u00a0\u00a0\u00a0\u00a0\u00a0\u00a0\u00a0\u00a0\u00a0 \u00e0 marcher sur les pas de saint Fran\u00e7ois et sainte Jeanne<\/em><\/span><\/p>\n<p style=\"text-align: center;\"><em><span style=\"color: #000000;\">Donne-nous, Seigneur notre Dieu, un c\u0153ur de longue haleine,<\/span><\/em><br \/><em><span style=\"color: #000000;\">\u00a0\u00a0\u00a0\u00a0\u00a0\u00a0\u00a0\u00a0\u00a0 donne-nous ce qu&rsquo;il faudra d&rsquo;ardeur et de patience, de force et de douceur,<\/span><\/em><br \/><em><span style=\"color: #000000;\">\u00a0\u00a0\u00a0\u00a0\u00a0\u00a0\u00a0\u00a0\u00a0 pour nous presser sans nous empresser sur le chemin de la saintet\u00e9,<\/span><\/em><br \/><em><span style=\"color: #000000;\">\u00a0\u00a0\u00a0\u00a0\u00a0\u00a0\u00a0\u00a0\u00a0 \u00e0 la suite de sainte Jeanne et de saint Fran\u00e7ois.<\/span><\/em><\/p>\n<p style=\"text-align: center;\"><span style=\"color: #000000;\"><em>Par J\u00e9sus-Christ, ton Fils, notre Seigneur,<\/em><\/span><br \/><span style=\"color: #000000;\"><em>\u00a0\u00a0\u00a0\u00a0\u00a0\u00a0\u00a0\u00a0\u00a0 qui vit et r\u00e8gne avec toi, dans l&rsquo;unit\u00e9 du Saint-Esprit, <\/em><\/span><br \/><span style=\"color: #000000;\"><em>\u00a0\u00a0\u00a0\u00a0\u00a0\u00a0\u00a0\u00a0\u00a0 Dieu pour les si\u00e8cles des si\u00e8cles.<\/em><\/span><\/p>\n<p style=\"text-align: center;\"><em><span style=\"color: #000000;\">Amen.<\/span><\/em><\/p>\n<p><span style=\"color: #000000;\"><span style=\"text-decoration: underline;\"><strong>Vente au profit des jeunes partant aux JMJ :<br \/><\/strong><\/span>Dans le cadre du financement des JMJ de Lisbonne (\u00e9t\u00e9 2023) nous avons d\u00e9j\u00e0 r\u00e9alis\u00e9 des actions au niveau dioc\u00e9sain (cartes de v\u0153ux et parrainages).\u00a0Comme vous le savez, un groupe de pr\u00e9paration s&rsquo;est mont\u00e9 sur notre secteur Nancy-Sud.\u00a0<\/span><br \/><span style=\"color: #000000;\"><strong>Avec ce groupe nous r\u00e9aliserons une vente d&rsquo;objets faits main, bougies et g\u00e2teaux au profit des jeunes de ce groupe : le d<\/strong><strong>imanche 16 avril \u00e0 Jarville<\/strong> et <strong>le samedi 22 avril \u00e0 Laneuveville<\/strong>.<\/span><br \/><span style=\"color: #000000;\">Merci par avance de votre g\u00e9n\u00e9rosit\u00e9.<\/span><\/p>\n<p><span style=\"color: #000000;\"><strong><span style=\"text-decoration: underline;\">Horaires des messes dominicales des 22 et 23 avril 2023.\u00a0<\/span><br \/><\/strong><strong>Samedi 22 avril : 18h <\/strong>Heillecourt, Laneuveville, Parey<\/span><br \/><span style=\"color: #000000;\"><strong>Dimanche 23 avril : 10h <\/strong>Richardm\u00e9nil, Fl\u00e9ville \u00a0\u00a0\u00a0\u00a0\u00a0\u00a0\u00a0\u00a0\u00a0\u00a0\u00a0<strong>\u00a0\u00a010h30<\/strong> Jarville<strong>, <\/strong>Neuves-Maisons <strong>\u00a0<\/strong><\/span><\/p>\n<p><span style=\"color: #000000;\"><span style=\"text-decoration: underline;\"><strong>F\u00eate patronale de Saint Georges \u00e0 Richardm\u00e9nil :<br \/><\/strong><\/span><strong>Le dimanche 23 avril, \u00e0 10h, la messe du dimanche sera c\u00e9l\u00e9br\u00e9e \u00e0 l\u2019\u00e9glise de Richardm\u00e9nil <\/strong>et non \u00e0 Flavigny <strong>\u00e0 l\u2019occasion de la f\u00eate patronale de l\u2019\u00e9glise Saint Georges<\/strong>.<\/span><br \/><span style=\"color: #000000;\">En partenariat avec la municipalit\u00e9, un moment convivial sur le parvis de l\u2019\u00e9glise puis un repas partag\u00e9 \u00e0 la MTL suivront. Une conf\u00e9rence de d\u00e9couverte de l\u2019\u00e9glise St Georges sera donn\u00e9e \u00e0 14h30.<\/span><\/p>\n<p><span style=\"color: #000000;\"><span style=\"text-decoration: underline;\"><strong>\u00a0<\/strong><strong>Statue de la Vierge Richardm\u00e9nil :<br \/><\/strong><\/span>Des b\u00e9n\u00e9voles de Richardm\u00e9nil et un couple ukrainien accueilli \u00e0 Richardm\u00e9nil ont pris l\u2019initiative de restaurer la statue de la vierge du parvis de l\u2019\u00e9glise. Bravo et merci \u00e0 eux\u00a0!\u00a0<\/span><\/p>\n<p><span style=\"color: #000000;\"><strong><span style=\"text-decoration: underline;\">Accompagner nos \u00e9v\u00eaques ! :<\/span><br \/><\/strong><strong>Monseigneur Jean-Louis Papin <\/strong>vous donne rendez-vous pour sa messe d\u2019au-revoir qui aura lieu<strong> le vendredi 5 mai, \u00e0 18h15, \u00e0 la cath\u00e9drale de Nancy<\/strong>. Venez nombreux pour le remercier pour les 23 ann\u00e9es o\u00f9 il a \u00e9t\u00e9 \u00e9v\u00eaque de notre dioc\u00e8se. Vous pouvez lui adresser un message par mail sur l\u2019adresse <a style=\"color: #000000;\" href=\"mailto:aurevoir.mgrpapin@catholique-nancy.fr\">aurevoir.mgrpapin@catholique-nancy.fr<\/a>\u00a0Si vous souhaitez participer \u00e0 son cadeau de d\u00e9part, vous trouverez dans les prochains jours plus d\u2019informations sur le site du dioc\u00e8se.<\/span><\/p>\n<p><span style=\"color: #000000;\"><strong>Notre nouvel \u00e9v\u00eaque, Monseigneur Pierre-Yves Michel, <\/strong>vous donne rendez-vous pour sa<strong> messe d\u2019installation officielle \u00e0 la cath\u00e9drale de Nancy, le jeudi 18 mai, solennit\u00e9 de l\u2019Ascension du Seigneur, \u00e0 15h30<\/strong>. Venez nombreux pour ce temps fort de notre dioc\u00e8se.<\/span><\/p>\n<p><span style=\"color: #000000;\"><span style=\"text-decoration: underline;\"><strong>Mois de mai, mois de Marie<\/strong>.<br \/><\/span>Au cours du mois de mai, les \u00c9quipes du Rosaire\u00a0de Jarville\u00a0et Fl\u00e9ville,\u00a0ont pour habitude de r\u00e9citer\u00a0et m\u00e9diter le chapelet.\u00a0Cette ann\u00e9e, certains lundis \u00e9tant f\u00e9ri\u00e9s, nous proposons de <strong>nous retrouver \u00e0 la crypte de Jarville les mardis 2, 16, 23 \u00e0 17h.\u00a0\u00a0<br \/><\/strong><strong>Le mardi 9 mai, nous serons en l\u2019\u00e9glise de\u00a0Fl\u00e9ville, et le 30 \u00e0 Richardm\u00e9nil<\/strong>.\u00a0Nous pensons ainsi toucher d\u2019autres personnes souhaitant prier avec nous.<\/span><\/p>\n<p><span style=\"color: #000000;\"><strong><span style=\"text-decoration: underline;\">Messe du 7 mai \u00e0 Ludres<\/span> :<br \/><\/strong><strong>Exceptionnellement, la messe du dimanche 7 mai \u00e0 Ludres aura lieu \u00e0 10h30 <\/strong>(et non \u00e0 11h), avec la pr\u00e9sence des anciens combattants et les repr\u00e9sentants de la municipalit\u00e9 de Ludres.<\/span><\/p>\n<p><span style=\"color: #000000;\"><strong><span style=\"text-decoration: underline;\">Conf\u00e9rence de l\u2019Association du Sacr\u00e9 C\u0153ur de Jarville<\/span> :<br \/><\/strong><strong>A<\/strong> <strong>Jarville le samedi 13 mai, \u00e0 16h <\/strong>une lecture comment\u00e9e des vitraux de l\u2019\u00e9glise, suivie d\u2019une conf\u00e9rence (Contexte historique, techniques du vitrail, histoire de l\u2019atelier) avec la pr\u00e9sence de membres de la section vitrail de l\u2019Association Lorraine des Arts du Feu (ALORAF).<\/span><\/p>\n<p><span style=\"color: #000000;\"><strong><span style=\"text-decoration: underline;\">Autres Annonces<\/span> :<br \/><\/strong><strong>Activit\u00e9s avec les \u2018\u2019voyageurs chr\u00e9tiens\u2019\u2019<br \/><\/strong><strong>Jeudi 27 avril <\/strong>: <strong>Visite guid\u00e9e de l&rsquo;\u00e9glise de Varang\u00e9ville<\/strong> suivie d&rsquo;un d\u00e9jeuner \u00e0 \u00ab\u00a0L&rsquo;Espace NOEL\u00a0\u00bb \u00e0 Dombasle &#8211; <strong>Du 12 au 16 juillet<\/strong> : <strong>S\u00e9jour cultuel et culturel<\/strong> dans le Jura notamment sur les pas de Sainte-Odile &#8211; A l&rsquo;\u00e9tude fin juillet ou d\u00e9but ao\u00fbt : <strong>P\u00e8lerinage \u00e0 Einsiedeln<\/strong>, principal sanctuaire marial en Suisse. Renseignements et inscriptions imp\u00e9rativement avant le 20 avril : Madame CHAMBON ou son fils Jean-Fran\u00e7ois : 03 83 56 34 31.<\/span><\/p>\n","protected":false},"excerpt":{"rendered":"<p>Bapt\u00eames :\u00a0Le dimanche 16 avril Charline sera baptis\u00e9e \u00e0 Ludres. R\u00e9jouissons-nous de son entr\u00e9e dans notre communaut\u00e9 et accompagnons-la par notre pri\u00e8re. Conf\u00e9rences\u00a0: Comment retrouver la capacit\u00e9 de vivre la liturgie ? :Le dimanche 16 avril \u00e0 Jarville \u00e0 16h30 : \u2018\u2018A travers la chair du Verbe\u2019\u2019. \u00a0Le samedi 22 avril \u00e0 Ludres \u00e0 15h&hellip; <br \/> <a class=\"read-more\" href=\"https:\/\/paroisses-nancy-sud.fr\/HOME\/annonces-da-saint-francois-de-sales-et-sainte-jeanne-de-chantal-du-16-avril\/\">Lire la suite<\/a><\/p>\n","protected":false},"author":5,"featured_media":2464,"comment_status":"closed","ping_status":"open","sticky":false,"template":"","format":"standard","meta":[],"categories":[7],"tags":[],"acf":[],"_links":{"self":[{"href":"https:\/\/paroisses-nancy-sud.fr\/HOME\/wp-json\/wp\/v2\/posts\/2930"}],"collection":[{"href":"https:\/\/paroisses-nancy-sud.fr\/HOME\/wp-json\/wp\/v2\/posts"}],"about":[{"href":"https:\/\/paroisses-nancy-sud.fr\/HOME\/wp-json\/wp\/v2\/types\/post"}],"author":[{"embeddable":true,"href":"https:\/\/paroisses-nancy-sud.fr\/HOME\/wp-json\/wp\/v2\/users\/5"}],"replies":[{"embeddable":true,"href":"https:\/\/paroisses-nancy-sud.fr\/HOME\/wp-json\/wp\/v2\/comments?post=2930"}],"version-history":[{"count":2,"href":"https:\/\/paroisses-nancy-sud.fr\/HOME\/wp-json\/wp\/v2\/posts\/2930\/revisions"}],"predecessor-version":[{"id":2932,"href":"https:\/\/paroisses-nancy-sud.fr\/HOME\/wp-json\/wp\/v2\/posts\/2930\/revisions\/2932"}],"wp:featuredmedia":[{"embeddable":true,"href":"https:\/\/paroisses-nancy-sud.fr\/HOME\/wp-json\/wp\/v2\/media\/2464"}],"wp:attachment":[{"href":"https:\/\/paroisses-nancy-sud.fr\/HOME\/wp-json\/wp\/v2\/media?parent=2930"}],"wp:term":[{"taxonomy":"category","embeddable":true,"href":"https:\/\/paroisses-nancy-sud.fr\/HOME\/wp-json\/wp\/v2\/categories?post=2930"},{"taxonomy":"post_tag","embeddable":true,"href":"https:\/\/paroisses-nancy-sud.fr\/HOME\/wp-json\/wp\/v2\/tags?post=2930"}],"curies":[{"name":"wp","href":"https:\/\/api.w.org\/{rel}","templated":true}]}}