{"id":2933,"date":"2023-04-14T18:44:57","date_gmt":"2023-04-14T16:44:57","guid":{"rendered":"https:\/\/paroisses-nancy-sud.fr\/HOME\/?p=2933"},"modified":"2023-04-14T18:44:57","modified_gmt":"2023-04-14T16:44:57","slug":"la-fraternite-pour-prendre-soin-des-plus-fragiles","status":"publish","type":"post","link":"https:\/\/paroisses-nancy-sud.fr\/HOME\/la-fraternite-pour-prendre-soin-des-plus-fragiles\/","title":{"rendered":"<strong>La fraternit\u00e9 pour prendre soin des plus fragiles<\/strong>"},"content":{"rendered":"\n<p><span style=\"color: #000000;\">Dans son encyclique Fratelli tutti, le pape Fran\u00e7ois nous invite \u00e0 faire rena\u00eetre le d\u00e9sir universel de fraternit\u00e9 en reconnaissant la dignit\u00e9 de chaque personne humaine. Il d\u00e9plore que, dans la soci\u00e9t\u00e9 individualiste et consum\u00e9riste qui est la n\u00f4tre, la personne humaine ne soit plus per\u00e7ue comme une valeur fondamentale \u00e0 respecter et \u00e0 prot\u00e9ger et que le sentiment d\u2019appartenance \u00e0 la m\u00eame humanit\u00e9 tende \u00e0 s\u2019affaiblir.<\/span><\/p>\n<p><span style=\"color: #000000;\">Serions-nous devenus tellement obnubil\u00e9s par nos propres besoins et repli\u00e9s sur nous-m\u00eame que nous soyons incapables d\u2019entendre les cris de d\u00e9tresse de nos fr\u00e8res en souffrance\u00a0?<\/span><br \/><span style=\"color: #000000;\">Comment r\u00e9pondons-nous \u00e0 la question que Dieu pose \u00e0 chacun de nous: qu\u2019as-tu fait de ton fr\u00e8re\u00a0?<\/span><\/p>\n<p><span style=\"color: #000000;\">La parabole du bon samaritain nous montre que notre existence \u00e0 tous est profond\u00e9ment li\u00e9e \u00e0 celle des autres et que nous avons la capacit\u00e9 de soulager le malheur de nos semblables par la g\u00e9n\u00e9rosit\u00e9, la solidarit\u00e9, cet \u00e9lan du c\u0153ur qui pousse les uns et les autres \u00e0 oser aimer, pardonner, consoler, relever.<\/span><\/p>\n<p><span style=\"color: #000000;\">Le pape Fran\u00e7ois nous invite \u00e0 nous ouvrir \u00e0 l\u2019accueil des migrants et des prisonniers en qu\u00eate de dignit\u00e9, \u00e0 panser les plaies des personnes fragilis\u00e9es, \u00e0 regarder chaque individu comme une personne unique et irrempla\u00e7able.<\/span><\/p>\n<p><span style=\"color: #000000;\">Une soci\u00e9t\u00e9 humaine et fraternelle doit \u00eatre capable de veiller \u00e0 ce que chacun soit accompagn\u00e9 au cours de sa vie, non seulement pour subvenir \u00e0 ses besoins fondamentaux, mais aussi pour pouvoir donner le meilleur de lui-m\u00eame, m\u00eame si son rendement n\u2019est pas le meilleur, m\u00eame si son efficacit\u00e9 n\u2019est pas exceptionnelle.<\/span><\/p>\n<p><span style=\"color: #000000;\">Le pape Fran\u00e7ois donne l\u2019exemple \u00ab des exil\u00e9s cach\u00e9s \u00bb qui sont parfois trait\u00e9s comme des corps \u00e9trangers dans la soci\u00e9t\u00e9 et observe que de nombreuses personnes porteuses de handicap, diff\u00e9rentes ou \u00e2g\u00e9es sont parfois per\u00e7ues comme\u00a0\u00ab\u00a0un fardeau\u00a0\u00bb alors que chacune d\u2019elles peut apporter \u00ab une contribution irrempla\u00e7able au bien commun \u00e0 travers son parcours de vie original. \u00bb<\/span><\/p>\n<p><span style=\"color: #000000;\">Dans notre qu\u00eate d\u2019un destin commun, nous devons avoir conscience que nous sommes responsables de la fragilit\u00e9 des autres. \u00a0\u00ab\u00a0Mon fr\u00e8re, ma s\u0153ur est le lieu de la rencontre avec Dieu\u00a0\u00bb, notre Dieu qui nous rappelle \u00ab ce que vous avez fait au plus petit de mes fr\u00e8res, c\u2019est \u00e0 moi que vous l\u2019avez fait \u00bb<\/span><\/p>\n<p><span style=\"color: #000000;\">\u00a0La premi\u00e8re responsabilit\u00e9 de chacun est de prendre soin de son fr\u00e8re en humanit\u00e9.<\/span><br \/><span style=\"color: #000000;\">Gr\u00e2ce \u00e0 la fraternit\u00e9, il est possible de progresser vers une civilisation de l\u2019amour \u00e0 laquelle nous sommes tous appel\u00e9s.<\/span><\/p>\n<p><span style=\"color: #000000;\"><em>\u00a0Extraits de l\u2019encyclique Fratelli tutti sur la fraternit\u00e9 et l\u2019amiti\u00e9 sociale.<\/em><\/span><\/p>\n<p style=\"text-align: right;\"><span style=\"color: #000000;\"><em>\u00a0\u00c9quipe liturgique Saint-Fran\u00e7ois-de-Sales<\/em><\/span><\/p>\n<p>\u00a0<\/p>\n<p>\u00a0<\/p>\n","protected":false},"excerpt":{"rendered":"<p>Dans son encyclique Fratelli tutti, le pape Fran\u00e7ois nous invite \u00e0 faire rena\u00eetre le d\u00e9sir universel de fraternit\u00e9 en reconnaissant la dignit\u00e9 de chaque personne humaine. Il d\u00e9plore que, dans la soci\u00e9t\u00e9 individualiste et consum\u00e9riste qui est la n\u00f4tre, la personne humaine ne soit plus per\u00e7ue comme une valeur fondamentale \u00e0 respecter et \u00e0 prot\u00e9ger&hellip; <br \/> <a class=\"read-more\" href=\"https:\/\/paroisses-nancy-sud.fr\/HOME\/la-fraternite-pour-prendre-soin-des-plus-fragiles\/\">Lire la suite<\/a><\/p>\n","protected":false},"author":5,"featured_media":529,"comment_status":"closed","ping_status":"open","sticky":false,"template":"","format":"standard","meta":[],"categories":[6],"tags":[],"acf":[],"_links":{"self":[{"href":"https:\/\/paroisses-nancy-sud.fr\/HOME\/wp-json\/wp\/v2\/posts\/2933"}],"collection":[{"href":"https:\/\/paroisses-nancy-sud.fr\/HOME\/wp-json\/wp\/v2\/posts"}],"about":[{"href":"https:\/\/paroisses-nancy-sud.fr\/HOME\/wp-json\/wp\/v2\/types\/post"}],"author":[{"embeddable":true,"href":"https:\/\/paroisses-nancy-sud.fr\/HOME\/wp-json\/wp\/v2\/users\/5"}],"replies":[{"embeddable":true,"href":"https:\/\/paroisses-nancy-sud.fr\/HOME\/wp-json\/wp\/v2\/comments?post=2933"}],"version-history":[{"count":1,"href":"https:\/\/paroisses-nancy-sud.fr\/HOME\/wp-json\/wp\/v2\/posts\/2933\/revisions"}],"predecessor-version":[{"id":2934,"href":"https:\/\/paroisses-nancy-sud.fr\/HOME\/wp-json\/wp\/v2\/posts\/2933\/revisions\/2934"}],"wp:featuredmedia":[{"embeddable":true,"href":"https:\/\/paroisses-nancy-sud.fr\/HOME\/wp-json\/wp\/v2\/media\/529"}],"wp:attachment":[{"href":"https:\/\/paroisses-nancy-sud.fr\/HOME\/wp-json\/wp\/v2\/media?parent=2933"}],"wp:term":[{"taxonomy":"category","embeddable":true,"href":"https:\/\/paroisses-nancy-sud.fr\/HOME\/wp-json\/wp\/v2\/categories?post=2933"},{"taxonomy":"post_tag","embeddable":true,"href":"https:\/\/paroisses-nancy-sud.fr\/HOME\/wp-json\/wp\/v2\/tags?post=2933"}],"curies":[{"name":"wp","href":"https:\/\/api.w.org\/{rel}","templated":true}]}}