{"id":2940,"date":"2023-04-21T18:15:16","date_gmt":"2023-04-21T16:15:16","guid":{"rendered":"https:\/\/paroisses-nancy-sud.fr\/HOME\/?p=2940"},"modified":"2023-04-21T18:15:40","modified_gmt":"2023-04-21T16:15:40","slug":"annonces-de-la-visitation-du-23-avril","status":"publish","type":"post","link":"https:\/\/paroisses-nancy-sud.fr\/HOME\/annonces-de-la-visitation-du-23-avril\/","title":{"rendered":"Annonces de la Visitation du 23 avril"},"content":{"rendered":"\n<p><span style=\"color: #000000;\"><strong><span style=\"text-decoration: underline;\">Du\u00a030 mars\u00a0au\u00a028 avril 2023\u00a0<\/span>: <\/strong>L\u2019ic\u00f4ne \u00ab chemin de lumi\u00e8re \u00bb \u00e0 la MJC Philippe Desforges \u00e0 Nancy\u00a0: quinzi\u00e8me Biennale de l\u2019Ic\u00f4ne.<\/span><\/p>\n<p><span style=\"color: #000000;\"><span style=\"text-decoration: underline;\"><strong>Vendredi 28 avril, 17h00, <\/strong><\/span>r\u00e9union de l\u2019Equipe d&rsquo;Animation Pastorale.<\/span><\/p>\n<p><span style=\"color: #000000;\"><span style=\"text-decoration: underline;\"><strong>Vendredi 5 mai, \u00e0 18h15<\/strong><\/span> Monseigneur Jean-Louis Papin nous donne rendez-vous pour sa messe d\u2019au-revoir qui aura lieu \u00e0 la cath\u00e9drale de Nancy.<\/span><\/p>\n<p><span style=\"color: #000000;\"><strong><span style=\"text-decoration: underline;\">Jeudi 18 mai 2023 \u00e0 15h30<\/span>, <\/strong>solennit\u00e9 de l\u2019Ascension du Seigneur, messe d\u2019installation de Mgr Pierre-Yves Michel comme \u00e9v\u00eaque de Nancy et Toul en la cath\u00e9drale Notre-Dame de l\u2019Annonciation de Nancy.<\/span><br \/><span style=\"color: #000000;\">De ce fait, la journ\u00e9e du secteur pastoral \u00e0 Sion est annul\u00e9e.<\/span><br \/><span style=\"color: #000000;\">La messe du jeudi de l\u2019Ascension 18 mai, aura lieu \u00e0 10h30 \u00e0 Neuves-Maisons.<\/span><\/p>\n<p><span style=\"color: #000000;\"><strong><span style=\"text-decoration: underline;\">Samedi 03 juin<\/span> <\/strong>de 09h30 \u00e0 16h30, au domaine de l\u2019Asn\u00e9e.<\/span><br \/><span style=\"color: #000000;\">R\u00e9collection sur le th\u00e8me\u00a0: \u00ab\u00a0Allez dire\u00a0\u00bb, propos\u00e9e par Esp\u00e9rance et Vie, mouvement chr\u00e9tien de la\u00efcs pour les veufs et veuves.<\/span><br \/><span style=\"color: #000000;\"><em>* Inscriptions avant <strong>le 1<sup>er<\/sup> mai, <\/strong>aupr\u00e8s de Simone Grandjean 06 71 44 67 33 ou de\u00a0<\/em><em>Jeannette Joubert 06 81 86 71 46. N\u2019h\u00e9sitez pas \u00e0 prendre contact si vous souhaitez rejoindre le groupe ou obtenir des renseignements.<\/em><\/span><\/p>\n<p><span style=\"color: #000000;\"><strong><span style=\"text-decoration: underline;\">Messes \u00e0 la Visitation<\/span> :\u00a0<br \/><\/strong>Samedi 29 avril \u00e0 18h00\u00a0: Chavigny<\/span><br \/><span style=\"color: #000000;\">Dimanche 30 avril\u00a0 \u00e0 10h30\u00a0: Neuves-Maisons<\/span><\/p>\n<p><span style=\"color: #000000;\"><strong><span style=\"text-decoration: underline;\">Messes en semaine<\/span><em> :<br \/><\/em><\/strong>Jeudi\u00a0: Pas de messe<\/span><br \/><span style=\"color: #000000;\">Vendredi\u00a0: messe \u00e0 08h20 chez les s\u0153urs \u00e0 Bainville, 67 rue Jacques Callot<\/span><\/p>\n<p><span style=\"color: #000000;\"><u><strong>Permanences \u00e0 la maison paroissiale<\/strong> :<\/u> <\/span><br \/><span style=\"color: #000000;\">Mardi de 14h \u00e0 16h30 et Samedi de 9h30 \u00e0 11h30<\/span><br \/><span style=\"color: #000000;\">tel : 03 83 47 25 54 \u2013 <em><strong>adresse mail<\/strong><\/em><strong> : <\/strong><a style=\"color: #000000;\" href=\"mailto:visitationmm@orange.fr\">visitationmm@orange.fr<\/a>\u00a0 <\/span><br \/><span style=\"color: #000000;\">Horaires des messes :\u00a0 <a style=\"color: #000000;\" href=\"https:\/\/messes.info\/\">messesinfo<\/a><em> (cliquer sur le lien)<\/em><\/span><\/p>\n","protected":false},"excerpt":{"rendered":"<p>Du\u00a030 mars\u00a0au\u00a028 avril 2023\u00a0: L\u2019ic\u00f4ne \u00ab chemin de lumi\u00e8re \u00bb \u00e0 la MJC Philippe Desforges \u00e0 Nancy\u00a0: quinzi\u00e8me Biennale de l\u2019Ic\u00f4ne. Vendredi 28 avril, 17h00, r\u00e9union de l\u2019Equipe d&rsquo;Animation Pastorale. Vendredi 5 mai, \u00e0 18h15 Monseigneur Jean-Louis Papin nous donne rendez-vous pour sa messe d\u2019au-revoir qui aura lieu \u00e0 la cath\u00e9drale de Nancy. Jeudi 18&hellip; <br \/> <a class=\"read-more\" href=\"https:\/\/paroisses-nancy-sud.fr\/HOME\/annonces-de-la-visitation-du-23-avril\/\">Lire la suite<\/a><\/p>\n","protected":false},"author":5,"featured_media":472,"comment_status":"closed","ping_status":"open","sticky":false,"template":"","format":"standard","meta":[],"categories":[10],"tags":[],"acf":[],"_links":{"self":[{"href":"https:\/\/paroisses-nancy-sud.fr\/HOME\/wp-json\/wp\/v2\/posts\/2940"}],"collection":[{"href":"https:\/\/paroisses-nancy-sud.fr\/HOME\/wp-json\/wp\/v2\/posts"}],"about":[{"href":"https:\/\/paroisses-nancy-sud.fr\/HOME\/wp-json\/wp\/v2\/types\/post"}],"author":[{"embeddable":true,"href":"https:\/\/paroisses-nancy-sud.fr\/HOME\/wp-json\/wp\/v2\/users\/5"}],"replies":[{"embeddable":true,"href":"https:\/\/paroisses-nancy-sud.fr\/HOME\/wp-json\/wp\/v2\/comments?post=2940"}],"version-history":[{"count":2,"href":"https:\/\/paroisses-nancy-sud.fr\/HOME\/wp-json\/wp\/v2\/posts\/2940\/revisions"}],"predecessor-version":[{"id":2942,"href":"https:\/\/paroisses-nancy-sud.fr\/HOME\/wp-json\/wp\/v2\/posts\/2940\/revisions\/2942"}],"wp:featuredmedia":[{"embeddable":true,"href":"https:\/\/paroisses-nancy-sud.fr\/HOME\/wp-json\/wp\/v2\/media\/472"}],"wp:attachment":[{"href":"https:\/\/paroisses-nancy-sud.fr\/HOME\/wp-json\/wp\/v2\/media?parent=2940"}],"wp:term":[{"taxonomy":"category","embeddable":true,"href":"https:\/\/paroisses-nancy-sud.fr\/HOME\/wp-json\/wp\/v2\/categories?post=2940"},{"taxonomy":"post_tag","embeddable":true,"href":"https:\/\/paroisses-nancy-sud.fr\/HOME\/wp-json\/wp\/v2\/tags?post=2940"}],"curies":[{"name":"wp","href":"https:\/\/api.w.org\/{rel}","templated":true}]}}