{"id":2943,"date":"2023-04-21T18:49:45","date_gmt":"2023-04-21T16:49:45","guid":{"rendered":"https:\/\/paroisses-nancy-sud.fr\/HOME\/?p=2943"},"modified":"2023-04-21T18:49:45","modified_gmt":"2023-04-21T16:49:45","slug":"annonces-des-paroisses-sainte-jeanne-de-chantal-et-saint-francois-de-sales-du-23-avril","status":"publish","type":"post","link":"https:\/\/paroisses-nancy-sud.fr\/HOME\/annonces-des-paroisses-sainte-jeanne-de-chantal-et-saint-francois-de-sales-du-23-avril\/","title":{"rendered":"Annonces des paroisses Sainte-Jeanne-de-Chantal et Saint-Fran\u00e7ois-de-Sales du 23 avril"},"content":{"rendered":"\n<p><span style=\"color: #000000;\"><strong><span style=\"text-decoration: underline;\">Bapt\u00eame<\/span> :\u00a0<br \/><\/strong><strong>Le dimanche 23 avril<\/strong> M\u00e9lissa sera baptis\u00e9e \u00e0 Jarville. R\u00e9jouissons-nous de son entr\u00e9e dans notre communaut\u00e9 et accompagnons-la par notre pri\u00e8re.<\/span><\/p>\n<p><span style=\"color: #000000;\"><span style=\"text-decoration: underline;\"><strong>Conf\u00e9rences\u00a0: <\/strong><\/span><strong><span style=\"text-decoration: underline;\">Comment retrouver la capacit\u00e9 de vivre la liturgie\u00a0?<\/span><br \/><\/strong><strong>Le samedi 22 avril \u00e0 Ludres \u00e0 15h et le dimanche 23 avril \u00e0 Jarville \u00e0 16h30<\/strong>\u00a0:\u00a0 \u2018<em>\u2019Devenir Lui\u2019\u2019<\/em>\u00a0, enseignement sur la liturgie \u00e0 partir de la lettre du pape Fran\u00e7ois, \u2018\u2019 Desiderio desideravi \u2019\u2019(\u2018\u2019<em>J\u2019ai d\u00e9sir\u00e9 d\u2019un grand d\u00e9sir\u2019\u2019<\/em> du 29\/06\/22 )<\/span><\/p>\n<p><span style=\"color: #000000;\"><span style=\"text-decoration: underline;\"><strong>Rencontre AJC <\/strong><\/span><em><span style=\"text-decoration: underline;\">(\u2018\u2019<strong>A<\/strong>ujourd\u2019hui <strong>J<\/strong>e <strong>C<\/strong>ommence\u2019\u2019) :<\/span><br \/><\/em><strong>Le dimanche 23 avril les jeunes de notre secteur se retrouvent \u00e0 10h30 \u00e0 la messe de Jarville <\/strong>puis pique-nique dans les salles paroissiales, t\u00e9moignage d\u2019un jeune en chemin vers la vie consacr\u00e9e, un grand jeu dans les bois pour ceux qui le d\u00e9sirent, la conf\u00e9rence de 16h30 sur l\u2019eucharistie par Alexandre-Marie. Les jeunes se pr\u00e9parent aussi \u00e0 se retrouver \u00e0 l\u2019abbaye de V\u00e9ni\u00e8re les 10 et 11 juin.\u00a0 <strong>\u00a0\u00a0<\/strong><\/span><\/p>\n<p><span style=\"color: #000000;\"><strong><span style=\"text-decoration: underline;\">P\u00e8lerinage \u00e0 Annecy :<\/span><br \/><\/strong><strong>Les p\u00e8lerins\u00a0sont de retour <\/strong>!\u00a0 Ils sont heureux\u00a0! l\u2019Esprit Saint \u00e9tait pr\u00e9sent\u00a0: soleil, ambiance fraternelle, belles d\u00e9couvertes culturelles et spirituelles dans ces rencontres de Saint Fran\u00e7ois de Sales et Sainte Jeanne de Chantal. 41 personnes (de 26 \u00e0 88 ans\u00a0!) de nos trois paroisses, ou \u2018\u2019d\u2019ailleurs\u2019\u2019 pour quelques-unes qui se sont tr\u00e8s bien int\u00e9gr\u00e9es. Visites, pri\u00e8res, chants, vie ensemble, temps de silence, sous le soleil, les paysages de montagnes et les lacs.<\/span><br \/><span style=\"color: #000000;\"><strong>Le 3 juin \u00e0 11h30 \u00e0 Ludres<\/strong> les p\u00e8lerins et tous les paroissiens qui le souhaitent, sont invit\u00e9s \u00e0 partager une messe d\u2019action de gr\u00e2ce puis un repas. Des photos seront projet\u00e9es.<\/span><\/p>\n<p><span style=\"color: #000000;\"><strong><span style=\"text-decoration: underline;\">Vente au profit des jeunes partant aux JMJ :<\/span><br \/><\/strong>Les jeunes de notre secteur proposeront des objets faits main, bougies et g\u00e2teaux au profit des jeunes de ce groupe : le samedi 22 avril \u00e0 Laneuveville et le dimanche 23 avril \u00e0 Jarville. Merci par avance de votre g\u00e9n\u00e9rosit\u00e9.<\/span><\/p>\n<p><span style=\"color: #000000;\"><strong><span style=\"text-decoration: underline;\">Horaires des messes dominicales des 29 et 30 avril 2023.\u00a0<\/span><br \/><\/strong><strong>Samedi 29 avril : 18h <\/strong>Heillecourt, Laneuveville, Chavigny<\/span><br \/><span style=\"color: #000000;\"><strong>Dimanche 30 avril : 10h30<\/strong> Jarville<strong>, <\/strong>Neuves-Maisons<strong> \u00a0\u00a0\u00a0\u00a0\u00a0\u00a0\u00a0\u00a0\u00a0\u00a0\u00a0\u00a0\u00a0\u00a0\u00a0\u00a0\u00a0<\/strong><strong>\u00a0 <\/strong><strong>11h<\/strong> Ludres<\/span><\/p>\n<p><span style=\"color: #000000;\"><strong><span style=\"text-decoration: underline;\">F\u00eate patronale de Saint Georges \u00e0 Richardm\u00e9nil :<\/span><br \/><\/strong><strong>Le dimanche 23 avril, \u00e0 10h, la messe du dimanche sera c\u00e9l\u00e9br\u00e9e \u00e0 l\u2019\u00e9glise de Richardm\u00e9nil <\/strong>et non \u00e0 Flavigny <strong>\u00e0 l\u2019occasion de la f\u00eate patronale de l\u2019\u00e9glise Saint Georges<\/strong>.<\/span><br \/><span style=\"color: #000000;\">En partenariat avec la municipalit\u00e9, un moment convivial sur le parvis de l\u2019\u00e9glise puis un repas partag\u00e9 \u00e0 la MTL suivront. Une conf\u00e9rence de d\u00e9couverte de l\u2019\u00e9glise St Georges sera donn\u00e9e <strong>\u00e0 14h30<\/strong>.<\/span><\/p>\n<p><span style=\"color: #000000;\"><span style=\"text-decoration: underline;\"><strong>\u00a0<\/strong><\/span><strong><span style=\"text-decoration: underline;\">Statue de la Vierge Richardm\u00e9nil :<\/span><br \/><\/strong>Des b\u00e9n\u00e9voles de Richardm\u00e9nil et un couple ukrainien accueilli \u00e0 Richardm\u00e9nil ont pris l\u2019initiative de restaurer la statue de la vierge du parvis de l\u2019\u00e9glise. Bravo et merci \u00e0 eux\u00a0!\u00a0<\/span><\/p>\n<p><span style=\"color: #000000;\"><span style=\"text-decoration: underline;\"><strong>R\u00e9collection pour les pr\u00eatres :<br \/><\/strong><\/span><strong>Ce mardi 25 avril<\/strong>, les pr\u00eatres de notre dioc\u00e8se seront en r\u00e9collection au centre spirituel. Prions pour les pr\u00eatres de notre secteur et de notre dioc\u00e8se.<\/span><\/p>\n<p><span style=\"color: #000000;\"><span style=\"text-decoration: underline;\"><strong>Mois de mai, mois de Marie<\/strong>.\u00a0<br \/><\/span>Au cours du mois de mai, les \u00c9quipes du Rosaire\u00a0de Jarville\u00a0et Fl\u00e9ville,\u00a0ont pour habitude de r\u00e9citer\u00a0et m\u00e9diter le chapelet.\u00a0Cette ann\u00e9e, certains lundis \u00e9tant f\u00e9ri\u00e9s, nous proposons de <strong>nous retrouver \u00e0 la crypte de Jarville les mardis 2, 16, 23 \u00e0 17h.\u00a0\u00a0<br \/><\/strong><strong>Le mardi 9 mai, nous serons en l\u2019\u00e9glise de\u00a0Fl\u00e9ville, et le 30 \u00e0 Richardm\u00e9nil<\/strong>.\u00a0Nous pensons ainsi toucher d\u2019autres personnes souhaitant prier avec nous<\/span><\/p>\n<p><span style=\"color: #000000;\"><strong><span style=\"text-decoration: underline;\">Suppression du p\u00e8lerinage du 18 mai du secteur \u00e0 Sion<\/span> :<br \/><\/strong>Le 18 mai nous devions aller \u00e0 Sion pour le p\u00e8lerinage annuel de notre secteur \u00e0 Sion. Mais <strong>l\u2019installation de notre nouvel \u00e9v\u00eaque se faisant \u00e0 15h30 \u00e0 la cath\u00e9drale de Nancy <\/strong>et pour permettre \u00e0 tous d\u2019y aller (\u00e9v\u00e9nement rare et important pour notre dioc\u00e8se) nous sommes au regret de devoir supprimer cette sortie\u00a0!<\/span><br \/><span style=\"color: #000000;\"><strong>\u00a0&#8211; Le temps fort cat\u00e9 des enfants de 2<sup>\u00e8me<\/sup> ann\u00e9e se pr\u00e9parant \u00e0 la premi\u00e8re communion se tiendra \u00a0\u00e0 Ludres, le matin de 9h \u00e0 11h suivi de la messe. <br \/><\/strong><strong style=\"font-size: revert;\">\u00a0&#8211; Des messes du jeudi de l\u2019Ascension auront lieu :<br \/>\u00a0 \u00a0 \u00a0 \u00a0 \u00a0 \u00a0 \u00a0 \u00a0 \u00a0 \u00a0 \u00a0 \u00a0 \u00a0\u00e0 10h30 \u00e0 Heillecourt, \u00e0 Laneuveville et \u00e0 Neuves-Maisons<\/strong><\/span><\/p>\n<p><span style=\"color: #000000;\"><span style=\"text-decoration: underline;\"><strong>Accompagner nos \u00e9v\u00eaques\u00a0!<br \/><\/strong><\/span><strong>Monseigneur Jean-Louis Papin <\/strong>vous donne rendez-vous pour sa messe d\u2019au-revoir qui aura lieu<strong> le vendredi 5 mai, \u00e0 18h15, \u00e0 la cath\u00e9drale de Nancy<\/strong>. Venez nombreux pour le remercier pour les 23 ann\u00e9es o\u00f9 il a \u00e9t\u00e9 \u00e9v\u00eaque de notre dioc\u00e8se. Vous pouvez lui adresser un message par mail sur l\u2019adresse <a style=\"color: #000000;\" href=\"mailto:aurevoir.mgrpapin@catholique-nancy.fr\">aurevoir.mgrpapin@catholique-nancy.fr<\/a>\u00a0Si vous souhaitez participer \u00e0 son cadeau de d\u00e9part, vous trouverez dans les prochains jours plus d\u2019informations sur le site du dioc\u00e8se.<\/span><\/p>\n<p><span style=\"color: #000000;\"><strong>Notre nouvel \u00e9v\u00eaque, Monseigneur Pierre-Yves Michel, <\/strong>vous donne rendez-vous pour sa<strong> messe d\u2019installation officielle \u00e0 la cath\u00e9drale de Nancy, le jeudi 18 mai, solennit\u00e9 de l\u2019Ascension du Seigneur, \u00e0 15h30<\/strong>. Venez nombreux pour ce temps fort de notre dioc\u00e8se.<\/span><\/p>\n<p><span style=\"color: #000000;\"><strong><span style=\"text-decoration: underline;\">Messe du 7 mai \u00e0 Ludres :<\/span><br \/><\/strong><strong>Exceptionnellement, la messe du dimanche 7 mai \u00e0 Ludres aura lieu \u00e0 10h30 <\/strong>(et non \u00e0 11h), avec la pr\u00e9sence des anciens combattants et les repr\u00e9sentants de la municipalit\u00e9 de Ludres.<\/span><\/p>\n<p><span style=\"color: #000000;\"><span style=\"text-decoration: underline;\"><strong>Conf\u00e9rence de l\u2019Association du Sacr\u00e9 C\u0153ur de Jarville :<br \/><\/strong><\/span><strong>A<\/strong> <strong>Jarville le samedi 13 mai, \u00e0 16h <\/strong>une lecture comment\u00e9e des vitraux de l\u2019\u00e9glise, suivie d\u2019une conf\u00e9rence (Contexte historique, techniques du vitrail, histoire de l\u2019atelier) avec la pr\u00e9sence de membres de la section vitrail de l\u2019Association Lorraine des Arts du Feu (ALORAF).<\/span><\/p>\n<p><span style=\"text-decoration: underline;\"><strong>Dates des professions de foi et des premi\u00e8res communions :<br \/><\/strong><\/span><strong>Le dimanche de Pentec\u00f4te, le 28 mai,<\/strong> deux groupes d\u2019enfants feront leur profession de foi \u00e0 Jarville et \u00e0 Neuves-Maisons \u00e0 10h30.<\/p>\n<p><span style=\"color: #000000;\">Quatre groupes d\u2019enfants feront leur premi\u00e8re communion :<\/span><br \/><span style=\"color: #000000;\"> <strong>\u00a0 \u00a0 &#8211; le 11 juin \u00e0 10h30 \u00e0 Jarville et \u00e0 Neuves-Maisons <br \/>\u00a0 \u00a0 &#8211; le 18 juin \u00e0 10h \u00e0 Viterne et \u00e0 11h \u00e0 Ludres<\/strong>. <\/span><br \/><span style=\"color: #000000;\">Lors de ces c\u00e9l\u00e9brations deux enfants seront aussi baptis\u00e9s.<\/span><\/p>\n<p><span style=\"color: #000000;\"><strong><span style=\"text-decoration: underline;\">Autres Annonces :\u00a0<\/span><br \/><\/strong><strong>Un poste \u00e0 pourvoir !\u00a0<br \/><\/strong>Un poste r\u00e9mun\u00e9r\u00e9, en aum\u00f4nerie des \u00e9tablissements de sant\u00e9, est \u00e0 pourvoir pour le Centre psychoth\u00e9rapique de Nancy.\u00a0 Prendre contact avec s\u0153ur Ruth Rousseau : aumonerie@catholique-nancy.fr\u00a0<\/span><\/p>\n","protected":false},"excerpt":{"rendered":"<p>Bapt\u00eame :\u00a0Le dimanche 23 avril M\u00e9lissa sera baptis\u00e9e \u00e0 Jarville. R\u00e9jouissons-nous de son entr\u00e9e dans notre communaut\u00e9 et accompagnons-la par notre pri\u00e8re. Conf\u00e9rences\u00a0: Comment retrouver la capacit\u00e9 de vivre la liturgie\u00a0?Le samedi 22 avril \u00e0 Ludres \u00e0 15h et le dimanche 23 avril \u00e0 Jarville \u00e0 16h30\u00a0:\u00a0 \u2018\u2019Devenir Lui\u2019\u2019\u00a0, enseignement sur la liturgie \u00e0 partir&hellip; <br \/> <a class=\"read-more\" href=\"https:\/\/paroisses-nancy-sud.fr\/HOME\/annonces-des-paroisses-sainte-jeanne-de-chantal-et-saint-francois-de-sales-du-23-avril\/\">Lire la suite<\/a><\/p>\n","protected":false},"author":5,"featured_media":2464,"comment_status":"closed","ping_status":"open","sticky":false,"template":"","format":"standard","meta":[],"categories":[7],"tags":[],"acf":[],"_links":{"self":[{"href":"https:\/\/paroisses-nancy-sud.fr\/HOME\/wp-json\/wp\/v2\/posts\/2943"}],"collection":[{"href":"https:\/\/paroisses-nancy-sud.fr\/HOME\/wp-json\/wp\/v2\/posts"}],"about":[{"href":"https:\/\/paroisses-nancy-sud.fr\/HOME\/wp-json\/wp\/v2\/types\/post"}],"author":[{"embeddable":true,"href":"https:\/\/paroisses-nancy-sud.fr\/HOME\/wp-json\/wp\/v2\/users\/5"}],"replies":[{"embeddable":true,"href":"https:\/\/paroisses-nancy-sud.fr\/HOME\/wp-json\/wp\/v2\/comments?post=2943"}],"version-history":[{"count":1,"href":"https:\/\/paroisses-nancy-sud.fr\/HOME\/wp-json\/wp\/v2\/posts\/2943\/revisions"}],"predecessor-version":[{"id":2944,"href":"https:\/\/paroisses-nancy-sud.fr\/HOME\/wp-json\/wp\/v2\/posts\/2943\/revisions\/2944"}],"wp:featuredmedia":[{"embeddable":true,"href":"https:\/\/paroisses-nancy-sud.fr\/HOME\/wp-json\/wp\/v2\/media\/2464"}],"wp:attachment":[{"href":"https:\/\/paroisses-nancy-sud.fr\/HOME\/wp-json\/wp\/v2\/media?parent=2943"}],"wp:term":[{"taxonomy":"category","embeddable":true,"href":"https:\/\/paroisses-nancy-sud.fr\/HOME\/wp-json\/wp\/v2\/categories?post=2943"},{"taxonomy":"post_tag","embeddable":true,"href":"https:\/\/paroisses-nancy-sud.fr\/HOME\/wp-json\/wp\/v2\/tags?post=2943"}],"curies":[{"name":"wp","href":"https:\/\/api.w.org\/{rel}","templated":true}]}}