{"id":2950,"date":"2023-04-23T23:50:49","date_gmt":"2023-04-23T21:50:49","guid":{"rendered":"https:\/\/paroisses-nancy-sud.fr\/HOME\/?p=2950"},"modified":"2023-04-23T23:52:44","modified_gmt":"2023-04-23T21:52:44","slug":"prieres-de-sainte-jeanne-de-chantal-et-de-saint-francois-de-sales","status":"publish","type":"post","link":"https:\/\/paroisses-nancy-sud.fr\/HOME\/prieres-de-sainte-jeanne-de-chantal-et-de-saint-francois-de-sales\/","title":{"rendered":"Pri\u00e8res de Sainte Jeanne de Chantal et de Saint Fran\u00e7ois de Sales"},"content":{"rendered":"\n<p>\u00a0<\/p>\n<table style=\"width: 100%;\">\n<tbody>\n<tr>\n<td style=\"width: 49.5238%;\" width=\"302\">\n<p><span style=\"color: #000000;\"><strong>Pri\u00e8re de sainte Jeanne de Chantal<\/strong><\/span><\/p>\n<p>\u00a0<\/p>\n<p style=\"text-align: center;\"><span style=\"color: #000000;\">Seigneur, Bont\u00e9 souveraine,<\/span><\/p>\n<p style=\"text-align: center;\"><span style=\"color: #000000;\">Je m\u2019abandonne entre tes bras,<\/span><\/p>\n<p style=\"text-align: center;\"><span style=\"color: #000000;\">Dans les joies et dans les peines.<\/span><\/p>\n<p style=\"text-align: center;\"><span style=\"color: #000000;\">Conduis-moi o\u00f9 il Te plaira,<\/span><\/p>\n<p style=\"text-align: center;\"><span style=\"color: #000000;\">Je ne regarderai pas le chemin \u00e0 suivre,<\/span><\/p>\n<p style=\"text-align: center;\"><span style=\"color: #000000;\">Je ne regarderai que Toi,<\/span><\/p>\n<p style=\"text-align: center;\"><span style=\"color: #000000;\">Ma Providence, ma Force, mon Rempart.<\/span><\/p>\n<p style=\"text-align: center;\"><span style=\"color: #000000;\">Je ne regarderai que Toi qui me guides<\/span><\/p>\n<p style=\"text-align: center;\"><span style=\"color: #000000;\">Comme une vraie m\u00e8re.<\/span><\/p>\n<p style=\"text-align: center;\"><span style=\"color: #000000;\">Je suivrai le chemin que Tu me traces,<\/span><\/p>\n<p style=\"text-align: center;\"><span style=\"color: #000000;\">Sans jamais regarder, ni \u00e9plucher<\/span><\/p>\n<p style=\"text-align: center;\"><span style=\"color: #000000;\">Les causes des \u00e9v\u00e8nements,<\/span><\/p>\n<p style=\"text-align: center;\"><span style=\"color: #000000;\">Sans me poser trop de \u00ab\u00a0pourquoi\u00a0\u00bb.<\/span><\/p>\n<p style=\"text-align: center;\"><span style=\"color: #000000;\">Les yeux ferm\u00e9s, je ferai Ta volont\u00e9<\/span><\/p>\n<p style=\"text-align: center;\"><span style=\"color: #000000;\">Et non pas la mienne.<\/span><\/p>\n<p style=\"text-align: center;\"><span style=\"color: #000000;\">Je me tiendrai en repos,<\/span><\/p>\n<p style=\"text-align: center;\"><span style=\"color: #000000;\">Sans d\u00e9sirer autre chose<\/span><\/p>\n<p style=\"text-align: center;\"><span style=\"color: #000000;\">Que ce que tu m\u2019inspireras de souhaiter.<\/span><\/p>\n<p style=\"text-align: center;\"><span style=\"color: #000000;\">Je t\u2019offre cette r\u00e9solution, Seigneur.<\/span><\/p>\n<p style=\"text-align: center;\"><span style=\"color: #000000;\">Je te demande de la b\u00e9nir.<\/span><\/p>\n<p style=\"text-align: center;\"><span style=\"color: #000000;\">J\u2019y serai fid\u00e8le, en me m\u00e9fiant de ma faiblesse,<\/span><\/p>\n<p style=\"text-align: center;\"><span style=\"color: #000000;\">Et en m\u2019appuyant sur Ta Bont\u00e9,<\/span><\/p>\n<p style=\"text-align: center;\"><span style=\"color: #000000;\">Ta Lib\u00e9ralit\u00e9, Ta Mis\u00e9ricorde.<\/span><\/p>\n<p style=\"text-align: center;\"><span style=\"color: #000000;\">Seigneur, j\u2019ai une confiance totale en Toi.<\/span><\/p>\n<p style=\"text-align: center;\"><span style=\"color: #000000;\">Amen<\/span><\/p>\n<p style=\"text-align: center;\">\u00a0<\/p>\n<\/td>\n<td style=\"width: 49.5238%; text-align: center;\" width=\"302\">\n<p><span style=\"color: #000000;\"><strong>P<span style=\"color: #000000;\">ri\u00e8re de saint Fran\u00e7ois de Sales <\/span><\/strong><\/span><\/p>\n<p>\u00a0<\/p>\n<p style=\"text-align: center;\"><span style=\"color: #000000;\">\u00d4 Seigneur, avec Ton aide, je veux m\u2019exercer \u00e0 la douceur<\/span><br \/><span style=\"color: #000000;\">dans les rencontres et les contrari\u00e9t\u00e9s quotidiennes.<\/span><\/p>\n<p style=\"text-align: center;\"><span style=\"color: #000000;\">D\u00e8s que je m\u2019apercevrai que la col\u00e8re s\u2019allume en moi,<\/span><br \/><span style=\"color: #000000;\">je recueillerai mes forces,<\/span><br \/><span style=\"color: #000000;\">non avec violence, mais doucement,<\/span><br \/><span style=\"color: #000000;\">et je chercherai \u00e0 r\u00e9tablir mon c\u0153ur dans la paix.<\/span><\/p>\n<p style=\"text-align: center;\"><span style=\"color: #000000;\">Sachant que je ne peux rien seul,<\/span><br \/><span style=\"color: #000000;\">je prendrai soin de T\u2019appeler au secours,<\/span><br \/><span style=\"color: #000000;\">comme le firent les Ap\u00f4tres ballott\u00e9s par la mer en furie.<\/span><\/p>\n<p style=\"text-align: center;\"><span style=\"color: #000000;\">Enseigne-moi \u00e0 \u00eatre doux avec tous,<\/span><br \/><span style=\"color: #000000;\">m\u00eame avec ceux qui m\u2019offensent ou me sont oppos\u00e9s,<\/span><br \/><span style=\"color: #000000;\">et jusqu\u2019avec moi-m\u00eame,<\/span><br \/><span style=\"color: #000000;\">ne m\u2019accablant pas \u00e0 cause de mes d\u00e9fauts.<\/span><\/p>\n<p style=\"text-align: center;\"><span style=\"color: #000000;\">Quand je tomberai, malgr\u00e9 mes efforts,<\/span><br \/><span style=\"color: #000000;\">je me reprendrai doucement et dirai :<\/span><br \/><span style=\"color: #000000;\"><em>\u00ab Allons, mon pauvre c\u0153ur,<\/em><\/span><br \/><span style=\"color: #000000;\"><em>relevons-nous et quittons cette fosse pour toujours.<\/em><\/span><br \/><span style=\"color: #000000;\"><em>Recourons \u00e0 la\u00a0<\/em><a style=\"color: #000000;\" href=\"https:\/\/catechese.catholique.fr\/outils\/lexique\/misericorde\"><em>Mis\u00e9ricorde<\/em><\/a><em>\u00a0de Dieu, Elle nous viendra en aide \u00bb. \u00a0\u00a0\u00a0\u00a0\u00a0\u00a0\u00a0\u00a0\u00a0\u00a0\u00a0\u00a0\u00a0\u00a0\u00a0\u00a0\u00a0\u00a0\u00a0\u00a0\u00a0\u00a0\u00a0\u00a0\u00a0\u00a0\u00a0\u00a0\u00a0\u00a0\u00a0\u00a0\u00a0\u00a0\u00a0<\/em><\/span><\/p>\n<\/td>\n<\/tr>\n<\/tbody>\n<\/table>\n<p style=\"text-align: center;\">\u00a0<\/p>\n","protected":false},"excerpt":{"rendered":"<p>\u00a0 Pri\u00e8re de sainte Jeanne de Chantal \u00a0 Seigneur, Bont\u00e9 souveraine, Je m\u2019abandonne entre tes bras, Dans les joies et dans les peines. Conduis-moi o\u00f9 il Te plaira, Je ne regarderai pas le chemin \u00e0 suivre, Je ne regarderai que Toi, Ma Providence, ma Force, mon Rempart. Je ne regarderai que Toi qui me guides&hellip; <br \/> <a class=\"read-more\" href=\"https:\/\/paroisses-nancy-sud.fr\/HOME\/prieres-de-sainte-jeanne-de-chantal-et-de-saint-francois-de-sales\/\">Lire la suite<\/a><\/p>\n","protected":false},"author":6,"featured_media":400,"comment_status":"closed","ping_status":"open","sticky":false,"template":"","format":"standard","meta":[],"categories":[6],"tags":[],"acf":[],"_links":{"self":[{"href":"https:\/\/paroisses-nancy-sud.fr\/HOME\/wp-json\/wp\/v2\/posts\/2950"}],"collection":[{"href":"https:\/\/paroisses-nancy-sud.fr\/HOME\/wp-json\/wp\/v2\/posts"}],"about":[{"href":"https:\/\/paroisses-nancy-sud.fr\/HOME\/wp-json\/wp\/v2\/types\/post"}],"author":[{"embeddable":true,"href":"https:\/\/paroisses-nancy-sud.fr\/HOME\/wp-json\/wp\/v2\/users\/6"}],"replies":[{"embeddable":true,"href":"https:\/\/paroisses-nancy-sud.fr\/HOME\/wp-json\/wp\/v2\/comments?post=2950"}],"version-history":[{"count":3,"href":"https:\/\/paroisses-nancy-sud.fr\/HOME\/wp-json\/wp\/v2\/posts\/2950\/revisions"}],"predecessor-version":[{"id":2953,"href":"https:\/\/paroisses-nancy-sud.fr\/HOME\/wp-json\/wp\/v2\/posts\/2950\/revisions\/2953"}],"wp:featuredmedia":[{"embeddable":true,"href":"https:\/\/paroisses-nancy-sud.fr\/HOME\/wp-json\/wp\/v2\/media\/400"}],"wp:attachment":[{"href":"https:\/\/paroisses-nancy-sud.fr\/HOME\/wp-json\/wp\/v2\/media?parent=2950"}],"wp:term":[{"taxonomy":"category","embeddable":true,"href":"https:\/\/paroisses-nancy-sud.fr\/HOME\/wp-json\/wp\/v2\/categories?post=2950"},{"taxonomy":"post_tag","embeddable":true,"href":"https:\/\/paroisses-nancy-sud.fr\/HOME\/wp-json\/wp\/v2\/tags?post=2950"}],"curies":[{"name":"wp","href":"https:\/\/api.w.org\/{rel}","templated":true}]}}