{"id":2954,"date":"2023-04-28T17:24:55","date_gmt":"2023-04-28T15:24:55","guid":{"rendered":"https:\/\/paroisses-nancy-sud.fr\/HOME\/?p=2954"},"modified":"2023-04-27T17:38:29","modified_gmt":"2023-04-27T15:38:29","slug":"annonces-de-la-paroisse-de-la-visitation-du-30-avril","status":"publish","type":"post","link":"https:\/\/paroisses-nancy-sud.fr\/HOME\/annonces-de-la-paroisse-de-la-visitation-du-30-avril\/","title":{"rendered":"Annonces de la paroisse de La Visitation  du 30 avril"},"content":{"rendered":"\n<p><span style=\"color: #000000;\"><strong><span style=\"text-decoration: underline;\">Dimanche 30 avril,<\/span> <\/strong>en l\u2019\u00e9glise de Neuves-Maisons<strong>, <\/strong>Soan recevra le sacrement de bapt\u00eame,\u00a0nous prions pour lui et sa famille.<\/span><\/p>\n<p><span style=\"color: #000000;\">\u00c0 l\u2019occasion du dimanche du Bon Pasteur, aura lieu la 60\u00e8me Journ\u00e9e mondiale des vocations. <strong>Ce\u00a0dimanche 30 avril 2023,<\/strong> une qu\u00eate imp\u00e9r\u00e9e sera r\u00e9alis\u00e9e\u00a0en faveur de l\u2019<a style=\"color: #000000;\" href=\"https:\/\/www.mavocation.org\/\">\u0152uvre des Vocations<\/a>\u00a0afin de contribuer \u00e0 la pastorale des vocations religieuses et sacerdotales mais aussi au financement de la formation des s\u00e9minaristes.<\/span><\/p>\n<p><span style=\"color: #000000;\"><strong><span style=\"text-decoration: underline;\">Vendredi 5 mai, \u00e0 18h15<\/span>,<\/strong> Monseigneur Jean-Louis Papin nous donne rendez-vous pour sa messe d\u2019au-revoir qui aura lieu \u00e0 la cath\u00e9drale de Nancy.<\/span><\/p>\n<p><span style=\"color: #000000;\"><span style=\"text-decoration: underline;\"><strong>Qu\u00eate charges paroissiales<\/strong>\u00a0:<\/span> dimanche 06 mai, comme tous les premiers dimanches du mois, une qu\u00eate est assur\u00e9e pour les charges paroissiales.<\/span><br \/><span style=\"color: #000000;\">Elle est valable pour toute la paroisse de la Visitation. Merci pour votre don\u00a0!<\/span><\/p>\n<p><span style=\"color: #000000;\"><span style=\"text-decoration: underline;\"><strong>\u00c9quipes du Rosaire\u00a0<\/strong><\/span>: comme chaque d\u00e9but de mois, les \u00e9quipes du secteur se r\u00e9unissent. Pour mai, ce sera le lundi 01 \u00e0 14h30 et elles invitent toutes personnes int\u00e9ress\u00e9es \u00e0 les rejoindre.<\/span><\/p>\n<p><span style=\"color: #000000;\"><strong>J<span style=\"text-decoration: underline;\">eudi 18 mai 2023 \u00e0 15h30<\/span>, <\/strong>solennit\u00e9 de l\u2019Ascension du Seigneur, messe d\u2019installation de Mgr Pierre-Yves Michel comme \u00e9v\u00eaque de Nancy et Toul en la cath\u00e9drale Notre-Dame de l\u2019Annonciation de Nancy.<\/span><br \/><span style=\"color: #000000;\">De ce fait, <strong>la journ\u00e9e du secteur pastoral \u00e0 Sion est annul\u00e9e.<br \/><\/strong><span style=\"font-size: revert;\">La messe du jeudi de l\u2019Ascension 18 mai, aura lieu \u00e0 10h30 \u00e0 Neuves-Maisons.<\/span><\/span><\/p>\n<p><span style=\"color: #000000;\"><span style=\"text-decoration: underline;\"><strong>Samedi 03 juin <\/strong>de 09h30 \u00e0 16h30<\/span>, au domaine de l\u2019Asn\u00e9e,\u00a0R\u00e9collection sur le th\u00e8me\u00a0: \u00ab\u00a0Allez dire\u00a0\u00bb, propos\u00e9e par Esp\u00e9rance et Vie, mouvement chr\u00e9tien de la\u00efcs pour les veufs et veuves.<\/span><br \/><span style=\"color: #000000;\">\u00a0<em>* Inscriptions avant <strong>le 1<sup>er<\/sup> mai, <\/strong>aupr\u00e8s de Simone Grandjean 06 71 44 67 33 ou de\u00a0<\/em><em>Jeannette Joubert 06 81 86 71 46. N\u2019h\u00e9sitez pas \u00e0 prendre contact si vous souhaitez rejoindre le groupe ou obtenir des renseignements.<\/em><\/span><\/p>\n<p><span style=\"color: #000000;\"><span style=\"text-decoration: underline;\"><em>\u00a0<\/em><strong>Le 3 juin \u00e0 11h30<\/strong> <strong>\u00e0 Ludres<\/strong>\u00a0<\/span>les p\u00e8lerins d\u2019Annecy et tous les paroissiens qui le souhaitent, sont invit\u00e9s \u00e0 partager une messe d\u2019action de gr\u00e2ce puis un repas.\u00a0 Projection de photos<\/span><\/p>\n<p><span style=\"color: #000000;\"><span style=\"text-decoration: underline;\"><strong>Messes \u00e0 la Visitation<br \/><\/strong><\/span>Samedi 06 mai \u00e0 18h00\u00a0: Pont Saint Vincent<\/span><br \/><span style=\"color: #000000;\">Dimanche 07 mai \u00e0 10h00\u00a0: Xeuilley et\u00a0 \u00e0 10h30\u00a0: Neuves-Maisons<\/span><\/p>\n<p><span style=\"color: #000000;\"><span style=\"text-decoration: underline;\"><strong>Messes en semaine<em>\u00a0<br \/><\/em><\/strong><\/span>Jeudi\u00a0: adoration \u00e0 16h00 et messe \u00e0 16h30 \u00e0 la chapelle.<\/span><br \/><span style=\"color: #000000;\">Vendredi\u00a0: messe \u00e0 08h20 chez les s\u0153urs \u00e0 Bainville, 67 rue Jacques Callot<\/span><\/p>\n","protected":false},"excerpt":{"rendered":"<p>Dimanche 30 avril, en l\u2019\u00e9glise de Neuves-Maisons, Soan recevra le sacrement de bapt\u00eame,\u00a0nous prions pour lui et sa famille. \u00c0 l\u2019occasion du dimanche du Bon Pasteur, aura lieu la 60\u00e8me Journ\u00e9e mondiale des vocations. Ce\u00a0dimanche 30 avril 2023, une qu\u00eate imp\u00e9r\u00e9e sera r\u00e9alis\u00e9e\u00a0en faveur de l\u2019\u0152uvre des Vocations\u00a0afin de contribuer \u00e0 la pastorale des vocations&hellip; <br \/> <a class=\"read-more\" href=\"https:\/\/paroisses-nancy-sud.fr\/HOME\/annonces-de-la-paroisse-de-la-visitation-du-30-avril\/\">Lire la suite<\/a><\/p>\n","protected":false},"author":5,"featured_media":472,"comment_status":"closed","ping_status":"open","sticky":false,"template":"","format":"standard","meta":[],"categories":[10],"tags":[],"acf":[],"_links":{"self":[{"href":"https:\/\/paroisses-nancy-sud.fr\/HOME\/wp-json\/wp\/v2\/posts\/2954"}],"collection":[{"href":"https:\/\/paroisses-nancy-sud.fr\/HOME\/wp-json\/wp\/v2\/posts"}],"about":[{"href":"https:\/\/paroisses-nancy-sud.fr\/HOME\/wp-json\/wp\/v2\/types\/post"}],"author":[{"embeddable":true,"href":"https:\/\/paroisses-nancy-sud.fr\/HOME\/wp-json\/wp\/v2\/users\/5"}],"replies":[{"embeddable":true,"href":"https:\/\/paroisses-nancy-sud.fr\/HOME\/wp-json\/wp\/v2\/comments?post=2954"}],"version-history":[{"count":1,"href":"https:\/\/paroisses-nancy-sud.fr\/HOME\/wp-json\/wp\/v2\/posts\/2954\/revisions"}],"predecessor-version":[{"id":2955,"href":"https:\/\/paroisses-nancy-sud.fr\/HOME\/wp-json\/wp\/v2\/posts\/2954\/revisions\/2955"}],"wp:featuredmedia":[{"embeddable":true,"href":"https:\/\/paroisses-nancy-sud.fr\/HOME\/wp-json\/wp\/v2\/media\/472"}],"wp:attachment":[{"href":"https:\/\/paroisses-nancy-sud.fr\/HOME\/wp-json\/wp\/v2\/media?parent=2954"}],"wp:term":[{"taxonomy":"category","embeddable":true,"href":"https:\/\/paroisses-nancy-sud.fr\/HOME\/wp-json\/wp\/v2\/categories?post=2954"},{"taxonomy":"post_tag","embeddable":true,"href":"https:\/\/paroisses-nancy-sud.fr\/HOME\/wp-json\/wp\/v2\/tags?post=2954"}],"curies":[{"name":"wp","href":"https:\/\/api.w.org\/{rel}","templated":true}]}}