{"id":2962,"date":"2023-04-29T22:38:30","date_gmt":"2023-04-29T20:38:30","guid":{"rendered":"https:\/\/paroisses-nancy-sud.fr\/HOME\/?p=2962"},"modified":"2023-04-29T22:50:02","modified_gmt":"2023-04-29T20:50:02","slug":"annonces-de-saint-francois-de-sales-et-sainte-jeanne-de-chantal-du-29-avril","status":"publish","type":"post","link":"https:\/\/paroisses-nancy-sud.fr\/HOME\/annonces-de-saint-francois-de-sales-et-sainte-jeanne-de-chantal-du-29-avril\/","title":{"rendered":"Annonces de Saint-Fran\u00e7ois-de-Sales et Sainte-Jeanne-de-Chantal du 30 avril"},"content":{"rendered":"\n<p><span style=\"color: #000000;\"><strong><span style=\"text-decoration: underline;\">Bapt\u00eames :<\/span><br \/>Le dimanche 30 avril<\/strong> In\u00e8s et Louis seront baptis\u00e9s \u00e0 Ludres et Baptiste sera baptis\u00e9 \u00e0 Jarville. R\u00e9jouissons-nous de leur entr\u00e9e dans notre communaut\u00e9 et accompagnons-les par notre pri\u00e8re.<\/span><\/p>\n<p><strong>\u00a0<\/strong><span style=\"color: #000000;\"><strong><span style=\"text-decoration: underline;\">Qu\u00eate\u00a0:<\/span> <br \/><\/strong><\/span><strong><span style=\"color: #000000;\">samedi 29 avril et dimanche 30 avril la qu\u00eate se fera au b\u00e9n\u00e9fice du service des vocations<\/span>.\u00a0<\/strong><\/p>\n<p><span style=\"color: #000000;\"><strong>\u00a0<\/strong><span style=\"text-decoration: underline;\"><strong>Vente de muguet :<br \/><\/strong><\/span><strong>Le dimanche 30 avril<\/strong>, des jeunes scouts proposeront du muguet \u00e0 la sortie de la messe de Jarville.<\/span><\/p>\n<p><span style=\"color: #000000;\"><strong><span style=\"text-decoration: underline;\">Rencontre de l\u2019EAP<\/span> (Equipe d\u2019Animation Pastorale)<br \/><\/strong><strong>Mardi 2 mai \u00e0 20h30 \u00e0 Jarville <\/strong>r\u00e9union de l\u2019EAP de la paroisse Saint-Fran\u00e7ois-de-Sales<\/span><\/p>\n<p><span style=\"color: #000000;\"><span style=\"text-decoration: underline;\"><strong>Mois de mai, mois de Marie<\/strong>.<br \/><\/span>Les \u00c9quipes du Rosaire\u00a0de Jarville\u00a0et Fl\u00e9ville,\u00a0proposent de r\u00e9citer\u00a0et m\u00e9diter le chapelet.\u00a0Cette ann\u00e9e, certains lundis \u00e9tant f\u00e9ri\u00e9s, nous <strong>nous retrouverons les mardis 2, 16, 23 \u00e0 17h\u00a0\u00e0 la crypte de Jarville, le mardi 9 mai, \u00e0 l\u2019\u00e9glise de\u00a0Fl\u00e9ville, et le 30 mai \u00e0 Richardm\u00e9nil<\/strong>.\u00a0Nous pensons ainsi toucher d\u2019autres personnes souhaitant prier avec nous<\/span><\/p>\n<p><span style=\"color: #000000;\"><strong><span style=\"text-decoration: underline;\">Temps de pri\u00e8re du premier jeudi du mois \u00e0 Jarville:<\/span><br \/><\/strong><strong>Jeudi 4 mai \u00e0 Jarville \u00e0 la crypte,<br \/><\/strong><strong style=\"font-size: revert;\">\u00a0&#8211; A 17h pri\u00e8re d\u2019intercession<\/strong><span style=\"font-size: revert;\"> pour les malades et les personnes qui souffrent<br \/><\/span><strong>\u00a0&#8211; A 20h30, \u2018\u2019heure sainte\u2019\u2019, <\/strong>avec la communaut\u00e9 de l\u2019Emmanuel<\/span><\/p>\n<p><span style=\"color: #000000;\"><strong><span style=\"text-decoration: underline;\">R\u00e9union des parents pour la premi\u00e8re communion :<\/span><br \/><\/strong><strong>Mardi 2 mai \u00e0 20h30 \u00e0 Jarville<\/strong>, parents des enfants dont la premi\u00e8re communion des enfants ( et le bapt\u00eame pour Ashley) a lieu de dimanche 11 juin \u00e0 Jarville.<\/span><br \/><span style=\"color: #000000;\"><strong>Jeudi 4 mai \u00e0 20h30 \u00e0 Ludres<\/strong>, parents dont la premi\u00e8re communion des enfants (et le bapt\u00eame pour Domine) a lieu le dimanche 18 juin \u00e0 Ludres.<\/span><br \/><span style=\"color: #000000;\"><strong>Mardi 9 mai \u00e0 20h30 Neuves-Maisons, <\/strong>parents dont la premi\u00e8re communion des enfants a lieu \u00e0 Neuves-Maisons le 11 juin et \u00e0 Viterne le 18 juin.<strong>\u00a0 <\/strong><\/span><\/p>\n<p><span style=\"color: #000000;\"><strong><span style=\"text-decoration: underline;\">Temps fort pour les confirmands :<\/span><br \/><\/strong><strong>Rendez-vous \u00e0 13h45 \u00e0 Jarville pour tous les confirmands <\/strong>du secteur Nancy-sud, Nancy-ouest et coll\u00e8ge-Lyc\u00e9e La Malgrange. Le th\u00e8me de la journ\u00e9e sera\u00a0: la pri\u00e8re. Les parents sont invit\u00e9s \u00e0 les rejoindre pour la messe \u00e0 19h (18h\u00a0?)<\/span><\/p>\n<p><span style=\"color: #000000;\"><strong><span style=\"text-decoration: underline;\">Temps fort pour les jeunes de la profession de foi :<\/span><br \/><\/strong><strong>Rendez-vous \u00e0 Sion le samedi 13 mai \u00e0 9h30 pour les jeunes se pr\u00e9parant \u00e0 la profession de foi <\/strong>(28 mai \u00e0 Jarville et \u00e0 Neuves-Maisons). Les parents sont invit\u00e9s \u00e0 rejoindre les jeunes pour la messe, \u00e0 11h.<\/span><\/p>\n<p><span style=\"color: #000000;\"><strong><span style=\"text-decoration: underline;\">Accompagner nos \u00e9v\u00eaques\u00a0!<\/span><br \/><\/strong><\/span><strong>\u00a0<span style=\"color: #000000;\">&#8211; Monseigneur Jean-Louis Papin vous donne rendez-vous pour sa messe d\u2019au-revoir qui aura lieu<\/span><\/strong><span style=\"color: #000000;\"> <strong>le vendredi 5 mai, \u00e0 18h15, \u00e0 la cath\u00e9drale de Nancy.<\/strong> \u00c0 l\u2019issue de la c\u00e9l\u00e9bration, il vous invite \u00e0 un verre de l\u2019amiti\u00e9. Venez nombreux pour le remercier pour les 23 ann\u00e9es o\u00f9 il a \u00e9t\u00e9 \u00e9v\u00eaque de notre dioc\u00e8se. Vous pouvez lui adresser un message par mail sur l\u2019adresse <a style=\"color: #000000;\" href=\"mailto:aurevoir.mgrpapin@catholique-nancy.fr\">aurevoir.mgrpapin@catholique-nancy.fr<\/a> Vous pouvez participer \u00e0 son cadeau de d\u00e9part et trouverez plus d\u2019informations sur le site du dioc\u00e8se : <a style=\"color: #000000;\" href=\"https:\/\/www.catholique-nancy.fr\/agenda\/42192-messe-dau-revoir-a-monseigneur-papin\/\">messe d&rsquo;au revoir\u00a0<\/a><\/span><br \/><span style=\"color: #000000;\">\u00a0\u00a0 \u00a0&#8211; <strong>Notre nouvel \u00e9v\u00eaque, Monseigneur Pierre-Yves Michel, <\/strong>vous donne rendez-vous pour sa<strong> messe d\u2019installation officielle \u00e0 la cath\u00e9drale de Nancy, le jeudi 18 mai, solennit\u00e9 de l\u2019Ascension du Seigneur, \u00e0 15h30<\/strong>. Venez nombreux pour ce temps fort de notre dioc\u00e8se.<\/span><br \/><span style=\"color: #000000;\">Sur le site de notre dioc\u00e8se :\u00a0 <a style=\"color: #000000;\" href=\"https:\/\/www.catholique-nancy.fr\/accueil\/42835-mgr-michel-au-micro-de-rcf-23-avril-2023\/\"><em>Annonce nomination et biographie de Mgr Michel<\/em>\u00a0<\/a><\/span><\/p>\n<p><span style=\"color: #000000;\"><span style=\"text-decoration: underline;\"><strong>Qu\u00eate suppl\u00e9mentaire du premier dimanche du mois<br \/><\/strong><\/span><strong>Samedi 6 mai et dimanche 7 mai, <\/strong>une qu\u00eate suppl\u00e9mentaire sera propos\u00e9e \u00e0 la sorties des messes, comme tous les premiers we du mois, pour compl\u00e9ter les ressources permettant de subvenir aux besoins pastoraux et de fonctionnement de nos paroisses<\/span><\/p>\n<p><span style=\"color: #000000;\"><span style=\"text-decoration: underline;\"><strong>Horaires des messes dominicales des 6 et 7 mai 2023.\u00a0<br \/><\/strong><\/span><strong>Samedi 6 mai : 18h <\/strong>Heillecourt, Laneuveville, Pont St Vincent<\/span><br \/><span style=\"color: #000000;\"><strong>Dimanche 7 mai : 10h <\/strong>Xeuilley\u00a0 <strong>\u00a0\u00a0\u00a0\u00a0\u00a0\u00a0\u00a0\u00a0\u00a0\u00a010h30<\/strong> Jarville<strong>, <\/strong>Neuves-Maisons<strong> \u00a0\u00a0\u00a0\u00a0\u00a0\u00a0\u00a0\u00a0\u00a0\u00a0\u00a0\u00a0\u00a0\u00a0\u00a0\u00a0\u00a0<\/strong><strong>\u00a0 <\/strong><strong>10h30<\/strong> Ludres<\/span><\/p>\n<p><span style=\"color: #000000;\"><strong><span style=\"text-decoration: underline;\">Pri\u00e8re pour la paix \u00e0 l\u2019occasion du 8 mai<br \/><\/span><\/strong><strong style=\"font-size: revert;\">A Ludres, la messe du dimanche 7 mai \u00e0 Ludres aura lieu exceptionnellement \u00e0 10h30 <\/strong><span style=\"font-size: revert;\">(et non \u00e0 11h), avec la pr\u00e9sence des anciens combattants et les repr\u00e9sentants de la municipalit\u00e9 de Ludres.<br \/><\/span><strong>A Heillecourt<\/strong>, \u00e0 l\u2019\u00e9glise, pri\u00e8re pour les d\u00e9funts des guerres et pour la paix <strong>le lundi<\/strong> <strong>8 mai \u00e010h<\/strong>.<\/span><\/p>\n<p><span style=\"color: #000000;\"><span style=\"text-decoration: underline;\"><strong>Conf\u00e9rence de l\u2019Association du Sacr\u00e9 C\u0153ur de Jarville<br \/><\/strong><\/span><strong>A<\/strong> <strong>Jarville le samedi 13 mai, \u00e0 16h <\/strong>une lecture comment\u00e9e des vitraux de l\u2019\u00e9glise, suivie d\u2019une conf\u00e9rence (Contexte historique, techniques du vitrail, histoire de l\u2019atelier) avec la pr\u00e9sence de membres de la section vitrail de l\u2019Association Lorraine des Arts du Feu (ALORAF).<\/span><br \/><span style=\"color: #000000;\">Merci de pr\u00e9voir 5\u20ac pour la visite et la conf\u00e9rence et un livret sera propos\u00e9 \u00e9galement \u00e0 5\u20ac.<\/span><\/p>\n<p><span style=\"color: #000000;\"><span style=\"text-decoration: underline;\"><strong>Annulation du p\u00e8lerinage du 18 mai du secteur \u00e0 Sion.<br \/><\/strong><\/span>Le 18 mai nous devions aller \u00e0 Sion pour le p\u00e8lerinage annuel de notre secteur \u00e0 Sion. Mais <strong>l\u2019installation de notre nouvel \u00e9v\u00eaque se faisant \u00e0 15h30 \u00e0 la cath\u00e9drale de Nancy <\/strong>et pour permettre \u00e0 tous d\u2019y aller (\u00e9v\u00e9nement rare et important pour notre dioc\u00e8se) nous sommes au regret de devoir supprimer ce temps de rencontre et de pri\u00e8re de notre secteur\u00a0!<\/span><br \/><span style=\"color: #000000;\"><strong>Le temps fort cat\u00e9 des enfants de 2<sup>\u00e8me<\/sup> ann\u00e9e se pr\u00e9parant \u00e0 la premi\u00e8re communion se tiendra \u00e0 Ludres, le matin de 9h \u00e0 11h suivi de la messe.\u00a0 <\/strong><\/span><\/p>\n<p><span style=\"color: #000000;\">Des messes du jeudi de l\u2019Ascension auront lieu \u00e0 10h30 \u00e0 Heillecourt, \u00e0 Laneuveville et \u00e0 Neuves-Maisons.\u00a0\u00a0<\/span><\/p>\n<p><span style=\"color: #000000;\"><span style=\"text-decoration: underline;\"><strong>P\u00e8lerinage \u00e0 Annecy<br \/><\/strong><\/span><strong>Les p\u00e8lerins\u00a0sont de retour <\/strong>! <strong>Le 3 juin \u00e0 11h30 \u00e0 Ludres<\/strong> les p\u00e8lerins et tous les paroissiens qui le souhaitent, sont invit\u00e9s \u00e0 partager une messe d\u2019action de gr\u00e2ce puis un repas. Des photos seront projet\u00e9es.<\/span><\/p>\n<p><span style=\"color: #000000;\"><span style=\"text-decoration: underline;\"><strong>Autres Annonces:<br \/><\/strong><\/span><em>\u00ab\u00a0Qui vous accueille m\u2019accueille ; et qui m\u2019accueille accueille Celui qui m\u2019a envoy\u00e9\u00a0\u00bb (Mt, 10.40)<br \/><\/em><strong>Le dioc\u00e8se de Nancy-Toul via son service Homosexualit\u00e9 et vie chr\u00e9tienne<\/strong> organise un temps de pri\u00e8re pour et avec les personnes homosexuelles et transexuelles et leurs proches. Le fil conducteur de cette ann\u00e9e est \u00ab l\u2019homophobie existe encore ici et ailleurs \u00bb. <strong>Temps de pri\u00e8res en l\u2019\u00c9glise Saint S\u00e9bastien de Nancy \u00e0 19h le 17 mai<\/strong>. Un pot d\u2019amiti\u00e9 sera organis\u00e9 par la suite<\/span><\/p>\n","protected":false},"excerpt":{"rendered":"<p>Bapt\u00eames :Le dimanche 30 avril In\u00e8s et Louis seront baptis\u00e9s \u00e0 Ludres et Baptiste sera baptis\u00e9 \u00e0 Jarville. R\u00e9jouissons-nous de leur entr\u00e9e dans notre communaut\u00e9 et accompagnons-les par notre pri\u00e8re. \u00a0Qu\u00eate\u00a0: samedi 29 avril et dimanche 30 avril la qu\u00eate se fera au b\u00e9n\u00e9fice du service des vocations.\u00a0 \u00a0Vente de muguet :Le dimanche 30 avril,&hellip; <br \/> <a class=\"read-more\" href=\"https:\/\/paroisses-nancy-sud.fr\/HOME\/annonces-de-saint-francois-de-sales-et-sainte-jeanne-de-chantal-du-29-avril\/\">Lire la suite<\/a><\/p>\n","protected":false},"author":5,"featured_media":2464,"comment_status":"closed","ping_status":"open","sticky":false,"template":"","format":"standard","meta":[],"categories":[7],"tags":[],"acf":[],"_links":{"self":[{"href":"https:\/\/paroisses-nancy-sud.fr\/HOME\/wp-json\/wp\/v2\/posts\/2962"}],"collection":[{"href":"https:\/\/paroisses-nancy-sud.fr\/HOME\/wp-json\/wp\/v2\/posts"}],"about":[{"href":"https:\/\/paroisses-nancy-sud.fr\/HOME\/wp-json\/wp\/v2\/types\/post"}],"author":[{"embeddable":true,"href":"https:\/\/paroisses-nancy-sud.fr\/HOME\/wp-json\/wp\/v2\/users\/5"}],"replies":[{"embeddable":true,"href":"https:\/\/paroisses-nancy-sud.fr\/HOME\/wp-json\/wp\/v2\/comments?post=2962"}],"version-history":[{"count":2,"href":"https:\/\/paroisses-nancy-sud.fr\/HOME\/wp-json\/wp\/v2\/posts\/2962\/revisions"}],"predecessor-version":[{"id":2968,"href":"https:\/\/paroisses-nancy-sud.fr\/HOME\/wp-json\/wp\/v2\/posts\/2962\/revisions\/2968"}],"wp:featuredmedia":[{"embeddable":true,"href":"https:\/\/paroisses-nancy-sud.fr\/HOME\/wp-json\/wp\/v2\/media\/2464"}],"wp:attachment":[{"href":"https:\/\/paroisses-nancy-sud.fr\/HOME\/wp-json\/wp\/v2\/media?parent=2962"}],"wp:term":[{"taxonomy":"category","embeddable":true,"href":"https:\/\/paroisses-nancy-sud.fr\/HOME\/wp-json\/wp\/v2\/categories?post=2962"},{"taxonomy":"post_tag","embeddable":true,"href":"https:\/\/paroisses-nancy-sud.fr\/HOME\/wp-json\/wp\/v2\/tags?post=2962"}],"curies":[{"name":"wp","href":"https:\/\/api.w.org\/{rel}","templated":true}]}}