{"id":2966,"date":"2023-04-29T22:48:52","date_gmt":"2023-04-29T20:48:52","guid":{"rendered":"https:\/\/paroisses-nancy-sud.fr\/HOME\/?p=2966"},"modified":"2023-04-30T09:32:20","modified_gmt":"2023-04-30T07:32:20","slug":"tout-ce-qui-bele-nest-pas-brebis-2","status":"publish","type":"post","link":"https:\/\/paroisses-nancy-sud.fr\/HOME\/tout-ce-qui-bele-nest-pas-brebis-2\/","title":{"rendered":"<strong>Tout ce qui b\u00eale n&rsquo;est pas brebis<\/strong>"},"content":{"rendered":"\n<p><span style=\"color: #000000;\">Fr\u00e8res et s\u0153urs, en ce dimanche dit du Bon Pasteur, nous sommes invit\u00e9s \u00e0 prier le Seigneur de donner \u00e0 notre \u00c9glise dioc\u00e9saine les pr\u00eatres dont elle a besoin. Ev\u00eaque, pr\u00eatres, diacres, consacr\u00e9s, fid\u00e8les du Christ la\u00efcs, tous sont indispensables \u00e0 l&rsquo;\u00c9glise, tous sont sanctifi\u00e9s par le m\u00eame bapt\u00eame.<\/span><\/p>\n<p><span style=\"color: #000000;\">Augustin s&rsquo;adressait \u00e0 son peuple ainsi\u00a0: \u00ab\u00a0Si ce que je suis pour vous m&rsquo;\u00e9pouvante, ce que je suis avec vous me rassure. Pour vous en effet, je suis l&rsquo;\u00e9v\u00eaque ; avec vous je suis chr\u00e9tien. \u00c9v\u00eaque, c&rsquo;est le titre d&rsquo;une charge qu&rsquo;on assume ; chr\u00e9tien, c&rsquo;est le nom de la gr\u00e2ce qu&rsquo;on re\u00e7oit.\u00a0\u00bb Autrement dit, si quelques uns ont la charge d&rsquo;\u00eatre pasteurs au nom de J\u00e9sus, tous sont d&rsquo;abord et avant tout des brebis qui suivent le Bon Pasteur.<\/span><\/p>\n<p><span style=\"color: #000000;\">Or, tout ce qui b\u00eale n&rsquo;est pas brebis. Ou plut\u00f4t\u00a0: il y a brebis et brebis.<\/span><\/p>\n<p><span style=\"color: #000000;\">Je pars d&rsquo;une anecdote. Je parlais un jour des chr\u00e9tiens qui, au Proche-Orient, au Nig\u00e9ria, au Pakistan, en Chine ou ailleurs dans le monde, souffrent pers\u00e9cution, brimades et exclusion, et paient m\u00eame souvent de leur vie leur fid\u00e9lit\u00e9 au Christ. Une personne m&rsquo;a demand\u00e9\u00a0: \u00ab\u00a0Mais, M. l&rsquo;abb\u00e9, vous comprenez, vous, pourquoi ces gens-l\u00e0 s&rsquo;obstinent dans leur id\u00e9e, au lieu de faire comme tout le monde\u00a0?\u00a0\u00bb<\/span><\/p>\n<p><span style=\"color: #000000;\">Cette question vous choque\u00a0? J&rsquo;esp\u00e8re.<\/span><\/p>\n<p><span style=\"color: #000000;\">Plus proche de nous, je pense \u00e0 ces phrases \u00e9gren\u00e9es au fil des pr\u00e9parations de fun\u00e9railles, de mariages et de bapt\u00eames\u00a0: \u00ab\u00a0Il \u00e9tait tr\u00e8s chr\u00e9tien, d&rsquo;ailleurs il aimait sa famille. Elle \u00e9tait fid\u00e8le en amiti\u00e9, mais quand elle avait quelqu&rsquo;un dans le nez, elle ne le l\u00e2chait pas\u00a0; elle avait du caract\u00e8re, c&rsquo;est bien normal. Dans notre couple, le pardon est fondamental&#8230; jusqu&rsquo;\u00e0 un certain point. Dans notre famille, nous sommes pour la tol\u00e9rance et le partage. Je suis chr\u00e9tien\u00a0: je crois que quelque chose de moi restera apr\u00e8s la mort. Mais bien s\u00fbr que je prie\u00a0: parfois, dans la for\u00eat, je m&rsquo;assois et je regarde en silence.\u00a0\u00bb<\/span><\/p>\n<p><span style=\"color: #000000;\">Entendons-nous bien\u00a0: je ne dis pas que tout cela est mauvais. Aimer sa famille et les gens qui nous aiment, pardonner ce qui est sans importance, \u00eatre tol\u00e9rant et partager, croire en l&rsquo;immortalit\u00e9 de l&rsquo;\u00e2me, admirer la nature, c&rsquo;est bien, mais ce n&rsquo;est pas cela, \u00eatre chr\u00e9tien.<\/span><\/p>\n<p><span style=\"color: #000000;\">Nous connaissons bien ce passage du sermon sur la montagne\u00a0: \u00ab\u00a0Moi, je vous dis : Aimez vos ennemis, et priez pour ceux qui vous pers\u00e9cutent, afin d\u2019\u00eatre vraiment les fils de votre P\u00e8re qui est aux cieux [\u2026] En effet, si vous aimez ceux qui vous aiment, quelle r\u00e9compense m\u00e9ritez-vous ? Les publicains eux-m\u00eames n\u2019en font-ils pas autant ? Et si vous ne saluez que vos fr\u00e8res, que faites-vous d\u2019extraordinaire ? Les pa\u00efens eux-m\u00eames n\u2019en font-ils pas autant ? Vous donc, vous serez parfaits comme votre P\u00e8re c\u00e9leste est parfait (Mt\u00a05,44-48).\u00a0\u00bb<\/span><\/p>\n<p><span style=\"color: #000000;\">\u00ab\u00a0Vous \u00e9tiez errants comme des brebis\u00a0\u00bb, nous disait saint Pierre dans la deuxi\u00e8me lecture. Saint Paul, lui, parle \u00ab\u00a0des petits enfants [se] laissant secouer et mener \u00e0 la d\u00e9rive par tous les courants d\u2019id\u00e9es (Ep\u00a04,14).\u00a0\u00bb<\/span><\/p>\n<p><span style=\"color: #000000;\">Faire comme tout le monde, aller dans le sens du courant, c&rsquo;est l\u00e0 le style des brebis errantes. Au contraire, nous pouvons de temps \u00e0 autre faire une relecture de vie avec ces questions toutes simples\u00a0: \u00ab\u00a0Moi qui suis disciple du Christ, est-ce que ma vie est diff\u00e9rente de celle des autres\u00a0?\u00a0\u00bb ou encore\u00a0: \u00ab\u00a0Qu&rsquo;est-ce qui serait diff\u00e9rent dans ma vie si je n&rsquo;\u00e9tais pas disciple du Christ\u00a0?\u00a0\u00bb<\/span><\/p>\n<p><span style=\"color: #000000;\">Voil\u00e0 pour les brebis errantes. Et maintenant, plus important\u00a0: qu&rsquo;est-ce qui caract\u00e9rise le style du disciple\u00a0?<\/span><\/p>\n<p><span style=\"color: #000000;\">En premier lieu, le disciple est toujours \u00e0 l&rsquo;\u00e9coute de la voix du Ma\u00eetre, c&rsquo;est-\u00e0-dire le Christ. Il est \u00ab\u00a0le berger des brebis. Le portier lui ouvre et les brebis \u00e9coutent sa voix.\u00a0\u00bb Cela veut dire que le disciple ne peut pas faire l&rsquo;\u00e9conomie de la pri\u00e8re, une pri\u00e8re qui consiste en un temps quotidien consacr\u00e9 uniquement \u00e0 \u00e9couter la voix du Seigneur. Oraison silencieuse, m\u00e9ditation de l&rsquo;\u00c9criture, chapelet, liturgie des heures, les m\u00e9thodes sont diverses, \u00e0 chacun de trouver la sienne. Instruit par le Ma\u00eetre, le disciple devient alors capable de poser un regard ajust\u00e9 sur le monde \u00e0 l&rsquo;aune de l&rsquo;Evangile\u00a0: ce qui est bon et qui fait vivre, ce qui au contraire conduit sur un chemin de mort. On est alors bien loin des brebis errantes qui, au contraire, jugent l&rsquo;\u00c9vangile et l&rsquo;\u00c9glise \u00e0 l&rsquo;aune des crit\u00e8res du monde.<\/span><\/p>\n<p><span style=\"color: #000000;\">Deuxi\u00e8mement, le disciple est invit\u00e9 \u00e0 suivre le chemin trac\u00e9 par le Ma\u00eetre. \u00ab\u00a0C&rsquo;est bien \u00e0 cela que vous avez \u00e9t\u00e9 appel\u00e9s, nous disait saint Pierre, car c&rsquo;est pour vous que le Christ, lui aussi, a souffert\u00a0; il vous a laiss\u00e9 un mod\u00e8le afin que vous suiviez ses traces.\u00a0\u00bb \u00c0 la suite du ma\u00eetre, le disciple refuse absolument de donner prise au p\u00e9ch\u00e9, au mensonge, \u00e0 l&rsquo;insulte, \u00e0 la violence, et il sait qu&rsquo;il risque de rencontrer la contradiction et la souffrance. Le disciple n&rsquo;a pas \u00e0 rechercher la souffrance et la mort, mais il ne craint pas de l&rsquo;affronter si c&rsquo;est le seul moyen de rester fid\u00e8le \u00e0 son Ma\u00eetre. C&rsquo;est pr\u00e9cis\u00e9ment ce que vivent nos fr\u00e8res pers\u00e9cut\u00e9s.<\/span><\/p>\n<p><span style=\"color: #000000;\">Toutefois, et c&rsquo;est la troisi\u00e8me marque du style du disciple, il vit dans une profonde confiance\u00a0: \u00ab\u00a0Le Seigneur est mon berger, je ne manque de rien.\u00a0\u00bb Le disciple sait que le Seigneur ne lui demande pas d&rsquo;accomplir des prouesses, d&rsquo;\u00eatre irr\u00e9prochable, impeccable, mais seulement de suivre humblement le chemin trac\u00e9 par le berger, s\u00fbr de sa mis\u00e9ricorde et de sa tendresse pour chacun et chacune. S&rsquo;il vient \u00e0 traverser les ravins de la mort, s&rsquo;il vient \u00e0 tr\u00e9bucher, une fois, deux fois, cent fois, il sait que le berger est toujours l\u00e0, tout proche, plein de tendresse et\u00a0 de mis\u00e9ricorde, pour le relever et le remettre sur le bon chemin.<\/span><\/p>\n<p><span style=\"color: #000000;\">Pour mieux saisir ce dernier point, je recours \u00e0 nouveau \u00e0 une derni\u00e8re anecdote. Apr\u00e8s que j&rsquo;avais pr\u00each\u00e9 sur la mis\u00e9ricorde, quelqu&rsquo;un m&rsquo;a dit, railleur\u00a0: \u00ab\u00a0Oh moi, je vis ma vie <em>comme je veux<\/em>\u00a0; Dieu est mis\u00e9ricorde, pas vrai\u00a0?\u00a0\u00bb<\/span><\/p>\n<p><span style=\"color: #000000;\">Bien diff\u00e9rente est la parole qui guide le disciple fid\u00e8le\u00a0: \u00ab\u00a0Sur les traces du Seigneur J\u00e9sus, le Bon Pasteur, je fais <em>comme je peux<\/em> \u2013 ni plus, ni moins \u2013 et, pour le reste, je sais que Dieu n&rsquo;est qu&rsquo;amour et mis\u00e9ricorde.\u00a0\u00bb<\/span><\/p>\n<p><span style=\"color: #000000;\">Fr\u00e8res et s\u0153urs, que le Bon Pasteur nous accorde les pr\u00eatres dont nous avons besoin, et qu&rsquo;il fasse de nous tous de vrais disciples. Amen.<\/span><\/p>\n<p style=\"text-align: right;\"><em><span style=\"color: #000000;\">P\u00e8re Alexandre-Marie Valder<\/span><\/em><\/p>\n","protected":false},"excerpt":{"rendered":"<p>Fr\u00e8res et s\u0153urs, en ce dimanche dit du Bon Pasteur, nous sommes invit\u00e9s \u00e0 prier le Seigneur de donner \u00e0 notre \u00c9glise dioc\u00e9saine les pr\u00eatres dont elle a besoin. Ev\u00eaque, pr\u00eatres, diacres, consacr\u00e9s, fid\u00e8les du Christ la\u00efcs, tous sont indispensables \u00e0 l&rsquo;\u00c9glise, tous sont sanctifi\u00e9s par le m\u00eame bapt\u00eame. Augustin s&rsquo;adressait \u00e0 son peuple ainsi\u00a0:&hellip; <br \/> <a class=\"read-more\" href=\"https:\/\/paroisses-nancy-sud.fr\/HOME\/tout-ce-qui-bele-nest-pas-brebis-2\/\">Lire la suite<\/a><\/p>\n","protected":false},"author":9,"featured_media":290,"comment_status":"closed","ping_status":"open","sticky":false,"template":"","format":"standard","meta":[],"categories":[9],"tags":[],"acf":[],"_links":{"self":[{"href":"https:\/\/paroisses-nancy-sud.fr\/HOME\/wp-json\/wp\/v2\/posts\/2966"}],"collection":[{"href":"https:\/\/paroisses-nancy-sud.fr\/HOME\/wp-json\/wp\/v2\/posts"}],"about":[{"href":"https:\/\/paroisses-nancy-sud.fr\/HOME\/wp-json\/wp\/v2\/types\/post"}],"author":[{"embeddable":true,"href":"https:\/\/paroisses-nancy-sud.fr\/HOME\/wp-json\/wp\/v2\/users\/9"}],"replies":[{"embeddable":true,"href":"https:\/\/paroisses-nancy-sud.fr\/HOME\/wp-json\/wp\/v2\/comments?post=2966"}],"version-history":[{"count":1,"href":"https:\/\/paroisses-nancy-sud.fr\/HOME\/wp-json\/wp\/v2\/posts\/2966\/revisions"}],"predecessor-version":[{"id":2967,"href":"https:\/\/paroisses-nancy-sud.fr\/HOME\/wp-json\/wp\/v2\/posts\/2966\/revisions\/2967"}],"wp:featuredmedia":[{"embeddable":true,"href":"https:\/\/paroisses-nancy-sud.fr\/HOME\/wp-json\/wp\/v2\/media\/290"}],"wp:attachment":[{"href":"https:\/\/paroisses-nancy-sud.fr\/HOME\/wp-json\/wp\/v2\/media?parent=2966"}],"wp:term":[{"taxonomy":"category","embeddable":true,"href":"https:\/\/paroisses-nancy-sud.fr\/HOME\/wp-json\/wp\/v2\/categories?post=2966"},{"taxonomy":"post_tag","embeddable":true,"href":"https:\/\/paroisses-nancy-sud.fr\/HOME\/wp-json\/wp\/v2\/tags?post=2966"}],"curies":[{"name":"wp","href":"https:\/\/api.w.org\/{rel}","templated":true}]}}