{"id":2969,"date":"2023-05-05T14:50:29","date_gmt":"2023-05-05T12:50:29","guid":{"rendered":"https:\/\/paroisses-nancy-sud.fr\/HOME\/?p=2969"},"modified":"2023-05-05T16:52:57","modified_gmt":"2023-05-05T14:52:57","slug":"annonces-de-la-paroisse-de-la-visitation-du-7-mai","status":"publish","type":"post","link":"https:\/\/paroisses-nancy-sud.fr\/HOME\/annonces-de-la-paroisse-de-la-visitation-du-7-mai\/","title":{"rendered":"Annonces de la paroisse de la Visitation du 7 mai"},"content":{"rendered":"\n<p><span style=\"color: #000000;\"><strong><span style=\"text-decoration: underline;\">Bapt\u00eames :<\/span><\/strong> Samedi, Th\u00e9a, recevra le sacrement de bapt\u00eame en l\u2019\u00e9glise de M\u00e9r\u00e9ville,<\/span><br \/><span style=\"color: #000000;\">Dimanche, Alessio, Louise et Thibaud, recevront le sacrement de bapt\u00eame, en l\u2019\u00e9glise de Neuves-Maisons. Prions pour eux et leurs familles.<\/span><\/p>\n<p><span style=\"color: #000000;\"><span style=\"text-decoration: underline;\"><strong>Samedi 6 mai, les confirmands<\/strong><\/span> se r\u00e9unissent \u00e0 Jarville de 13h45 \u00e0 20H, les parents sont invit\u00e9s \u00e0 les rejoindre \u00e0 la messe de 19h00.<\/span><\/p>\n<p><span style=\"color: #000000;\"><strong><span style=\"text-decoration: underline;\">Qu\u00eate charges paroissiales<\/span> <\/strong>: dimanche 06 mai, comme tous les premiers dimanches du mois, une qu\u00eate est assur\u00e9e pour les charges paroissiales.<\/span><\/p>\n<p><span style=\"color: #000000;\"><strong><span style=\"text-decoration: underline;\">Mardi 9 mai \u00e0 20h30,<\/span> <\/strong>r\u00e9union \u00e0 la maison paroissiale pour les parents dont les enfants feront leur premi\u00e8re communion \u00e0 Neuves-Maisons le 11 juin et \u00e0 Viterne le 18 juin.<\/span><\/p>\n<p><span style=\"color: #000000;\"><span style=\"text-decoration: underline;\"><strong>Jeudi 11 mai,<\/strong><\/span> journ\u00e9e \u00e0 Benoite-Vaux, sur le th\u00e8me de Vivre l\u2019\u00c9vangile avec Marie aujourd\u2019hui, qui r\u00e9unira l\u2019ensemble des \u00e9quipes du rosaire de notre dioc\u00e8se.<\/span><\/p>\n<p><span style=\"color: #000000;\"><b class=\"x_ContentPasted0_oo_editor_Editor_2_sandBox\"><span style=\"text-decoration: underline;\">Temps fort pour les jeunes se pr\u00e9parant \u00e0 la profession de foi, le samedi 13 mai \u00e0 9h30 \u00e0 Sion<\/span>. <\/b><span class=\"x_ContentPasted0_oo_editor_Editor_2_sandBox\">Les parents sont invit\u00e9s \u00e0 rejoindre les jeunes pour la messe \u00e0 14H.<\/span><\/span><\/p>\n<p><span style=\"color: #000000;\"><strong><span style=\"text-decoration: underline;\">Dimanche 14 mai, \u00e0 15h30 \u00e0 l\u2019\u00e9glise de Faulx,<\/span><\/strong> aura lieu un concert avec des chants interpr\u00e9t\u00e9s par des pr\u00eatres du Burundi. Il sera donn\u00e9 au profit du projet de solidarit\u00e9 : amit\u00e9 Nancy-Git\u00e9ga. Une pr\u00e9sentation du Burundi y sera faite, une vente d\u2019articles en provenance du Burundi et de g\u00e2teaux faits maison sera propos\u00e9e.<\/span><\/p>\n<p><span style=\"color: #000000;\"><strong><span style=\"text-decoration: underline;\">Jeudi 18 mai 2023 \u00e0 15h30,<\/span> <\/strong>solennit\u00e9 de l\u2019Ascension du Seigneur, messe d\u2019installation de Mgr Pierre-Yves Michel comme \u00e9v\u00eaque de Nancy et Toul en la cath\u00e9drale Notre-Dame de l\u2019Annonciation de Nancy.<\/span><br \/><span style=\"color: #000000;\">De ce fait, la journ\u00e9e du secteur pastoral \u00e0 Sion est annul\u00e9e.<\/span><\/p>\n<p><span style=\"color: #000000;\">Ce m\u00eame jour de l&rsquo;Ascension, <strong>le temps fort cat\u00e9 des enfants de 2\u00e8me ann\u00e9e<\/strong> se pr\u00e9parant \u00e0 la premi\u00e8re communion se tiendra \u00e0 Ludres, le matin de 9h \u00e0 11h suivi de la messe.<\/span><\/p>\n<p><span style=\"color: #000000;\"><strong>La messe du jeudi de l\u2019Ascension 18 mai, aura lieu \u00e0 10h30 \u00e0 Neuves-Maisons.<\/strong><\/span><\/p>\n<p><span style=\"color: #000000;\"><span style=\"text-decoration: underline;\"><strong>Le 3 juin \u00e0 11h30 \u00e0 Ludres<\/strong> <\/span>les p\u00e8lerins d\u2019Annecy et tous les paroissiens qui le souhaitent, sont invit\u00e9s \u00e0 partager une messe d\u2019action de gr\u00e2ce puis un repas.<\/span><br \/><span style=\"color: #000000;\">Projection de photos.<\/span><\/p>\n<p><span style=\"color: #000000;\"><span style=\"text-decoration: underline;\"><strong>Les 03 et 04 juin, festival de musique \u00e0 Frolois.<br \/><\/strong><\/span>Le samedi \u00e0 20h30 : Stabat Mater, \u0153uvre musicale religieuse de Pergol\u00e8se, sous la direction de Vincent Tricarri.<\/span><br \/><span style=\"color: #000000;\">Le dimanche \u00e0 10h30 : Ma\u00eetrise du conservatoire du grand Nancy ; avec les \u00e9l\u00e8ves de l\u2019\u00e9cole de Frolois en avant premi\u00e8re.<\/span><br \/><span style=\"color: #000000;\">\u00e0 16h00 : Jazz avec l\u2019ensemble Can I you<\/span><\/p>\n<p><span style=\"color: #000000;\"><strong><span style=\"text-decoration: underline;\">Messes \u00e0 la Visitation<br \/><\/span><\/strong>Samedi 13 mai \u00e0 18h00 : Pierreville<\/span><br \/><span style=\"color: #000000;\">Dimanche 14 mai \u00e0 10h30 : Neuves-Maisons<\/span><\/p>\n<p><span style=\"color: #000000;\"><strong><span style=\"text-decoration: underline;\">Messes en semaine<br \/><\/span><\/strong>Jeudi : adoration \u00e0 16h00 et messe \u00e0 16h30 \u00e0 la chapelle.<\/span><br \/><span style=\"color: #000000;\">Vendredi : messe \u00e0 08h20 chez les s\u0153urs \u00e0 Bainville, 67 rue Jacques Callot<\/span><\/p>\n<p><span style=\"color: #000000;\"><strong><u>Permanences \u00e0 la maison paroissiale :<\/u><\/strong> <\/span><br \/><span style=\"color: #000000;\">Mardi de 14h \u00e0 16h30 et Samedi de 9h30 \u00e0 11h30<\/span><br \/><span style=\"color: #000000;\">tel : 03 83 47 25 54 \u2013 <em><strong>adresse mail<\/strong><\/em><strong> : <\/strong><a style=\"color: #000000;\" href=\"mailto:visitationmm@orange.fr\">visitationmm@orange.fr<\/a>\u00a0 <\/span><br \/><span style=\"color: #000000;\">Horaires des messes :\u00a0 <a style=\"color: #000000;\" href=\"https:\/\/messes.info\/\">messesinfo<\/a><em> (cliquer sur le lien)<\/em><\/span><\/p>\n","protected":false},"excerpt":{"rendered":"<p>Bapt\u00eames : Samedi, Th\u00e9a, recevra le sacrement de bapt\u00eame en l\u2019\u00e9glise de M\u00e9r\u00e9ville,Dimanche, Alessio, Louise et Thibaud, recevront le sacrement de bapt\u00eame, en l\u2019\u00e9glise de Neuves-Maisons. Prions pour eux et leurs familles. Samedi 6 mai, les confirmands se r\u00e9unissent \u00e0 Jarville de 13h45 \u00e0 20H, les parents sont invit\u00e9s \u00e0 les rejoindre \u00e0 la messe&hellip; <br \/> <a class=\"read-more\" href=\"https:\/\/paroisses-nancy-sud.fr\/HOME\/annonces-de-la-paroisse-de-la-visitation-du-7-mai\/\">Lire la suite<\/a><\/p>\n","protected":false},"author":5,"featured_media":471,"comment_status":"closed","ping_status":"open","sticky":false,"template":"","format":"standard","meta":[],"categories":[10],"tags":[],"acf":[],"_links":{"self":[{"href":"https:\/\/paroisses-nancy-sud.fr\/HOME\/wp-json\/wp\/v2\/posts\/2969"}],"collection":[{"href":"https:\/\/paroisses-nancy-sud.fr\/HOME\/wp-json\/wp\/v2\/posts"}],"about":[{"href":"https:\/\/paroisses-nancy-sud.fr\/HOME\/wp-json\/wp\/v2\/types\/post"}],"author":[{"embeddable":true,"href":"https:\/\/paroisses-nancy-sud.fr\/HOME\/wp-json\/wp\/v2\/users\/5"}],"replies":[{"embeddable":true,"href":"https:\/\/paroisses-nancy-sud.fr\/HOME\/wp-json\/wp\/v2\/comments?post=2969"}],"version-history":[{"count":3,"href":"https:\/\/paroisses-nancy-sud.fr\/HOME\/wp-json\/wp\/v2\/posts\/2969\/revisions"}],"predecessor-version":[{"id":2972,"href":"https:\/\/paroisses-nancy-sud.fr\/HOME\/wp-json\/wp\/v2\/posts\/2969\/revisions\/2972"}],"wp:featuredmedia":[{"embeddable":true,"href":"https:\/\/paroisses-nancy-sud.fr\/HOME\/wp-json\/wp\/v2\/media\/471"}],"wp:attachment":[{"href":"https:\/\/paroisses-nancy-sud.fr\/HOME\/wp-json\/wp\/v2\/media?parent=2969"}],"wp:term":[{"taxonomy":"category","embeddable":true,"href":"https:\/\/paroisses-nancy-sud.fr\/HOME\/wp-json\/wp\/v2\/categories?post=2969"},{"taxonomy":"post_tag","embeddable":true,"href":"https:\/\/paroisses-nancy-sud.fr\/HOME\/wp-json\/wp\/v2\/tags?post=2969"}],"curies":[{"name":"wp","href":"https:\/\/api.w.org\/{rel}","templated":true}]}}