{"id":2973,"date":"2023-05-05T17:18:02","date_gmt":"2023-05-05T15:18:02","guid":{"rendered":"https:\/\/paroisses-nancy-sud.fr\/HOME\/?p=2973"},"modified":"2023-05-05T17:18:02","modified_gmt":"2023-05-05T15:18:02","slug":"annonces-de-sainte-jeanne-de-chantal-et-saint-francois-de-sales-du-7-mai","status":"publish","type":"post","link":"https:\/\/paroisses-nancy-sud.fr\/HOME\/annonces-de-sainte-jeanne-de-chantal-et-saint-francois-de-sales-du-7-mai\/","title":{"rendered":"Annonces de Sainte-Jeanne-de-Chantal et Saint-Fran\u00e7ois-de-Sales du 7 mai"},"content":{"rendered":"\n<p><span style=\"color: #000000;\"><span style=\"text-decoration: underline;\"><strong>Qu\u00eate suppl\u00e9mentaire du premier dimanche du mois<br \/><\/strong><\/span><strong>Ce Samedi 6 mai et dimanche 7 mai, <\/strong>une qu\u00eate suppl\u00e9mentaire sera propos\u00e9e \u00e0 la sorties des messes, comme tous les premiers week-ends du mois, pour compl\u00e9ter les ressources permettant de subvenir aux besoins pastoraux et de fonctionnement de nos paroisses<\/span><\/p>\n<p><span style=\"color: #000000;\"><span style=\"text-decoration: underline;\"><strong>Pri\u00e8re pour la paix \u00e0 l\u2019occasion du 8 mai<br \/><\/strong><\/span><strong>Le lundi<\/strong> <strong>8 mai \u00e0 10h \u00e0 Heillecourt<\/strong>, \u00e0 l\u2019\u00e9glise, pri\u00e8re pour les victimes des guerres et pour la paix.<\/span><\/p>\n<p><span style=\"color: #000000;\"><span style=\"text-decoration: underline;\"><strong>Mois de mai, mois de Marie<\/strong>.<br \/><\/span>Les \u00c9quipes du Rosaire\u00a0de Jarville\u00a0et Fl\u00e9ville,\u00a0proposent de r\u00e9citer\u00a0et m\u00e9diter le chapelet.\u00a0Cette ann\u00e9e, certains lundis \u00e9tant f\u00e9ri\u00e9s, nous nous retrouverons<strong> le mardi 9 mai \u00e0 17h \u00e0 l\u2019\u00e9glise de\u00a0Fl\u00e9ville, les mardis 16 et 23 \u00e0 17h\u00a0\u00e0 la crypte de Jarville, et le 30 mai \u00e0 17h \u00e0 Richardm\u00e9nil<\/strong>.\u00a0Nous pensons ainsi toucher d\u2019autres personnes souhaitant prier avec nous.<\/span><\/p>\n<p><span style=\"color: #000000;\"><span style=\"text-decoration: underline;\"><strong>Pri\u00e8re des m\u00e8res<br \/><\/strong><\/span><strong style=\"font-size: revert;\">Le jeudi 11 mai \u00e0 17h15 \u00e0 Jarville, <\/strong><span style=\"font-size: revert;\">pri\u00e8re des m\u00e8res dans les salles paroissiales<\/span><strong style=\"font-size: revert;\">.<\/strong><\/span><\/p>\n<p><span style=\"color: #000000;\"><span style=\"text-decoration: underline;\"><strong>Temps de Louange<br \/><\/strong><\/span><strong>Le vendredi 12 mai \u00e0 20h30, \u00e0 Jarville<\/strong>, \u00e0 la crypte, soir\u00e9e chants et louange<\/span><\/p>\n<p><span style=\"color: #000000;\"><strong><span style=\"text-decoration: underline;\">Table ouverte du 2<sup>\u00e8me<\/sup> dimanche du mois<br \/><\/span><\/strong><strong>Le dimanche 14 mai \u00e0 midi \u00e0 Jarville, table ouverte. <\/strong>Chacun apporte de quoi partager, pour se retrouver en toute simplicit\u00e9, ne pas rester seul et partager un moment convivial\u00a0!<\/span><\/p>\n<p><span style=\"color: #000000;\"><span style=\"text-decoration: underline;\"><strong>R\u00e9union des parents pour la premi\u00e8re communion<br \/><\/strong><\/span><strong>Mardi 9 mai \u00e0 20h30 Neuves-Maisons, <\/strong>parents dont la premi\u00e8re communion des enfants a lieu \u00e0 Neuves-Maisons le 11 juin et \u00e0 Viterne le 18 juin.<strong>\u00a0 <\/strong><\/span><\/p>\n<p><span style=\"color: #000000;\"><span style=\"text-decoration: underline;\"><strong>Temps fort pour les jeunes de la profession de foi<br \/><\/strong><\/span><strong>Rendez-vous \u00e0 Sion le samedi 13 mai \u00e0 9h30 pour les jeunes se pr\u00e9parant \u00e0 la profession de foi <\/strong>(28 mai \u00e0 Jarville et \u00e0 Neuves-Maisons). Les parents sont invit\u00e9s \u00e0 rejoindre les jeunes pour la messe, \u00e0 14h.<\/span><\/p>\n<p><span style=\"color: #000000;\"><span style=\"text-decoration: underline;\"><strong>Conf\u00e9rence de l\u2019Association du Sacr\u00e9 C\u0153ur de Jarville<br \/><\/strong><\/span><strong>A<\/strong> <strong>Jarville le samedi 13 mai, \u00e0 16h <\/strong>une lecture comment\u00e9e des vitraux de l\u2019\u00e9glise, suivie d\u2019une conf\u00e9rence (Contexte historique, techniques du vitrail, histoire de l\u2019atelier) avec la pr\u00e9sence de membres de la section vitrail de l\u2019Association Lorraine des Arts du Feu (ALORAF).<\/span><br \/><span style=\"color: #000000;\">Merci de pr\u00e9voir 5\u20ac pour la visite et la conf\u00e9rence et un livret sera propos\u00e9 \u00e9galement \u00e0 5\u20ac.<\/span><\/p>\n<p><span style=\"color: #000000;\"><span style=\"text-decoration: underline;\"><strong>Horaires des messes dominicales des 13 et 14 mai 2023.\u00a0<br \/><\/strong><\/span><strong>Samedi 13 mai : 18h <\/strong>Heillecourt, Laneuveville, Pierreville<\/span><br \/><span style=\"color: #000000;\"><strong>Dimanche 14 mai : 10h <\/strong>Fl\u00e9ville, Flavigny <strong>\u00a0\u00a0\u00a0\u00a0\u00a0\u00a0\u00a0\u00a0\u00a0\u00a0\u00a0\u00a0\u00a0\u00a0\u00a0\u00a010h30<\/strong> Jarville<strong>, <\/strong>Neuves-Maisons<\/span><strong><span style=\"color: #000000;\"> \u00a0<\/span>\u00a0\u00a0\u00a0\u00a0\u00a0\u00a0\u00a0\u00a0\u00a0\u00a0<\/strong><\/p>\n<p><span style=\"color: #000000;\"><span style=\"text-decoration: underline;\"><strong>Accompagner nos \u00e9v\u00eaques\u00a0!<br \/><\/strong><\/span><strong>Notre nouvel \u00e9v\u00eaque, Monseigneur Pierre-Yves Michel, <\/strong>vous donne rendez-vous pour sa<strong> messe d\u2019installation officielle \u00e0 la cath\u00e9drale de Nancy, le jeudi 18 mai, solennit\u00e9 de l\u2019Ascension du Seigneur, \u00e0 15h30<\/strong>. Venez nombreux pour ce temps fort de notre dioc\u00e8se.<\/span><\/p>\n<p><span style=\"color: #000000;\"><span style=\"text-decoration: underline;\"><strong>Horaires des messes du 18 mai, f\u00eate de l\u2019Ascension.\u00a0<br \/><\/strong><\/span><strong>Jeudi 18 mai : 10h30 <\/strong>Heillecourt, Laneuveville, Neuves-Maisons<\/span><br \/><span style=\"color: #000000;\"><strong>15h30 \u00e0 la cath\u00e9drale de Nancy : messe d\u2019installation de notre \u00e9v\u00eaque<\/strong><strong style=\"font-size: revert;\">\u00a0Monseigneur Pierre-Yves MICHEL<\/strong><\/span><\/p>\n<p><span style=\"color: #000000;\"><span style=\"text-decoration: underline;\"><strong>Annulation du p\u00e8lerinage du 18 mai du secteur \u00e0 Sion.<br \/><\/strong><\/span>Le 18 mai nous devions aller \u00e0 Sion pour le p\u00e8lerinage annuel de notre secteur \u00e0 Sion. Mais <strong>l\u2019installation de notre nouvel \u00e9v\u00eaque se faisant \u00e0 15h30 \u00e0 la cath\u00e9drale de Nancy <\/strong>et pour permettre \u00e0 tous d\u2019y aller (\u00e9v\u00e9nement rare et important pour notre dioc\u00e8se) nous sommes au regret de devoir supprimer ce temps de rencontre et de pri\u00e8re de notre secteur\u00a0!<\/span><\/p>\n<p><span style=\"color: #000000;\"><strong>Le temps fort cat\u00e9 des enfants de 2<sup>\u00e8me<\/sup> ann\u00e9e se pr\u00e9parant \u00e0 la premi\u00e8re communion se tiendra \u00e0 Ludres, le matin de 9h \u00e0 11h suivi de la messe.\u00a0 <\/strong><\/span><\/p>\n<p><span style=\"color: #000000;\"><span style=\"text-decoration: underline;\"><strong>P\u00e8lerinage \u00e0 Annecy<br \/><\/strong><\/span><strong>Les p\u00e8lerins\u00a0sont de retour <\/strong>! <strong>Le 3 juin \u00e0 11h30 \u00e0 Ludres<\/strong> les p\u00e8lerins et tous les paroissiens qui le souhaitent, sont invit\u00e9s \u00e0 partager une messe d\u2019action de gr\u00e2ce puis un repas. Des photos seront projet\u00e9es.<\/span><\/p>\n<p><span style=\"text-decoration: underline; color: #000000;\"><strong>Autres Annonces<\/strong><\/span><\/p>\n<ul>\n<li><span style=\"color: #000000;\"><strong><span style=\"text-decoration: underline;\">Concert des pr\u00eatres et des religieuses du Burundi<\/span><br \/><\/strong><strong style=\"font-size: revert;\">Le dimanche 14 mai \u00e0 15h30 \u00e0 l\u2019\u00e9glise de Faulx<\/strong><span style=\"font-size: revert;\">, chants interpr\u00e9t\u00e9s par les pr\u00eatres et les religieuses du Burundi, vente d\u2019articles du Burundi et vente de g\u00e2teaux faits maison.<\/span><\/span><\/li>\n<li><span style=\"text-decoration: underline; color: #000000;\"><strong>Conf\u00e9rences :<\/strong><\/span><\/li>\n<\/ul>\n<p><span style=\"color: #000000;\"><strong>&#8211; Le 9 mai de 20h30 \u00e0 22h<\/strong> \u00e0 la maison dioc\u00e9saine de l\u2019Asn\u00e9e<em>\u00a0: \u2018\u2019Tous sauv\u00e9s dans l\u2019esp\u00e9rance \u2018\u2018\u00a0: <\/em>derni\u00e8re conf\u00e9rence du cycle de la formation continue de la foi, avec le fr\u00e8re Dominique Charles.<\/span><\/p>\n<p><span style=\"color: #000000;\"><strong>&#8211; Le 9 mai Conf\u00e9rence de Michel Maffesoli \u00e0 20h30 \u00e0<\/strong> la Maison de l\u2019Asn\u00e9e le th\u00e8me <em>\u2018\u2019l\u2019Ere des soul\u00e8vements\u2019\u2019\u00a0<\/em>: en sociologue du quotidien et l\u2019imaginaire, il d\u00e9chiffre les valeurs \u00e9mergentes de l\u2019\u00e9poque actuelle (gr\u00e8ves \u00e9meuti\u00e8res en cascade, contestation de la gestion de la pand\u00e9mie.)<\/span><\/p>\n<ul>\n<li><span style=\"text-decoration: underline; color: #000000;\"><strong>Cat\u00e9ch\u00e8se : <\/strong><strong>\u2018\u2019La cat\u00e9ch\u00e8se ce n\u2019est pas que les sacrements\u00a0!\u2019\u2019<\/strong><\/span><\/li>\n<\/ul>\n<p><span style=\"color: #000000;\"><strong>Le 13 mai de 9h30 \u00e0 16h\u00a0:<\/strong> Pour les cat\u00e9chistes, ceux qui accompagnent des enfants et tous les acteurs de la pastorale familiale. Comment initier ceux que nous accompagnons \u00e0 une vie chr\u00e9tienne qui survivra au cat\u00e9\u00a0? Quelles propositions\u00a0? \u00a0Quelle organisation\u00a0? avec quels outils\u00a0? avec qui et quand\u00a0?<\/span><\/p>\n<ul>\n<li><span style=\"color: #000000;\"><span style=\"text-decoration: underline;\"><strong>Cyfori : <\/strong><strong><em>La\u00efcit\u00e9, chartes, projets d\u2019aum\u00f4nerie, rapports d\u2019activit\u00e9, l\u00e9gislation<br \/><\/em><\/strong><\/span><strong style=\"font-size: revert;\">Le 12 mai de 9h30 \u00e0 16h30 \u00e0 Metz, maison dioc\u00e9saine de Metz 4 av Jean XXIII.<\/strong><\/span><\/li>\n<li><span style=\"text-decoration: underline; color: #000000;\"><strong>Temps de pri\u00e8re<\/strong><\/span><\/li>\n<\/ul>\n<p><span style=\"color: #000000;\"><strong>&#8211; Le 13 mai \u00e0 18h30 \u00e0 la <\/strong><strong>basilique St Epvre, veill\u00e9e d\u2019adoration pour nos fr\u00e8res chr\u00e9tiens de Terre Sainte<\/strong> \u00e0 l\u2019invitation de la commanderie St Cl\u00e9ment de Lorraine.<\/span><\/p>\n<p><span style=\"color: #000000;\"><strong><em>\u00a0<\/em><\/strong><strong><em>&#8211; \u00ab\u00a0Qui vous accueille m\u2019accueille ; et qui m\u2019accueille accueille Celui qui m\u2019a envoy\u00e9\u00a0\u00bb (Mt, 10.40<\/em><\/strong><strong><em>)\u00a0: <\/em><\/strong><strong>Le 17 mai \u00e0 19h en l\u2019\u00c9glise Saint S\u00e9bastien de Nancy : Le dioc\u00e8se de Nancy-Toul via son service Homosexualit\u00e9 et vie chr\u00e9tienne<\/strong> organise un temps de pri\u00e8re pour et avec les personnes homosexuelles et transsexuelles et leurs proches.<\/span><\/p>\n<p style=\"text-align: center;\"><span style=\"color: #000000;\"><em>\u2018<strong>\u2019La Parole vient souvent nous visiter mais en ces jours-l\u00e0 nous sommes rarement \u00e0 la maison\u2019\u2019<\/strong> <\/em><\/span><\/p>\n<p style=\"text-align: center;\"><span style=\"color: #000000;\">Jean DEBRUYNNE (1925-2006) (pr\u00eatre de la mission de France, aum\u00f4nier des guides et scouts de France, \u00e9crivain, \u00e9ditorialiste, po\u00e8te fran\u00e7ais, po\u00e8te)<\/span><\/p>\n","protected":false},"excerpt":{"rendered":"<p>Qu\u00eate suppl\u00e9mentaire du premier dimanche du moisCe Samedi 6 mai et dimanche 7 mai, une qu\u00eate suppl\u00e9mentaire sera propos\u00e9e \u00e0 la sorties des messes, comme tous les premiers week-ends du mois, pour compl\u00e9ter les ressources permettant de subvenir aux besoins pastoraux et de fonctionnement de nos paroisses Pri\u00e8re pour la paix \u00e0 l\u2019occasion du 8&hellip; <br \/> <a class=\"read-more\" href=\"https:\/\/paroisses-nancy-sud.fr\/HOME\/annonces-de-sainte-jeanne-de-chantal-et-saint-francois-de-sales-du-7-mai\/\">Lire la suite<\/a><\/p>\n","protected":false},"author":5,"featured_media":2464,"comment_status":"closed","ping_status":"open","sticky":false,"template":"","format":"standard","meta":[],"categories":[7],"tags":[],"acf":[],"_links":{"self":[{"href":"https:\/\/paroisses-nancy-sud.fr\/HOME\/wp-json\/wp\/v2\/posts\/2973"}],"collection":[{"href":"https:\/\/paroisses-nancy-sud.fr\/HOME\/wp-json\/wp\/v2\/posts"}],"about":[{"href":"https:\/\/paroisses-nancy-sud.fr\/HOME\/wp-json\/wp\/v2\/types\/post"}],"author":[{"embeddable":true,"href":"https:\/\/paroisses-nancy-sud.fr\/HOME\/wp-json\/wp\/v2\/users\/5"}],"replies":[{"embeddable":true,"href":"https:\/\/paroisses-nancy-sud.fr\/HOME\/wp-json\/wp\/v2\/comments?post=2973"}],"version-history":[{"count":1,"href":"https:\/\/paroisses-nancy-sud.fr\/HOME\/wp-json\/wp\/v2\/posts\/2973\/revisions"}],"predecessor-version":[{"id":2974,"href":"https:\/\/paroisses-nancy-sud.fr\/HOME\/wp-json\/wp\/v2\/posts\/2973\/revisions\/2974"}],"wp:featuredmedia":[{"embeddable":true,"href":"https:\/\/paroisses-nancy-sud.fr\/HOME\/wp-json\/wp\/v2\/media\/2464"}],"wp:attachment":[{"href":"https:\/\/paroisses-nancy-sud.fr\/HOME\/wp-json\/wp\/v2\/media?parent=2973"}],"wp:term":[{"taxonomy":"category","embeddable":true,"href":"https:\/\/paroisses-nancy-sud.fr\/HOME\/wp-json\/wp\/v2\/categories?post=2973"},{"taxonomy":"post_tag","embeddable":true,"href":"https:\/\/paroisses-nancy-sud.fr\/HOME\/wp-json\/wp\/v2\/tags?post=2973"}],"curies":[{"name":"wp","href":"https:\/\/api.w.org\/{rel}","templated":true}]}}