{"id":2975,"date":"2023-05-06T22:12:43","date_gmt":"2023-05-06T20:12:43","guid":{"rendered":"https:\/\/paroisses-nancy-sud.fr\/HOME\/?p=2975"},"modified":"2023-05-06T22:12:43","modified_gmt":"2023-05-06T20:12:43","slug":"mois-de-mai-mois-de-marie","status":"publish","type":"post","link":"https:\/\/paroisses-nancy-sud.fr\/HOME\/mois-de-mai-mois-de-marie\/","title":{"rendered":"Mois de mai, mois de Marie"},"content":{"rendered":"\n<p><span style=\"color: #000000;\">Pourquoi le mois de mai est-il associ\u00e9 \u00e0 la Vierge Marie\u00a0?<\/span><\/p>\n<p><span style=\"color: #000000;\">Question difficile\u00a0! En effet, d\u00e8s le Moyen Age, on retrouve cette tradition et pourtant \u00e0 cette \u00e9poque, il n\u2019existe aucune f\u00eate mariale au mois de mai dans le calendrier liturgique. La visitation de Marie \u00e0 sa cousine Elisabeth n\u2019est f\u00eat\u00e9e le 31 mai, que depuis 1969, c\u2019est-\u00e0-dire apr\u00e8s le concile Vatican II\u00a0!<br \/>L\u2019explication r\u00e9side sans doute dans le cycle des saisons.<\/span><br \/><span style=\"color: #000000;\">Le mois de mai est celui o\u00f9 la beaut\u00e9 de la nature s\u2019exprime pleinement. Plusieurs images ou tableaux montrent des personnes venues d\u00e9corer les statues mariales avec des fleurs printani\u00e8res ou des branchages remplis de bourgeons \u00e0 cette p\u00e9riode de l\u2019ann\u00e9e.<\/span><\/p>\n<p><span style=\"color: #000000;\">\u00a0Au 13<sup>\u00e8me<\/sup> si\u00e8cle, cette d\u00e9votion est pr\u00e9sente dans la pi\u00e9t\u00e9 populaire et s\u2019est poursuivie au fil des si\u00e8cles suivants avant d\u2019\u00eatre finalement approuv\u00e9e par Pie VII en 1815.<\/span><\/p>\n<p><span style=\"color: #000000;\">Aujourd\u2019hui,\u00a0comment vivre spirituellement, ce mois de mai\u00a0d\u00e9di\u00e9 \u00e0 Marie<\/span> <span style=\"color: #000000;\">?\u00a0<\/span><\/p>\n<p><span style=\"color: #000000;\">Nous pouvons d\u00e9poser, chez nous, si ce n\u2019est d\u00e9j\u00e0 fait, une image ou une statue de la Vierge dans notre coin pri\u00e8re. Ce mois de mai est l\u00e0 pour nous inviter, dans la simplicit\u00e9, \u00e0 mettre la m\u00e8re de J\u00e9sus au c\u0153ur de nos pri\u00e8res et de nos pens\u00e9es quotidiennes afin qu\u2019elle nous accompagne sur notre route. Cette d\u00e9votion \u00e0 Marie nous guide vers J\u00e9sus et nous rapproche vraiment de lui.<\/span><\/p>\n<p><span style=\"color: #000000;\">Le mois de mai peut aussi \u00eatre l\u2019occasion, qui nous est offerte, de red\u00e9couvrir la richesse de la pri\u00e8re traditionnelle du chapelet qui est avant tout une m\u00e9ditation de la vie de J\u00e9sus avec Marie. Plusieurs fa\u00e7ons possibles de dire ce chapelet\u00a0: seul ou \u00e0 plusieurs, \u00e0 la maison ou dans la nature, dans le silence de l\u2019\u00e9glise ou dans le bruit de la circulation urbaine, lors des temps pr\u00e9vus dans notre paroisse ou au volant de notre voiture.<\/span><\/p>\n<p><span style=\"color: #000000;\">Si certains appr\u00e9cient la r\u00e9p\u00e9tition des \u00ab\u00a0je-vous-salue-Marie\u00a0\u00bb d\u2019autres reprochent \u00e0 cette pri\u00e8re d\u2019\u00eatre ennuyeuse, mais n\u2019est-elle pas plut\u00f4t une manifestation d\u2019amour et de confiance, sans limite, \u00e0 l\u2019\u00e9gard de celle qui a simplement su, un jour, dire \u00ab\u00a0OUI\u00a0\u00bb \u00e0 Dieu\u00a0?<\/span><\/p>\n<p>\u00a0<span style=\"color: #000000;\">Ce <em>OUI <\/em>du jour de l\u2019Annonciation \u00e9tait certainement, en amont, pr\u00e9par\u00e9 par tous les <em>oui<\/em> de la pri\u00e8re fid\u00e8le de Marie, et il s\u2019est r\u00e9p\u00e9t\u00e9 ensuite incessamment. Nos pri\u00e8res \u00e0 Marie s\u2019inscrivent maintenant dans son <em>oui<\/em> \u00e0 la volont\u00e9 de Dieu venu nous donner son amour salvateur.\u00a0\u00a0<\/span><\/p>\n<p style=\"text-align: right;\"><span style=\"color: #000000;\"><em>Equipe liturgique de Saint-Fran\u00e7ois-de-Sales <\/em><\/span><\/p>\n","protected":false},"excerpt":{"rendered":"<p>Pourquoi le mois de mai est-il associ\u00e9 \u00e0 la Vierge Marie\u00a0? Question difficile\u00a0! En effet, d\u00e8s le Moyen Age, on retrouve cette tradition et pourtant \u00e0 cette \u00e9poque, il n\u2019existe aucune f\u00eate mariale au mois de mai dans le calendrier liturgique. La visitation de Marie \u00e0 sa cousine Elisabeth n\u2019est f\u00eat\u00e9e le 31 mai, que&hellip; <br \/> <a class=\"read-more\" href=\"https:\/\/paroisses-nancy-sud.fr\/HOME\/mois-de-mai-mois-de-marie\/\">Lire la suite<\/a><\/p>\n","protected":false},"author":5,"featured_media":523,"comment_status":"closed","ping_status":"open","sticky":false,"template":"","format":"standard","meta":[],"categories":[6],"tags":[],"acf":[],"_links":{"self":[{"href":"https:\/\/paroisses-nancy-sud.fr\/HOME\/wp-json\/wp\/v2\/posts\/2975"}],"collection":[{"href":"https:\/\/paroisses-nancy-sud.fr\/HOME\/wp-json\/wp\/v2\/posts"}],"about":[{"href":"https:\/\/paroisses-nancy-sud.fr\/HOME\/wp-json\/wp\/v2\/types\/post"}],"author":[{"embeddable":true,"href":"https:\/\/paroisses-nancy-sud.fr\/HOME\/wp-json\/wp\/v2\/users\/5"}],"replies":[{"embeddable":true,"href":"https:\/\/paroisses-nancy-sud.fr\/HOME\/wp-json\/wp\/v2\/comments?post=2975"}],"version-history":[{"count":2,"href":"https:\/\/paroisses-nancy-sud.fr\/HOME\/wp-json\/wp\/v2\/posts\/2975\/revisions"}],"predecessor-version":[{"id":2977,"href":"https:\/\/paroisses-nancy-sud.fr\/HOME\/wp-json\/wp\/v2\/posts\/2975\/revisions\/2977"}],"wp:featuredmedia":[{"embeddable":true,"href":"https:\/\/paroisses-nancy-sud.fr\/HOME\/wp-json\/wp\/v2\/media\/523"}],"wp:attachment":[{"href":"https:\/\/paroisses-nancy-sud.fr\/HOME\/wp-json\/wp\/v2\/media?parent=2975"}],"wp:term":[{"taxonomy":"category","embeddable":true,"href":"https:\/\/paroisses-nancy-sud.fr\/HOME\/wp-json\/wp\/v2\/categories?post=2975"},{"taxonomy":"post_tag","embeddable":true,"href":"https:\/\/paroisses-nancy-sud.fr\/HOME\/wp-json\/wp\/v2\/tags?post=2975"}],"curies":[{"name":"wp","href":"https:\/\/api.w.org\/{rel}","templated":true}]}}