{"id":2991,"date":"2023-05-13T23:24:18","date_gmt":"2023-05-13T21:24:18","guid":{"rendered":"https:\/\/paroisses-nancy-sud.fr\/HOME\/?p=2991"},"modified":"2023-05-12T23:44:46","modified_gmt":"2023-05-12T21:44:46","slug":"annonces-du-13-mai-paroisses-saint-francois-de-sales-et-sainte-jeanne-de-chantal","status":"publish","type":"post","link":"https:\/\/paroisses-nancy-sud.fr\/HOME\/annonces-du-13-mai-paroisses-saint-francois-de-sales-et-sainte-jeanne-de-chantal\/","title":{"rendered":"Annonces du 13 mai paroisses Saint-Fran\u00e7ois-de-Sales et Sainte-Jeanne-de-Chantal"},"content":{"rendered":"\n<p><strong>\u00a0 \u00a0 \u00a0 \u00a0 \u00a0 \u00a0 \u00a0 \u00a0 \u00a0 \u00a0 \u00a0 \u00a0\u00a0<\/strong><\/p>\n<ul style=\"list-style-type: disc;\">\n<li><span style=\"color: #000000;\"><strong>Table ouverte :\u00a0 Le dimanche 14 mai \u00e0 midi \u00e0 Jarville, table ouverte. <\/strong>Chacun apporte de quoi partager, pour se retrouver en toute simplicit\u00e9, ne pas rester seul et partager un moment convivial !<\/span><\/li>\n<li><span style=\"color: #000000;\"><strong>Mois de mai, mois de Marie<\/strong> :Les \u00c9quipes du Rosaire de Jarville et Fl\u00e9ville, proposent de r\u00e9citer et m\u00e9diter le chapelet. Nous nous retrouverons les mardis 16 et 23 \u00e0 17h \u00e0 la crypte de Jarville, et le 30 mai \u00e0 17h \u00e0 Richardm\u00e9nil. Bienvenue aux personnes qui souhaitent d\u00e9couvrir cette pri\u00e8re.<\/span><\/li>\n<li><span style=\"color: #000000;\"><strong>Rencontre de l\u2019EAP (Equipe d\u2019Animation pastorale) de Ste-Jeanne-de-Chantal : <\/strong><strong style=\"font-size: revert;\">Mardi 16 mai, \u00e0 14h15 \u00e0 Ludres<\/strong><span style=\"font-size: revert;\">, r\u00e9union de l\u2019\u00e9quipe d\u2019animation pastorale. Faire le point, pr\u00e9parer la fin de cette ann\u00e9e et anticiper sur la prochaine rentr\u00e9e\u00a0!\u00a0<\/span><\/span><\/li>\n<li><span style=\"color: #000000;\"><strong>Accueillir notre nouvel \u00e9v\u00eaque : <\/strong>Vous \u00eates tous invit\u00e9s \u00e0 vivre un grand temps fort dioc\u00e9sain : venez accueillir votre nouvel \u00e9v\u00eaque<strong style=\"font-size: revert;\">, Monseigneur Pierre-Yves Michel, <\/strong><span style=\"font-size: revert;\">lors de sa<\/span><strong style=\"font-size: revert;\"> messe d\u2019installation, le jeudi 18 mai, \u00e0 15h30, \u00e0 la cath\u00e9drale de Nancy<\/strong><span style=\"font-size: revert;\">. <\/span>\u00c0 l\u2019issue de la c\u00e9l\u00e9bration, un verre de l\u2019amiti\u00e9 sera servi dans le grand hall de l\u2019h\u00f4tel de ville. Pour ceux qui ne pourront s\u2019y rendre, la messe sera retransmise en direct : en vid\u00e9o sur le site, la cha\u00eene YouTube et la page Facebook du dioc\u00e8se de Nancy et Toul, ainsi que sur la radio RCF Lorraine Nancy. Retrouvez toutes les informations sur le site du dioc\u00e8se.<\/span><\/li>\n<li><span style=\"color: #000000;\"><strong>Horaires des messes du 18 mai, f\u00eate de l\u2019Ascension : <\/strong><strong style=\"font-size: revert;\">Jeudi 18 mai : 10h30 <\/strong><span style=\"font-size: revert;\">Heillecourt, Laneuveville, Neuves-Maisons &#8211; <\/span><strong style=\"font-size: revert;\">15h30 \u00e0 la cath\u00e9drale de Nancy : messe d\u2019installation de notre \u00e9v\u00eaque <\/strong><strong style=\"font-size: revert;\">\u00a0Monseigneur Pierre-Yves MICHEL<\/strong><\/span><\/li>\n<li><span style=\"color: #000000;\"><strong>Annulation du p\u00e8lerinage du 18 mai du secteur \u00e0 Sion : <\/strong>Pour permettre \u00e0 tous de participer \u00e0 <strong style=\"font-size: revert;\">l\u2019installation de notre nouvel \u00e9v\u00eaque \u00e0 15h30 \u00e0 la cath\u00e9drale de Nancy, <\/strong><span style=\"font-size: revert;\">nous sommes au regret de devoir supprimer ce temps de d\u00e9tente et de pri\u00e8re annuel de notre secteur ! <\/span>Le temps fort cat\u00e9 des enfants de 2<sup>\u00e8me<\/sup><span style=\"font-size: revert;\"> ann\u00e9e se pr\u00e9parant \u00e0 la premi\u00e8re communion se tiendra \u00e0 Ludres, le matin de 9h \u00e0 11h suivi de la messe<\/span><\/span><\/li>\n<li><span style=\"color: #000000;\"><strong>Vente au b\u00e9n\u00e9fice des jeunes partant aux JMJ : <\/strong><strong style=\"font-size: revert;\">Le jeudi 18 mai \u00e0 Heillecourt, le dimanche 4 juin \u00e0 Ludres <\/strong><span style=\"font-size: revert;\">Louise et les jeunes proposeront des objets et des g\u00e2teaux \u00e0 la sortie des messes.<\/span><\/span><\/li>\n<li><span style=\"color: #000000;\"><strong>\u00a0Mariages, bapt\u00eames, profession de foi<\/strong><\/span><\/li>\n<li><span style=\"color: #000000;\"><strong>\u00a0 \u00a0 \u00a0 \u00a0 \u00a0 \u00a0 \u00a0 \u00a0Le samedi 20 mai \u00e0 Ludres, <\/strong>mariage de Cl\u00e9mence\u00a0 et de Jos\u00e9\u00a0<\/span><\/li>\n<li><span style=\"color: #000000;\"><strong>\u00a0 \u00a0 \u00a0 \u00a0 \u00a0 \u00a0 \u00a0 \u00a0Le dimanche 21 mai<\/strong>, quatre enfants recevront le bapt\u00eame <strong>\u00e0 Ludres<\/strong>: Alba , Louisa,\u00a0 \u00a0 \u00a0 \u00a0 \u00a0 \u00a0 \u00a0 \u00a0 \u00a0 \u00a0 \u00a0 \u00a0 \u00a0Olivia, Arnaud\u00a0 et Marilou\u00a0 <strong>\u00e0 Jarville<\/strong>.<\/span><\/li>\n<li><span style=\"color: #000000;\"><strong>\u00a0 \u00a0 \u00a0 \u00a0 \u00a0 \u00a0 \u00a0 \u00a0Le dimanche 28 mai, des jeunes de nos paroisses feront leur profession de foi \u00e0 Jarville. <\/strong>Nous nous r\u00e9jouissons pour eux et les portons dans notre pri\u00e8re.<\/span><\/li>\n<li><span style=\"color: #000000;\"><strong>\u00a0<\/strong><strong>\u00a0 Horaires des messes dominicales des 20 et 21 mai 2023. : <\/strong><strong style=\"font-size: revert;\">Samedi 20 mai : 18h <\/strong><span style=\"font-size: revert;\">Heillecourt, Laneuveville, Chaligny &#8211; <\/span><strong style=\"font-size: revert;\">Dimanche 21 mai : 10h <\/strong><span style=\"font-size: revert;\">Frolois\u00a0 &#8211;<\/span><strong style=\"font-size: revert;\">\u00a0 10h30<\/strong><span style=\"font-size: revert;\"> Jarville, Neuves-Maisons<\/span><strong style=\"font-size: revert;\">\u00a0 \u00a011h <\/strong><span style=\"font-size: revert;\">Ludres<\/span><strong style=\"font-size: revert;\">\u00a0 \u00a0 \u00a0\u00a0<\/strong><\/span><\/li>\n<li><span style=\"color: #000000;\"><strong>P\u00e8lerinage \u00e0 Annecy : <\/strong><strong style=\"font-size: revert;\">Le 3 juin \u00e0 11h30 \u00e0 Ludres<\/strong><span style=\"font-size: revert;\"> les p\u00e8lerins et tous les paroissiens qui le souhaitent, sont invit\u00e9s \u00e0 partager une <\/span><strong style=\"font-size: revert;\">messe d\u2019action de gr\u00e2ce<\/strong><span style=\"font-size: revert;\"> puis un repas. Des photos seront projet\u00e9es.<\/span><\/span><\/li>\n<li><span style=\"color: #000000;\"><strong>Eveil \u00e0 la foi : <\/strong>Exceptionnellement la derni\u00e8re s\u00e9ance d&rsquo;\u00e9veil \u00e0 la foi aura lieu <strong style=\"font-size: revert;\">le samedi 3 juin \u00e0 10h00 \u00e0 Jarville. <\/strong><span style=\"font-size: revert;\">Un petit go\u00fbter viendra cl\u00f4turer l&rsquo;ann\u00e9e. Merci de relayer cette date ! <\/span>Afin d&rsquo;organiser\u00a0au mieux la s\u00e9ance, merci de pr\u00e9venir en cas d&rsquo;indisponibilit\u00e9.<\/span><\/li>\n<li><span style=\"color: #000000;\"><strong>Autres Annonces\u00a0<\/strong><\/span><\/li>\n<\/ul>\n<ul style=\"list-style-type: circle;\">\n<li><span style=\"color: #000000;\"><strong>Concert des pr\u00eatres et des religieuses du Burundi : <\/strong><strong style=\"font-size: revert;\">Le dimanche 14 mai \u00e0 15h30 \u00e0 l\u2019\u00e9glise de Faulx<\/strong><span style=\"font-size: revert;\">, un moment festif avec les 9 pr\u00eatres et 7 religieuses du Burundi de notre dioc\u00e8se\u00a0: chants interpr\u00e9t\u00e9s par eux, vente d\u2019articles du Burundi et de g\u00e2teaux faits maison.<\/span><\/span><\/li>\n<li><span style=\"color: #000000;\"><strong>Temps de pri\u00e8re : <\/strong><strong style=\"font-size: revert;\"><em>\u00a0\u00ab Qui vous accueille m\u2019accueille ; et qui m\u2019accueille accueille Celui qui m\u2019a envoy\u00e9 \u00bb (Mt, 10.40) :<\/em><\/strong><strong style=\"font-size: revert;\">Le mercredi 17 mai \u00e0 19h <\/strong><span style=\"font-size: revert;\">en l\u2019\u00c9glise Saint S\u00e9bastien de Nancy<\/span><strong style=\"font-size: revert;\"> : Le dioc\u00e8se de Nancy-Toul via son service Homosexualit\u00e9 et vie chr\u00e9tienne<\/strong><span style=\"font-size: revert;\"> organise un temps de pri\u00e8re pour et avec les personnes homosexuelles et transsexuelles et leurs proches.<\/span><\/span><\/li>\n<li><span style=\"color: #000000;\"><strong>P\u00e8lerinage \u00ab Sur les pas de saint Pierre Fourier \u00e0 MATTAINCOURT \u00bb : <\/strong><strong style=\"font-size: revert;\">Dimanche 21 mai<\/strong><span style=\"font-size: revert;\"> \u00e0 l\u2019occasion du Jubil\u00e9 du 170<\/span><sup>\u00e8me<\/sup><span style=\"font-size: revert;\"> anniversaire de la Cons\u00e9cration de la basilique Saint-Pierre-Fourier de Mattaincourt et \u00e0 l\u2019approche de l\u2019anniversaire de sa canonisation (27 mai), la\u00a0<\/span><a style=\"font-size: revert; color: #000000;\" href=\"https:\/\/www.catholique-nancy.fr\/sites\/le-bon-pere-fourier-des-vosges\/\">Paroisse du Bon-P\u00e8re Fourier des Vosges<\/a><span style=\"font-size: revert;\"> vous propose un p\u00e8lerinage \u00e0 Mattaincourt (88) o\u00f9 le saint-patron de la paroisse fut cur\u00e9 de 1597 \u00e0 1632. Contact : 09 66 86 65 11- <\/span>10h45 : Chapelle Ronde \u2013 temps de pri\u00e8re &#8211; 12h : Office du Milieu du Jour \u00e0 la Basilique.14h-16h : Visite comment\u00e9e du Mus\u00e9e Saint-Pierre-Fourier (son ancien presbyt\u00e8re) et de la basilique.16h : Messe \u00e0 la basilique conc\u00e9l\u00e9br\u00e9e par l\u2019abb\u00e9 Didier Jacques et l\u2019abb\u00e9 Fran\u00e7ois-Marie Boucher, recteur de la basilique.<\/span><\/li>\n<li><span style=\"color: #000000;\"><strong>Confirmation des adultes du dioc\u00e8se :<\/strong><strong style=\"font-size: revert;\">Le samedi 27 mai \u00e0 18h en l\u2019\u00e9glise Sainte-Th\u00e9r\u00e8se \u00e0 Villers-l\u00e8s-Nancy<\/strong><span style=\"font-size: revert;\"> confirmation des adultes de notre dioc\u00e8se. Cette c\u00e9l\u00e9bration sera pr\u00e9sid\u00e9e par Monseigneur Pierre-Yves Michel, nouvel \u00e9v\u00eaque de Nancy et Toul.<\/span><\/span><\/li>\n<li><span style=\"color: #000000;\"><strong>Formation \u2018\u2019THEOFOR en \u00e9t\u00e9\u2019\u2019 du 30 juin (18h) au 5 juillet (17h30) 2023 \u00e0 la Crois\u00e9e D\u00e9couverte, REILLON<\/strong> 54450. : <strong style=\"font-size: revert;\">Pour tous les <\/strong><strong style=\"font-size: revert;\">membres<\/strong><span style=\"font-size: revert;\"> des \u00e9quipes paroissiales, des \u00e9quipes de pr\u00e9paration au bapt\u00eame, mariage, fun\u00e9railles, &#8211; Les acteurs de la liturgie, de la diaconie, de l\u2019annonce \u00e0 tous les \u00e2ges de la vie &#8211; les animateurs, accompagnateurs de mouvements, services dioc\u00e9sains &#8211; <\/span><strong style=\"font-size: revert;\">Une session de 5 jours sur les fondamentaux de la foi chr\u00e9tienne<\/strong><span style=\"font-size: revert;\"> durant laquelle seront abord\u00e9s les th\u00e8mes suivants : Croire, un acte de foi et r\u00e9v\u00e9lation chr\u00e9tienne \/ Approfondir l\u2019identit\u00e9 de J\u00e9sus-Christ \/ Ouvrir la bible et introduction aux sacrements \/ Aller \u00e0 la source : histoire de l\u2019\u00c9glise \/ Introduire \u00e0 l\u2019\u00e9thique. Les paroisses participent au financement. &#8211; <\/span>Des personnes de nos paroisses sont d\u00e9j\u00e0 en formation Th\u00e9ofor mais sur un cycle de 2 ans, les samedis. Ceci est une nouvelle proposition.\u00a0<\/span><\/li>\n<\/ul>\n<p>\u00a0<\/p>\n<p>\u00a0<\/p>\n<p>\u00a0<\/p>\n","protected":false},"excerpt":{"rendered":"<p>\u00a0 \u00a0 \u00a0 \u00a0 \u00a0 \u00a0 \u00a0 \u00a0 \u00a0 \u00a0 \u00a0 \u00a0\u00a0 Table ouverte :\u00a0 Le dimanche 14 mai \u00e0 midi \u00e0 Jarville, table ouverte. Chacun apporte de quoi partager, pour se retrouver en toute simplicit\u00e9, ne pas rester seul et partager un moment convivial ! Mois de mai, mois de Marie :Les \u00c9quipes du&hellip; <br \/> <a class=\"read-more\" href=\"https:\/\/paroisses-nancy-sud.fr\/HOME\/annonces-du-13-mai-paroisses-saint-francois-de-sales-et-sainte-jeanne-de-chantal\/\">Lire la suite<\/a><\/p>\n","protected":false},"author":6,"featured_media":2464,"comment_status":"closed","ping_status":"open","sticky":false,"template":"","format":"standard","meta":[],"categories":[7],"tags":[],"acf":[],"_links":{"self":[{"href":"https:\/\/paroisses-nancy-sud.fr\/HOME\/wp-json\/wp\/v2\/posts\/2991"}],"collection":[{"href":"https:\/\/paroisses-nancy-sud.fr\/HOME\/wp-json\/wp\/v2\/posts"}],"about":[{"href":"https:\/\/paroisses-nancy-sud.fr\/HOME\/wp-json\/wp\/v2\/types\/post"}],"author":[{"embeddable":true,"href":"https:\/\/paroisses-nancy-sud.fr\/HOME\/wp-json\/wp\/v2\/users\/6"}],"replies":[{"embeddable":true,"href":"https:\/\/paroisses-nancy-sud.fr\/HOME\/wp-json\/wp\/v2\/comments?post=2991"}],"version-history":[{"count":3,"href":"https:\/\/paroisses-nancy-sud.fr\/HOME\/wp-json\/wp\/v2\/posts\/2991\/revisions"}],"predecessor-version":[{"id":2994,"href":"https:\/\/paroisses-nancy-sud.fr\/HOME\/wp-json\/wp\/v2\/posts\/2991\/revisions\/2994"}],"wp:featuredmedia":[{"embeddable":true,"href":"https:\/\/paroisses-nancy-sud.fr\/HOME\/wp-json\/wp\/v2\/media\/2464"}],"wp:attachment":[{"href":"https:\/\/paroisses-nancy-sud.fr\/HOME\/wp-json\/wp\/v2\/media?parent=2991"}],"wp:term":[{"taxonomy":"category","embeddable":true,"href":"https:\/\/paroisses-nancy-sud.fr\/HOME\/wp-json\/wp\/v2\/categories?post=2991"},{"taxonomy":"post_tag","embeddable":true,"href":"https:\/\/paroisses-nancy-sud.fr\/HOME\/wp-json\/wp\/v2\/tags?post=2991"}],"curies":[{"name":"wp","href":"https:\/\/api.w.org\/{rel}","templated":true}]}}