{"id":2996,"date":"2023-05-12T23:58:35","date_gmt":"2023-05-12T21:58:35","guid":{"rendered":"https:\/\/paroisses-nancy-sud.fr\/HOME\/?p=2996"},"modified":"2023-05-12T23:58:35","modified_gmt":"2023-05-12T21:58:35","slug":"annonces-du-13-mai-de-la-visitation","status":"publish","type":"post","link":"https:\/\/paroisses-nancy-sud.fr\/HOME\/annonces-du-13-mai-de-la-visitation\/","title":{"rendered":"Annonces du 13 mai de la Visitation"},"content":{"rendered":"\n<p><span style=\"color: #000000;\"><strong>Dimanche 14 mai,<\/strong> bapt\u00eame de Lison en l\u2019\u00e9glise de Neuves-Maisons.<\/span><\/p>\n<p><span style=\"color: #000000;\"><strong>Samedi 27 mai<\/strong>, mariage d\u2019Ang\u00e9lina et de Jonathan en l\u2019\u00e9glise de Neuves-Maisons.\u00a0R\u00e9jouissons-nous et portons-les dans nos pri\u00e8res.<\/span><\/p>\n<p><span style=\"color: #000000;\"><strong>Samedi 13 mai \u00e0 9h30 \u00e0 Sion: temps fort pour les jeunes se pr\u00e9parant \u00e0 la profession de foi, \u00a0<\/strong>les parents sont invit\u00e9s \u00e0 rejoindre les jeunes pour la messe \u00e0 14H.<\/span><\/p>\n<p><span style=\"color: #000000;\"><strong>Dimanche 14 mai, \u00e0 15h30 <\/strong>\u00e0\u00a0 l\u2019\u00e9glise de Faulx, aura lieu un concert avec des chants interpr\u00e9t\u00e9s par des pr\u00eatres du Burundi. Il sera donn\u00e9 au profit du projet de solidarit\u00e9\u00a0: amiti\u00e9 Nancy-Git\u00e9ga. Une pr\u00e9sentation du Burundi y sera faite, une vente d\u2019articles en provenance du Burundi et de g\u00e2teaux faits maison sera propos\u00e9e.<\/span><\/p>\n<p><span style=\"color: #000000;\">Monseigneur Pierre-Yves Michel, nomm\u00e9 \u00e9v\u00eaque de Nancy et Toul, vous donne rendez-vous pour sa messe\u00a0d\u2019installation qui aura lieu\u00a0en la cath\u00e9drale Notre-Dame de l\u2019Annonciation de Nancy <strong>le jeudi 18 mai 2023, solennit\u00e9 de l\u2019Ascension du Seigneur, \u00e0 15h30.\u00a0<\/strong><strong>Venez nombreux \u00e0 ce temps fort de notre dioc\u00e8se !\u00a0<\/strong>\u00c0 l\u2019issue de la c\u00e9l\u00e9bration : verre de l\u2019amiti\u00e9\u00a0 dans le grand hall de l\u2019h\u00f4tel de ville.\u00a0Cette c\u00e9l\u00e9bration sera retransmise en direct sur les m\u00e9dias dioc\u00e9sains :\u00a0Site internet : <a style=\"color: #000000;\" href=\"https:\/\/www.youtube.com\/user\/diocesedenancy\">YouTube<\/a>\u00a0<a style=\"color: #000000;\" href=\"https:\/\/www.youtube.com\/user\/diocesedenancy\">https:\/\/www.youtube.com\/user\/diocesedenancy &#8211;\u00a0<\/a><\/span><\/p>\n<p><span style=\"color: #000000;\">et\u00a0<a style=\"color: #000000;\" href=\"https:\/\/www.facebook.com\/Eglise54\">Facebook<\/a>\u00a0: <a style=\"color: #000000;\" href=\"https:\/\/www.facebook.com\/Eglise54\">https:\/\/www.facebook.com\/Eglise54<\/a> et <a style=\"color: #000000;\" href=\"https:\/\/www.rcf.fr\/actualite\/journal-regional-0\">RCF Lorraine Nancy<\/a>.\u00a0De ce fait, <strong>la journ\u00e9e du secteur pastoral \u00e0 Sion est annul\u00e9e. <\/strong><\/span><\/p>\n<p>L<span style=\"color: #000000;\">a messe du jeudi de l\u2019Ascension 18 mai, aura lieu \u00e0 10h30 \u00e0 Neuves-Maisons.<\/span><\/p>\n<p>\u2026 <span style=\"color: #000000;\"><strong>Ce m\u00eame jour de l&rsquo;Ascension<\/strong>, le temps fort cat\u00e9 des enfants de 2<sup>\u00e8me<\/sup>\u00a0ann\u00e9e se pr\u00e9parant \u00e0 la premi\u00e8re communion se tiendra \u00e0 Ludres, le matin de 9h \u00e0 11h suivi de la messe.\u00a0\u00a0<\/span><\/p>\n<p><span style=\"color: #000000;\"><strong>Lundi 22 mai\u00a0: <\/strong>prochaine rencontre de lecture des onze premiers chapitres de la Gen\u00e8se, de 14h00 \u00e0 16h00, en 2 groupes, dans les salles paroissiales du RDC et des salles de cat\u00e9 \u00e0 Neuves-Maisons.<\/span><\/p>\n<p><span style=\"color: #000000;\"><strong>Samedi 27 mai \u00e0 18h\u00a0<\/strong>: Confirmations des adultes de notre dioc\u00e8se en l\u2019\u00e9glise Sainte-Th\u00e9r\u00e8se \u00e0 Villers-l\u00e8s-Nancy. Cette c\u00e9l\u00e9bration sera pr\u00e9sid\u00e9e par Monseigneur Pierre-Yves Michel, nouvel \u00e9v\u00eaque de Nancy et Toul.<\/span><\/p>\n<p><span style=\"color: #000000;\"><strong>Messes \u00e0 la Visitation :\u00a0<\/strong>Jeudi de l\u2019Ascension 18 mai \u00e0 10h30\u00a0: Neuves-Maisons<\/span><\/p>\n<p><span style=\"color: #000000;\">Samedi 20 mai \u00e0 18h00\u00a0: Chaligny<\/span><\/p>\n<p><span style=\"color: #000000;\">Dimanche 21 mai \u00e0 10h00\u00a0: Frolois et \u00e0 10h30\u00a0: Neuves-Maisons, f\u00eate de Fatima.<\/span><\/p>\n<p><span style=\"color: #000000;\">La messe sera anim\u00e9e par la communaut\u00e9 portugaise<\/span><\/p>\n<p><span style=\"color: #000000;\"><strong>Messes en semaine<em>\u00a0<\/em><\/strong><\/span><\/p>\n<p><span style=\"color: #000000;\">Vendredi\u00a0: messe \u00e0 08h20 chez les s\u0153urs \u00e0 Bainville, 67 rue Jacques Callot<\/span><\/p>\n<p><span style=\"color: #000000;\"><strong>\u00a0<\/strong><strong>Permanences \u00e0 la maison paroissiale\u00a0: <\/strong><\/span><\/p>\n<p><strong><span style=\"color: #000000;\">Mardi<\/span> de 14h \u00e0 16h30 et Samedi de 9h30 \u00e0 11h30<\/strong><\/p>\n<p><strong>03 83 47 25 54 \u2013 <\/strong><a href=\"mailto:visitationmm@orange.fr\"><strong>visitationmm@orange.fr<\/strong><\/a><\/p>\n<p><span style=\"color: #000000;\"><strong>Site Internet\u00a0: <\/strong><a style=\"color: #000000;\" href=\"https:\/\/paroisses-nancy-sud.fr\"><strong>https:\/\/paroisses-nancy-sud.fr<\/strong><\/a><strong>\u00a0 &#8211; messesinfo (horaires des messes)<\/strong><\/span><\/p>\n","protected":false},"excerpt":{"rendered":"<p>Dimanche 14 mai, bapt\u00eame de Lison en l\u2019\u00e9glise de Neuves-Maisons. Samedi 27 mai, mariage d\u2019Ang\u00e9lina et de Jonathan en l\u2019\u00e9glise de Neuves-Maisons.\u00a0R\u00e9jouissons-nous et portons-les dans nos pri\u00e8res. Samedi 13 mai \u00e0 9h30 \u00e0 Sion: temps fort pour les jeunes se pr\u00e9parant \u00e0 la profession de foi, \u00a0les parents sont invit\u00e9s \u00e0 rejoindre les jeunes pour&hellip; <br \/> <a class=\"read-more\" href=\"https:\/\/paroisses-nancy-sud.fr\/HOME\/annonces-du-13-mai-de-la-visitation\/\">Lire la suite<\/a><\/p>\n","protected":false},"author":6,"featured_media":472,"comment_status":"closed","ping_status":"open","sticky":false,"template":"","format":"standard","meta":[],"categories":[10],"tags":[],"acf":[],"_links":{"self":[{"href":"https:\/\/paroisses-nancy-sud.fr\/HOME\/wp-json\/wp\/v2\/posts\/2996"}],"collection":[{"href":"https:\/\/paroisses-nancy-sud.fr\/HOME\/wp-json\/wp\/v2\/posts"}],"about":[{"href":"https:\/\/paroisses-nancy-sud.fr\/HOME\/wp-json\/wp\/v2\/types\/post"}],"author":[{"embeddable":true,"href":"https:\/\/paroisses-nancy-sud.fr\/HOME\/wp-json\/wp\/v2\/users\/6"}],"replies":[{"embeddable":true,"href":"https:\/\/paroisses-nancy-sud.fr\/HOME\/wp-json\/wp\/v2\/comments?post=2996"}],"version-history":[{"count":1,"href":"https:\/\/paroisses-nancy-sud.fr\/HOME\/wp-json\/wp\/v2\/posts\/2996\/revisions"}],"predecessor-version":[{"id":2997,"href":"https:\/\/paroisses-nancy-sud.fr\/HOME\/wp-json\/wp\/v2\/posts\/2996\/revisions\/2997"}],"wp:featuredmedia":[{"embeddable":true,"href":"https:\/\/paroisses-nancy-sud.fr\/HOME\/wp-json\/wp\/v2\/media\/472"}],"wp:attachment":[{"href":"https:\/\/paroisses-nancy-sud.fr\/HOME\/wp-json\/wp\/v2\/media?parent=2996"}],"wp:term":[{"taxonomy":"category","embeddable":true,"href":"https:\/\/paroisses-nancy-sud.fr\/HOME\/wp-json\/wp\/v2\/categories?post=2996"},{"taxonomy":"post_tag","embeddable":true,"href":"https:\/\/paroisses-nancy-sud.fr\/HOME\/wp-json\/wp\/v2\/tags?post=2996"}],"curies":[{"name":"wp","href":"https:\/\/api.w.org\/{rel}","templated":true}]}}