{"id":3021,"date":"2023-06-02T16:03:50","date_gmt":"2023-06-02T14:03:50","guid":{"rendered":"https:\/\/paroisses-nancy-sud.fr\/HOME\/?p=3021"},"modified":"2023-06-02T16:03:50","modified_gmt":"2023-06-02T14:03:50","slug":"annonces-de-la-visitation-du-4-juin","status":"publish","type":"post","link":"https:\/\/paroisses-nancy-sud.fr\/HOME\/annonces-de-la-visitation-du-4-juin\/","title":{"rendered":"Annonces de la Visitation du 4 juin"},"content":{"rendered":"\n<p><span style=\"color: #000000;\"><strong><span style=\"text-decoration: underline;\">Samedi 03 juin :<\/span><br \/><\/strong>Mariage de St\u00e9phanie et S\u00e9bastien \u00a0en l\u2019\u00e9glise de Neuves-Maisons.<\/span><\/p>\n<p><span style=\"color: #000000;\"><span style=\"text-decoration: underline;\"><strong>Dimanche 04 juin : <\/strong><\/span>en l\u2019\u00e9glise de Xeuilley, entr\u00e9e en cat\u00e9chum\u00e9nat de\u00a0 Lucile<\/span><\/p>\n<p><span style=\"color: #000000;\">R\u00e9jouissons-nous et portons-les dans nos pri\u00e8res.<\/span><\/p>\n<p><span style=\"color: #000000;\"><span style=\"text-decoration: underline;\"><strong>Qu\u00eate charges paroissiales<\/strong>\u00a0:<\/span> dimanche 04 juin, comme tous les premiers dimanches du mois, une qu\u00eate est assur\u00e9e pour les charges paroissiales.<\/span><br \/><span style=\"color: #000000;\">Elle est valable pour toute la paroisse de la Visitation. Merci pour votre don\u00a0!<\/span><\/p>\n<p><span style=\"color: #000000;\"><span style=\"text-decoration: underline;\"><strong>\u00c9quipes du Rosaire\u00a0<\/strong><\/span>: comme chaque d\u00e9but de mois, les \u00e9quipes du secteur se r\u00e9unissent. Pour juin, ce sera le lundi 05 \u00e0 14h30 et elles invitent toutes personnes int\u00e9ress\u00e9es \u00e0 les rejoindre.<\/span><\/p>\n<p><span style=\"color: #000000;\"><strong>\u00a0<\/strong><span style=\"text-decoration: underline;\"><strong>Vendredi 09 juin\u00a0: <\/strong><\/span>r\u00e9union CEP<\/span><\/p>\n<p><span style=\"color: #000000;\"><span style=\"text-decoration: underline;\"><strong>Messes \u00e0 la Visitation<br \/><\/strong><\/span>Samedi 10 juin \u00e0 18h00\u00a0: M\u00e9r\u00e9ville<\/span><br \/><span style=\"color: #000000;\">Dimanche 11juin \u00e0 10h30\u00a0: Neuves-Maisons,<\/span><br \/><span style=\"color: #000000;\"><em>\u00a0\u00a0\u00a0\u00a0\u00a0\u00a0\u00a0\u00a0\u00a0\u00a0\u00a0\u00a0\u00a0\u00a0\u00a0\u00a0\u00a0\u00a0\u00a0\u00a0\u00a0\u00a0\u00a0 Premi\u00e8re communion de Nina, R\u00e9mi et Samuel<\/em><\/span><\/p>\n<p><span style=\"color: #000000;\"><span style=\"text-decoration: underline;\"><strong>Messes en semaine<em>\u00a0<br \/><\/em><\/strong><\/span>Jeudi\u00a0: adoration \u00e0 16h00 et messe \u00e0 16h30 \u00e0 la chapelle.<\/span><br \/><span style=\"color: #000000;\">Vendredi\u00a0: messe \u00e0 08h20 chez les s\u0153urs \u00e0 Bainville, 67 rue Jacques Callot<\/span><\/p>\n<p><span style=\"color: #000000;\"><strong><u>Permanences \u00e0 la maison paroissiale :<\/u><\/strong> <\/span><br \/><span style=\"color: #000000;\">Mardi de 14h \u00e0 16h30 et Samedi de 9h30 \u00e0 11h30<\/span><br \/><span style=\"color: #000000;\">tel : 03 83 47 25 54 \u2013 <em><strong>adresse mail<\/strong><\/em><strong> : <\/strong><a style=\"color: #000000;\" href=\"mailto:visitationmm@orange.fr\">visitationmm@orange.fr<\/a>\u00a0 <\/span><br \/><span style=\"color: #000000;\">Horaires des messes :\u00a0 <a style=\"color: #000000;\" href=\"https:\/\/messes.info\/\">messesinfo<\/a><em> (cliquer sur le lien)<\/em><\/span><\/p>\n<p>\u00a0<\/p>\n<p><strong>\u00a0<\/strong><\/p>\n","protected":false},"excerpt":{"rendered":"<p>Samedi 03 juin :Mariage de St\u00e9phanie et S\u00e9bastien \u00a0en l\u2019\u00e9glise de Neuves-Maisons. Dimanche 04 juin : en l\u2019\u00e9glise de Xeuilley, entr\u00e9e en cat\u00e9chum\u00e9nat de\u00a0 Lucile R\u00e9jouissons-nous et portons-les dans nos pri\u00e8res. Qu\u00eate charges paroissiales\u00a0: dimanche 04 juin, comme tous les premiers dimanches du mois, une qu\u00eate est assur\u00e9e pour les charges paroissiales.Elle est valable pour&hellip; <br \/> <a class=\"read-more\" href=\"https:\/\/paroisses-nancy-sud.fr\/HOME\/annonces-de-la-visitation-du-4-juin\/\">Lire la suite<\/a><\/p>\n","protected":false},"author":5,"featured_media":472,"comment_status":"closed","ping_status":"open","sticky":false,"template":"","format":"standard","meta":[],"categories":[10],"tags":[],"acf":[],"_links":{"self":[{"href":"https:\/\/paroisses-nancy-sud.fr\/HOME\/wp-json\/wp\/v2\/posts\/3021"}],"collection":[{"href":"https:\/\/paroisses-nancy-sud.fr\/HOME\/wp-json\/wp\/v2\/posts"}],"about":[{"href":"https:\/\/paroisses-nancy-sud.fr\/HOME\/wp-json\/wp\/v2\/types\/post"}],"author":[{"embeddable":true,"href":"https:\/\/paroisses-nancy-sud.fr\/HOME\/wp-json\/wp\/v2\/users\/5"}],"replies":[{"embeddable":true,"href":"https:\/\/paroisses-nancy-sud.fr\/HOME\/wp-json\/wp\/v2\/comments?post=3021"}],"version-history":[{"count":1,"href":"https:\/\/paroisses-nancy-sud.fr\/HOME\/wp-json\/wp\/v2\/posts\/3021\/revisions"}],"predecessor-version":[{"id":3022,"href":"https:\/\/paroisses-nancy-sud.fr\/HOME\/wp-json\/wp\/v2\/posts\/3021\/revisions\/3022"}],"wp:featuredmedia":[{"embeddable":true,"href":"https:\/\/paroisses-nancy-sud.fr\/HOME\/wp-json\/wp\/v2\/media\/472"}],"wp:attachment":[{"href":"https:\/\/paroisses-nancy-sud.fr\/HOME\/wp-json\/wp\/v2\/media?parent=3021"}],"wp:term":[{"taxonomy":"category","embeddable":true,"href":"https:\/\/paroisses-nancy-sud.fr\/HOME\/wp-json\/wp\/v2\/categories?post=3021"},{"taxonomy":"post_tag","embeddable":true,"href":"https:\/\/paroisses-nancy-sud.fr\/HOME\/wp-json\/wp\/v2\/tags?post=3021"}],"curies":[{"name":"wp","href":"https:\/\/api.w.org\/{rel}","templated":true}]}}