{"id":3026,"date":"2023-06-05T09:38:04","date_gmt":"2023-06-05T07:38:04","guid":{"rendered":"https:\/\/paroisses-nancy-sud.fr\/HOME\/?p=3026"},"modified":"2023-06-05T09:38:04","modified_gmt":"2023-06-05T07:38:04","slug":"pour-une-ethique-de-la-sobriete","status":"publish","type":"post","link":"https:\/\/paroisses-nancy-sud.fr\/HOME\/pour-une-ethique-de-la-sobriete\/","title":{"rendered":"Pour une \u00e9thique de la sobri\u00e9t\u00e9"},"content":{"rendered":"\n<p><span style=\"color: #000000;\">Dans l\u2019encyclique \u00ab\u00a0Laudato Si\u00a0\u00bb, le Pape Fran\u00e7ois nous invite \u00e0 une \u00e9cologie int\u00e9grale et \u00e0 retrouver une harmonie sereine avec la cr\u00e9ation et un style de vie \u00e9quilibr\u00e9, empreint de simplicit\u00e9, de sobri\u00e9t\u00e9 et d\u2019humilit\u00e9.<\/span><\/p>\n<p><span style=\"color: #000000;\">Marqu\u00e9e par les enseignements de l\u2019\u00c9vangile, la spiritualit\u00e9 chr\u00e9tienne propose un retour \u00e0 la simplicit\u00e9. Cela implique de nous d\u00e9sencombrer de ce qui est superflu, de nous arr\u00eater pour appr\u00e9cier ce qui est petit, de pratiquer l\u2019option pr\u00e9f\u00e9rentielle pour les pauvres, de profiter des bonheurs simples de la vie, de nous \u00e9merveiller devant les beaut\u00e9s de la cr\u00e9ation\u2026<\/span><\/p>\n<p><span style=\"color: #000000;\">La sobri\u00e9t\u00e9 v\u00e9cue dans la libert\u00e9 est lib\u00e9ratrice, ce n\u2019est pas vivre moins, bien au contraire, c\u2019est vivre avec plus de profondeur et d\u2019intensit\u00e9, c\u2019est appr\u00e9cier la joie qu\u2019on trouve dans les rencontres fraternelles et conviviales, dans le service des autres, dans l\u2019engagement pour le bien commun, dans la contemplation de la nature, dans le recueillement, la pri\u00e8re\u2026<\/span><\/p>\n<p><span style=\"color: #000000;\">Sobri\u00e9t\u00e9 se conjugue avec humilit\u00e9. La disparition de l\u2019humilit\u00e9 chez l\u2019\u00eatre humain, uniquement pr\u00e9occup\u00e9 par un souci de consommation, d\u2019accumulation et de puissance, sans aucune limite, ne peut que porter pr\u00e9judice \u00e0 l\u2019environnement, \u00e0 la justice sociale et aux fondements de notre maison commune. \u00ab Marcher dans l\u2019humilit\u00e9, c\u2019est permettre \u00e0 Dieu de d\u00e9verser sa gr\u00e2ce dans nos vies\u00a0! \u00bb<\/span><\/p>\n<p style=\"text-align: center;\"><span style=\"color: #000000;\">\u00ab Bienheureux les sobres, les simples et les humbles car ils sauvegardent la maison commune \u00bb\u00a0<\/span><\/p>\n<p style=\"text-align: right;\"><em><span style=\"color: #000000;\">D\u2019apr\u00e8s l\u2019encyclique \u00ab\u00a0Laudato Si\u00a0\u00bb<br \/><\/span><span style=\"color: #000000;\">\u00c9quipe liturgique Saint-Fran\u00e7ois-de-Sales<\/span><\/em><\/p>\n","protected":false},"excerpt":{"rendered":"<p>Dans l\u2019encyclique \u00ab\u00a0Laudato Si\u00a0\u00bb, le Pape Fran\u00e7ois nous invite \u00e0 une \u00e9cologie int\u00e9grale et \u00e0 retrouver une harmonie sereine avec la cr\u00e9ation et un style de vie \u00e9quilibr\u00e9, empreint de simplicit\u00e9, de sobri\u00e9t\u00e9 et d\u2019humilit\u00e9. Marqu\u00e9e par les enseignements de l\u2019\u00c9vangile, la spiritualit\u00e9 chr\u00e9tienne propose un retour \u00e0 la simplicit\u00e9. Cela implique de nous d\u00e9sencombrer&hellip; <br \/> <a class=\"read-more\" href=\"https:\/\/paroisses-nancy-sud.fr\/HOME\/pour-une-ethique-de-la-sobriete\/\">Lire la suite<\/a><\/p>\n","protected":false},"author":5,"featured_media":523,"comment_status":"closed","ping_status":"open","sticky":false,"template":"","format":"standard","meta":[],"categories":[6],"tags":[],"acf":[],"_links":{"self":[{"href":"https:\/\/paroisses-nancy-sud.fr\/HOME\/wp-json\/wp\/v2\/posts\/3026"}],"collection":[{"href":"https:\/\/paroisses-nancy-sud.fr\/HOME\/wp-json\/wp\/v2\/posts"}],"about":[{"href":"https:\/\/paroisses-nancy-sud.fr\/HOME\/wp-json\/wp\/v2\/types\/post"}],"author":[{"embeddable":true,"href":"https:\/\/paroisses-nancy-sud.fr\/HOME\/wp-json\/wp\/v2\/users\/5"}],"replies":[{"embeddable":true,"href":"https:\/\/paroisses-nancy-sud.fr\/HOME\/wp-json\/wp\/v2\/comments?post=3026"}],"version-history":[{"count":1,"href":"https:\/\/paroisses-nancy-sud.fr\/HOME\/wp-json\/wp\/v2\/posts\/3026\/revisions"}],"predecessor-version":[{"id":3027,"href":"https:\/\/paroisses-nancy-sud.fr\/HOME\/wp-json\/wp\/v2\/posts\/3026\/revisions\/3027"}],"wp:featuredmedia":[{"embeddable":true,"href":"https:\/\/paroisses-nancy-sud.fr\/HOME\/wp-json\/wp\/v2\/media\/523"}],"wp:attachment":[{"href":"https:\/\/paroisses-nancy-sud.fr\/HOME\/wp-json\/wp\/v2\/media?parent=3026"}],"wp:term":[{"taxonomy":"category","embeddable":true,"href":"https:\/\/paroisses-nancy-sud.fr\/HOME\/wp-json\/wp\/v2\/categories?post=3026"},{"taxonomy":"post_tag","embeddable":true,"href":"https:\/\/paroisses-nancy-sud.fr\/HOME\/wp-json\/wp\/v2\/tags?post=3026"}],"curies":[{"name":"wp","href":"https:\/\/api.w.org\/{rel}","templated":true}]}}