{"id":3032,"date":"2023-06-11T12:20:00","date_gmt":"2023-06-11T10:20:00","guid":{"rendered":"https:\/\/paroisses-nancy-sud.fr\/HOME\/?p=3032"},"modified":"2023-06-10T22:23:41","modified_gmt":"2023-06-10T20:23:41","slug":"je-suis-la-pour-toi","status":"publish","type":"post","link":"https:\/\/paroisses-nancy-sud.fr\/HOME\/je-suis-la-pour-toi\/","title":{"rendered":"Je suis l\u00e0 pour toi."},"content":{"rendered":"\n<p>\u00a0<\/p>\n<p><span style=\"color: #000000;\"><em>\u00ab\u00a0Vous ferez cela en m\u00e9moire de moi.<\/em>\u00a0\u00bb C&rsquo;est ce que le Seigneur J\u00e9sus a dit aux ap\u00f4tres le soir du dernier repas, la veille de sa mort sur la croix. \u00c0 chaque eucharistie, le temps est comme concentr\u00e9. Le pass\u00e9 est rendu pr\u00e9sent, le futur est anticip\u00e9.<\/span><\/p>\n<p>T<span style=\"color: #000000;\">ournons-nous d&rsquo;abord vers le pass\u00e9.<\/span><\/p>\n<p><em>\u00ab\u00a0<span style=\"color: #000000;\">Souviens-toi de la longue marche dans le d\u00e9sert, nous redisait Mo\u00efse il y a un instant. N&rsquo;oublie pas le Seigneur ton Dieu.<\/span><\/em><span style=\"color: #000000;\">\u00a0\u00bb Comme le peuple d&rsquo;Isra\u00ebl cheminant dans le d\u00e9sert, nous sommes sous la main de Dieu. Le Seigneur prend soin de toute personne comme si elle \u00e9tait seule au monde. Il se fait pr\u00e9sence attentive, tendresse, sollicitude pour chacun. La marche au d\u00e9sert a permis au peuple d&rsquo;exp\u00e9rimenter concr\u00e8tement cette pr\u00e9venance du Seigneur qui l&rsquo;a gard\u00e9 des dangers et lui a permis de traverser le d\u00e9sert et de parvenir \u00e0 la terre promise.<\/span><\/p>\n<p><span style=\"color: #000000;\">Mieux encore, le livre du Deut\u00e9ronome nous dit que le Seigneur prend l&rsquo;\u00eatre humain au s\u00e9rieux. La marche au d\u00e9sert est une image de la vie humaine. C&rsquo;est une \u00e9cole o\u00f9 l&rsquo;on apprend \u00e0 marcher avec le Seigneur, o\u00f9 l&rsquo;on reconquiert peu \u00e0 peu sa libert\u00e9 en se d\u00e9tachant de tout ce qui nous entrave. Ce n&rsquo;est pas une t\u00e2che ais\u00e9e, toutefois nous sommes s\u00fbrs que le Seigneur est pr\u00e9sent \u00e0 chaque \u00e9tape pour nous \u00e9clairer, nous fortifier et nous lib\u00e9rer.<\/span><\/p>\n<p><span style=\"color: #000000;\">Toujours en regardant vers le pass\u00e9, l&rsquo;eucharistie nous ram\u00e8ne au pied de la croix de J\u00e9sus. Elle nous rend contemporains de l&rsquo;offrande totale de sa vie \u00e0 son P\u00e8re en faveur de toute personne\u00a0: \u00ab\u00a0<em>Ceci est mon corps livr\u00e9 pour vous&#8230; ceci est mon sang vers\u00e9 pour vous.\u00a0\u00bb Tout disciple de J\u00e9sus peut faire sienne la parole \u00e9merveill\u00e9e de saint Paul\u00a0: \u00ab\u00a0Il m&rsquo;a aim\u00e9 et s&rsquo;est livr\u00e9 pour moi.\u00a0\u00bb<\/em><\/span><\/p>\n<p><span style=\"color: #000000;\">Cette certitude de foi tourne d\u00e8s \u00e0 pr\u00e9sent nos regards vers l&rsquo;avenir\u00a0: \u00ab\u00a0<em>Nous attendons ta venue dans la gloire&#8230; nous serons lib\u00e9r\u00e9s de tout p\u00e9ch\u00e9, \u00e0 l&rsquo;abri de toute \u00e9preuve&#8230; nous attendons cette bienheureuse esp\u00e9rance\u00a0: l&rsquo;av\u00e8nement de J\u00e9sus-Christ notre Sauveur.\u00a0\u00bb<\/em><\/span><\/p>\n<p><span style=\"color: #000000;\">Dieu s&rsquo;est montr\u00e9 fid\u00e8le tout au long de l&rsquo;histoire des hommes. Au commencement du monde, il a donn\u00e9 la vie \u00e0 tous les \u00eatres vivants, et sp\u00e9cialement aux humains. Il a multipli\u00e9 les alliances avec eux, il a gard\u00e9 sa fid\u00e9lit\u00e9 \u00e0 Abraham et \u00e0 sa descendance, il a envoy\u00e9 son propre Fils afin que tout homme, toute femme, puisse recevoir la vie \u00e9ternelle. Comment Dieu laisserait-il dispara\u00eetre dans le n\u00e9ant ceux qu&rsquo;il a cr\u00e9\u00e9s, lib\u00e9r\u00e9s, soutenus, \u00e9duqu\u00e9s avec tant de patience, de fid\u00e9lit\u00e9 et de tendresse\u00a0?<\/span><\/p>\n<p><span style=\"color: #000000;\">Les quarante ans du peuple d&rsquo;Isra\u00ebl au d\u00e9sert sont une image de notre vie. Nous cheminons sous la main de Dieu vers la v\u00e9ritable terre promise, c&rsquo;est-\u00e0-dire le Ciel. \u00ab\u00a0Qui que tu sois donc, qui te h\u00e2tes vers la patrie c\u00e9leste&#8230; sous la protection de Dieu, tu parviendras.\u00a0\u00bb<\/span><\/p>\n<p><span style=\"color: #000000;\">Chaque jour, dans l&rsquo;eucharistie, le Seigneur se rend pr\u00e9sent pour nous et se donne \u00e0 nous, comme pour nous redire\u00a0: \u00ab\u00a0<em>Je suis l\u00e0, pr\u00e9sent \u00e0 tes c\u00f4t\u00e9s aujourd&rsquo;hui. J&rsquo;\u00e9tais d\u00e9j\u00e0 l\u00e0 pour toi hier. Je serai encore l\u00e0 pour toi demain, chaque jour de ta vie, et jusque dans la vie \u00e9ternelle.\u00a0\u00bb<\/em><\/span><\/p>\n<p><span style=\"color: #000000;\">\u00c0 ce stade, je voudrais attirer notre attention sur une \u00e9vidence\u00a0: le Seigneur se donne \u00e0 nous comme nourriture et boisson, <em>\u00ab\u00a0Ma chair est la vraie nourriture, et mon sang est la vraie boisson, disait J\u00e9sus. Celui qui mange ma chair et boit mon sang demeure en moi, et moi je demeure en lui.\u00a0\u00bb<\/em><\/span><\/p>\n<p><span style=\"color: #000000;\">Le Seigneur se donne \u00e0 nous comme nourriture et boisson et il nous pose \u00e0 chacun la question\u00a0: <em>\u00ab\u00a0As-tu faim\u00a0? As-tu soif\u00a0?<\/em>\u00a0\u00bb, et m\u00eame plus pr\u00e9cis\u00e9ment\u00a0: \u00ab\u00a0<em>As-tu faim et soif de moi, ou bien as-tu trouv\u00e9 ton contentement ailleurs qu&rsquo;en moi\u00a0?\u00a0\u00bb<\/em><\/span><\/p>\n<p>T<span style=\"color: #000000;\">rouver notre contentement ailleurs que dans le Seigneur J\u00e9sus est une tentation qui nous menace tous. Certains se r\u00e9fugient dans la nourriture et la boisson, d&rsquo;autres dans les r\u00e9seaux sociaux qui nous enferment dans une multitude de relations superficielles et nous coupent de notre \u00eatre profond, d&rsquo;autres encore dans des passions d\u00e9vorantes qui les rendent esclaves.<\/span><\/p>\n<p><span style=\"color: #000000;\"><em>\u00ab\u00a0L&rsquo;homme ne vit pas seulement de pain<\/em>.\u00a0\u00bb Au plus profond, ce qui nous fait vraiment vivre, ce n&rsquo;est ni la nourriture, ni les relations virtuelles, ni le sport, ni le travail, mais l&rsquo;amour puissant, fid\u00e8le et \u00e9ternel qui ne se trouve qu&rsquo;en Dieu seul. En se donnant \u00e0 nous comme nourriture et boisson, le Seigneur J\u00e9sus nous invite \u00e0 avoir faim de lui, \u00e0 lui faire de la place dans ta vie, dans tes pens\u00e9es, dans ton emploi du temps.<\/span><\/p>\n<p><span style=\"color: #000000;\"><em>\u00ab\u00a0De m\u00eame que le P\u00e8re, qui est vivant, m\u2019a envoy\u00e9, et que moi je vis par le P\u00e8re, de m\u00eame celui qui me mange, lui aussi vivra par moi.\u00a0\u00bb<\/em> En se donnant \u00e0 nous comme nourriture et boisson, le Seigneur J\u00e9sus nous montre enfin ce que signifie \u00ab\u00a0vivre par lui\u00a0\u00bb. \u00ab\u00a0Vivre par lui\u00a0\u00bb, c&rsquo;est devenir soi-m\u00eame nourriture et boisson pour le prochain, par l&rsquo;attention que nous lui pr\u00eatons, par le soin que nous avons de lui, de la mani\u00e8re la plus concr\u00e8te qui soit\u00a0: partager son pain avec l&rsquo;affam\u00e9, couvrir celui qui est nu, accueillir le pauvre, lib\u00e9rer l&rsquo;opprim\u00e9.<\/span><\/p>\n<p><span style=\"color: #000000;\">En cette f\u00eate du Saint-Sacrement, le Seigneur nous redit\u00a0: \u00ab\u00a0<em>Je suis l\u00e0, pr\u00e9sent \u00e0 tes c\u00f4t\u00e9s aujourd&rsquo;hui. J&rsquo;\u00e9tais d\u00e9j\u00e0 l\u00e0 pour toi hier. Je serai encore l\u00e0 pour toi demain, chaque jour de ta vie, et jusque dans la vie \u00e9ternelle. Veux-tu venir \u00e0 moi, afin d&rsquo;avoir la vie<\/em>\u00a0?<\/span><\/p>\n<p style=\"text-align: right;\"><span style=\"color: #000000;\">Alexandre-Marie Valder<\/span><\/p>\n","protected":false},"excerpt":{"rendered":"<p>\u00a0 \u00ab\u00a0Vous ferez cela en m\u00e9moire de moi.\u00a0\u00bb C&rsquo;est ce que le Seigneur J\u00e9sus a dit aux ap\u00f4tres le soir du dernier repas, la veille de sa mort sur la croix. \u00c0 chaque eucharistie, le temps est comme concentr\u00e9. Le pass\u00e9 est rendu pr\u00e9sent, le futur est anticip\u00e9. Tournons-nous d&rsquo;abord vers le pass\u00e9. \u00ab\u00a0Souviens-toi de&hellip; <br \/> <a class=\"read-more\" href=\"https:\/\/paroisses-nancy-sud.fr\/HOME\/je-suis-la-pour-toi\/\">Lire la suite<\/a><\/p>\n","protected":false},"author":9,"featured_media":290,"comment_status":"closed","ping_status":"open","sticky":false,"template":"","format":"standard","meta":[],"categories":[9],"tags":[],"acf":[],"_links":{"self":[{"href":"https:\/\/paroisses-nancy-sud.fr\/HOME\/wp-json\/wp\/v2\/posts\/3032"}],"collection":[{"href":"https:\/\/paroisses-nancy-sud.fr\/HOME\/wp-json\/wp\/v2\/posts"}],"about":[{"href":"https:\/\/paroisses-nancy-sud.fr\/HOME\/wp-json\/wp\/v2\/types\/post"}],"author":[{"embeddable":true,"href":"https:\/\/paroisses-nancy-sud.fr\/HOME\/wp-json\/wp\/v2\/users\/9"}],"replies":[{"embeddable":true,"href":"https:\/\/paroisses-nancy-sud.fr\/HOME\/wp-json\/wp\/v2\/comments?post=3032"}],"version-history":[{"count":2,"href":"https:\/\/paroisses-nancy-sud.fr\/HOME\/wp-json\/wp\/v2\/posts\/3032\/revisions"}],"predecessor-version":[{"id":3035,"href":"https:\/\/paroisses-nancy-sud.fr\/HOME\/wp-json\/wp\/v2\/posts\/3032\/revisions\/3035"}],"wp:featuredmedia":[{"embeddable":true,"href":"https:\/\/paroisses-nancy-sud.fr\/HOME\/wp-json\/wp\/v2\/media\/290"}],"wp:attachment":[{"href":"https:\/\/paroisses-nancy-sud.fr\/HOME\/wp-json\/wp\/v2\/media?parent=3032"}],"wp:term":[{"taxonomy":"category","embeddable":true,"href":"https:\/\/paroisses-nancy-sud.fr\/HOME\/wp-json\/wp\/v2\/categories?post=3032"},{"taxonomy":"post_tag","embeddable":true,"href":"https:\/\/paroisses-nancy-sud.fr\/HOME\/wp-json\/wp\/v2\/tags?post=3032"}],"curies":[{"name":"wp","href":"https:\/\/api.w.org\/{rel}","templated":true}]}}