{"id":3173,"date":"2023-08-25T17:54:52","date_gmt":"2023-08-25T15:54:52","guid":{"rendered":"https:\/\/paroisses-nancy-sud.fr\/HOME\/?p=3173"},"modified":"2023-08-25T17:54:52","modified_gmt":"2023-08-25T15:54:52","slug":"annonces-de-la-visitation-du-27-aout","status":"publish","type":"post","link":"https:\/\/paroisses-nancy-sud.fr\/HOME\/annonces-de-la-visitation-du-27-aout\/","title":{"rendered":"Annonces de la Visitation du 27 ao\u00fbt"},"content":{"rendered":"\n\n\n<p><\/p>\n<p><span style=\"color: #000000;\"><strong><span style=\"text-decoration: underline;\">Bapt\u00eame :<\/span><br \/><\/strong><strong>Dimanche 03 septembre: <\/strong>bapt\u00eame de Tilyo Burtaire en l\u2019\u00e9glise de Xeuilley.<\/span><br \/><span style=\"color: #000000;\">R\u00e9jouissons-nous et portons-le dans nos pri\u00e8res.<\/span><\/p>\n<p><span style=\"text-decoration: underline; color: #000000;\"><strong>Qu\u00eate charges paroissiales<\/strong>\u00a0: <\/span><br \/><span style=\"color: #000000;\">Comme tous les premiers dimanches du mois, une qu\u00eate,\u00a0le dimanche 03 septembre, sera assur\u00e9e pour une participation aux charges paroissiales.\u00a0<\/span><br \/><span style=\"color: #000000;\">Elle est valable pour toute la paroisse de la Visitation.\u00a0 Merci pour votre don\u00a0!<\/span><\/p>\n<p><span style=\"color: #000000;\"><strong><span style=\"text-decoration: underline;\">Pensez \u00e0 la rentr\u00e9e et inscrivez vos enfants au cat\u00e9chisme\u00a0!<\/span><br \/><\/strong>A partir du CE2, les enfants d\u00e9butent la cat\u00e9ch\u00e8se (avant le CE2, c\u2019est l\u2019\u00e9veil \u00e0 la foi).<\/span><br \/><span style=\"color: #000000;\">La cat\u00e9ch\u00e8se se compose de\u00a0:<\/span><br \/><span style=\"color: #000000;\">* La messe des familles mensuelle : cette messe est organis\u00e9e pour et par les enfants qui sont partie prenante de la liturgie, notamment en assurant les lectures.<\/span><br \/><span style=\"color: #000000;\">* Les s\u00e9ances de cat\u00e9chisme : il y a une douzaine de rencontres dans l\u2019ann\u00e9e. Les horaires sont d\u00e9finis en d\u00e9but d\u2019ann\u00e9e, en fonction des disponibilit\u00e9s des enfants et des parents.<\/span><br \/><span style=\"color: #000000;\">* Les temps-forts : pour vivre les moments phares de l\u2019ann\u00e9e (avant No\u00ebl, avant P\u00e2ques) ou pour pr\u00e9parer les sacrements et f\u00eates (sacrement de r\u00e9conciliation, premi\u00e8re communion, profession de foi).<\/span><br \/><span style=\"color: #000000;\">L\u2019inscription se fait \u00e0 l\u2019aide d\u2019un formulaire accessible depuis le site ou \u00e0 la maison paroissiale.<\/span><br \/><span style=\"color: #000000;\">Une fois rempli, ce document est \u00e0 envoyer \u00e0 <a style=\"color: #000000;\" href=\"mailto:cate@paroisses-nancy-sud.fr\">cate@paroisses-nancy-sud.fr<\/a> ou \u00e0 remettre au secr\u00e9tariat<\/span><br \/><span style=\"color: #000000;\">Vous serez ensuite contact\u00e9s par un(e) cat\u00e9chiste.\u00a0<\/span><\/p>\n<p><span style=\"color: #000000;\"><strong><span style=\"text-decoration: underline;\">R\u00e9unions de rentr\u00e9e des parents des enfants du cat\u00e9 \u00e0 la maison paroissiale de Ludres \u00e0 20h30.<\/span><br \/><\/strong>Mardi 5 septembre r\u00e9union parents 2<sup>\u00e8me<\/sup>\u00a0ann\u00e9e cat\u00e9<\/span><br \/><span style=\"color: #000000;\">Mardi 12 septembre r\u00e9union des parents 3<sup>\u00e8me\u00a0<\/sup>ann\u00e9e cat\u00e9<\/span><br \/><span style=\"color: #000000;\">Mardi 19 septembre r\u00e9union des parents 1<sup>\u00e8re<\/sup>\u00a0ann\u00e9e cat\u00e9<\/span><\/p>\n<p><span style=\"color: #000000;\"><strong><span style=\"text-decoration: underline;\">\u00c0 noter dans vos agendas\u00a0:<\/span><br \/><\/strong>Tous les catholiques de Meurthe-et-Moselle sont invit\u00e9s au traditionnel p\u00e8lerinage dioc\u00e9sain au sanctuaire Notre-Dame de Sion, <strong>le samedi 9 septembre 2023<\/strong> sur le th\u00e8me : Vivons l\u2019esp\u00e9rance avec Marie ! Ce grand temps fort pour notre dioc\u00e8se, qui r\u00e9unit plusieurs centaines de p\u00e8lerins, sera pr\u00e9sid\u00e9 cette ann\u00e9e par Mgr Pierre-Yves Michel, \u00e9v\u00eaque de Nancy et Toul.<\/span><\/p>\n<p><span style=\"color: #000000;\"><em>Programme\u00a0<\/em>: 9h30\u00a0: accueil des p\u00e8lerins\u00a0; 10h : intervention de notre \u00e9v\u00eaque\u00a0;<\/span><br \/><span style=\"color: #000000;\">11h\u00a0: messe 12h30\u00a0: d\u00e9jeuner\u00a0; 15h\u00a0: procession mariale<\/span><br \/><span style=\"color: #000000;\"><em>*<\/em><em>fiches d\u2019inscription pour plateaux\u00a0 repas sur demande au secr\u00e9tariat avant le 24 ao\u00fbt<br \/><\/em>*<em>feuillets au fond de l\u2019\u00e9glise<\/em><\/span><\/p>\n<p><span style=\"color: #000000;\"><strong><span style=\"text-decoration: underline;\">Messes \u00e0 la Visitation<\/span><br \/><\/strong>Samedi \u00e0 18h00\u00a0: reprise des messes le 16 septembre \u00e0 Chavigny.<\/span><br \/><span style=\"color: #000000;\">Dimanche 03 septembre \u00e0 10h00 \u00e0 Xeuilley et \u00e0 10h30\u00a0: Neuves-Maisons.<\/span><em><span style=\"color: #000000;\">\u00a0<\/span>\u00a0\u00a0\u00a0\u00a0\u00a0\u00a0\u00a0\u00a0 <\/em><\/p>\n<p><span style=\"color: #000000;\"><span style=\"text-decoration: underline;\"><strong>Messes en semaine.<em>\u00a0<\/em><\/strong><\/span><em> <br \/><strong>Apr\u00e8s le 04 septembre<br \/><\/strong><\/em>Jeudi\u00a0: adoration \u00e0 16h00 et messe \u00e0 16h30 \u00e0 la chapelle.<\/span><br \/><span style=\"color: #000000;\">Vendredi\u00a0: messe \u00e0 08h20 chez les s\u0153urs \u00e0 Bainville, 67 rue Jacques Callot<\/span><\/p>\n<p><span style=\"color: #000000;\"><strong><u>Permanences \u00e0 la maison paroissiale :<\/u><\/strong> <\/span><br \/><span style=\"color: #000000;\">Mardi de 14h \u00e0 16h30 et Samedi de 9h30 \u00e0 11h30<\/span><br \/><span style=\"color: #000000;\">tel : 03 83 47 25 54 \u2013 <em><strong>adresse mail<\/strong><\/em><strong> : <\/strong><a style=\"color: #000000;\" href=\"mailto:visitationmm@orange.fr\">visitationmm@orange.fr<\/a>\u00a0 <\/span><br \/><span style=\"color: #000000;\">Horaires des messes :\u00a0 <a style=\"color: #000000;\" href=\"https:\/\/messes.info\/\">messesinfo<\/a><em> (cliquer sur le lien)<\/em><\/span><\/p>\n<p>\u00a0<\/p>\n<p><\/p>\n","protected":false},"excerpt":{"rendered":"","protected":false},"author":5,"featured_media":471,"comment_status":"closed","ping_status":"open","sticky":false,"template":"","format":"standard","meta":[],"categories":[10],"tags":[],"acf":[],"_links":{"self":[{"href":"https:\/\/paroisses-nancy-sud.fr\/HOME\/wp-json\/wp\/v2\/posts\/3173"}],"collection":[{"href":"https:\/\/paroisses-nancy-sud.fr\/HOME\/wp-json\/wp\/v2\/posts"}],"about":[{"href":"https:\/\/paroisses-nancy-sud.fr\/HOME\/wp-json\/wp\/v2\/types\/post"}],"author":[{"embeddable":true,"href":"https:\/\/paroisses-nancy-sud.fr\/HOME\/wp-json\/wp\/v2\/users\/5"}],"replies":[{"embeddable":true,"href":"https:\/\/paroisses-nancy-sud.fr\/HOME\/wp-json\/wp\/v2\/comments?post=3173"}],"version-history":[{"count":1,"href":"https:\/\/paroisses-nancy-sud.fr\/HOME\/wp-json\/wp\/v2\/posts\/3173\/revisions"}],"predecessor-version":[{"id":3174,"href":"https:\/\/paroisses-nancy-sud.fr\/HOME\/wp-json\/wp\/v2\/posts\/3173\/revisions\/3174"}],"wp:featuredmedia":[{"embeddable":true,"href":"https:\/\/paroisses-nancy-sud.fr\/HOME\/wp-json\/wp\/v2\/media\/471"}],"wp:attachment":[{"href":"https:\/\/paroisses-nancy-sud.fr\/HOME\/wp-json\/wp\/v2\/media?parent=3173"}],"wp:term":[{"taxonomy":"category","embeddable":true,"href":"https:\/\/paroisses-nancy-sud.fr\/HOME\/wp-json\/wp\/v2\/categories?post=3173"},{"taxonomy":"post_tag","embeddable":true,"href":"https:\/\/paroisses-nancy-sud.fr\/HOME\/wp-json\/wp\/v2\/tags?post=3173"}],"curies":[{"name":"wp","href":"https:\/\/api.w.org\/{rel}","templated":true}]}}