{"id":3175,"date":"2023-08-25T18:05:56","date_gmt":"2023-08-25T16:05:56","guid":{"rendered":"https:\/\/paroisses-nancy-sud.fr\/HOME\/?p=3175"},"modified":"2023-08-27T20:00:20","modified_gmt":"2023-08-27T18:00:20","slug":"annonces-de-saint-francois-de-sales-et-sainte-jeanne-de-chantal-du-27-aout","status":"publish","type":"post","link":"https:\/\/paroisses-nancy-sud.fr\/HOME\/annonces-de-saint-francois-de-sales-et-sainte-jeanne-de-chantal-du-27-aout\/","title":{"rendered":"Annonces de Saint-Fran\u00e7ois-de-Sales et Sainte-Jeanne-de-Chantal du 27 ao\u00fbt"},"content":{"rendered":"\n<p><span style=\"color: #000000;\"><span style=\"text-decoration: underline;\"><strong>Bapt\u00eames :<br \/><\/strong><\/span><strong>Le 27 ao\u00fbt, bapt\u00eames<\/strong> de Candice, Emie et Ewen <strong>\u00e0 Fl\u00e9ville<\/strong>.<\/span><br \/><span style=\"color: #000000;\">Nous nous r\u00e9jouissons, pour ces enfants et les portons dans notre pri\u00e8re.<\/span><\/p>\n<p><span style=\"color: #000000;\"><span style=\"text-decoration: underline;\"><strong>R\u00e9union de l\u2019EAP de Sainte-Jeanne-de-Chantal<br \/><\/strong><\/span><strong>Le mardi 29 ao\u00fbt \u00e0 19h, <\/strong>les membres de l\u2019EAP de Sainte-Jeanne-de-Chantal se retrouvent \u00e0 Ludres \u00e0 la maison paroissiale pour un moment convivial et de travail. \u00a0<\/span><\/p>\n<p><span style=\"color: #000000;\"><span style=\"text-decoration: underline;\"><strong>Pensez \u00e0 la rentr\u00e9e et inscrivez vos enfants au cat\u00e9chisme\u00a0!<br \/><\/strong><\/span>A partir du CE2, les enfants d\u00e9butent la cat\u00e9ch\u00e8se (avant le CE2, c\u2019est l\u2019\u00e9veil \u00e0 la foi).<\/span><br \/><span style=\"color: #000000;\"><strong>La cat\u00e9ch\u00e8se se compose de<\/strong>\u00a0:<\/span><br \/><span style=\"color: #000000;\"><u>* La messe des familles mensuelle<\/u> : cette messe est organis\u00e9e pour et par les enfants qui sont partie prenante de la liturgie, notamment en assurant les lectures.<\/span><br \/><span style=\"color: #000000;\">* <u>Les s\u00e9ances de cat\u00e9chisme<\/u> : il y a une douzaine de rencontres dans l\u2019ann\u00e9e. Les horaires sont d\u00e9finis en d\u00e9but d\u2019ann\u00e9e, en fonction des disponibilit\u00e9s des enfants et des parents.<\/span><br \/><span style=\"color: #000000;\"><u>* Les temps-forts<\/u> : pour vivre les moments phares de l\u2019ann\u00e9e (avant No\u00ebl, avant P\u00e2ques) ou pour pr\u00e9parer les sacrements et f\u00eates (sacrement de r\u00e9conciliation, premi\u00e8re communion, profession de foi).<\/span><\/p>\n<p><span style=\"color: #000000;\"><strong>L\u2019inscription <\/strong>se fait \u00e0 l\u2019aide d\u2019un formulaire accessible depuis ce site\u00a0<em>(rubrique grandir dans la foi)<\/em>\u00a0ou \u00e0 la maison paroissiale.<\/span><br \/><span style=\"color: #000000;\">Une fois rempli, ce document est \u00e0 envoyer \u00e0\u00a0<a style=\"color: #000000;\" href=\"mailto:cate@paroisses-nancy-sud.fr\">cate@paroisses-nancy-sud.fr<\/a>\u00a0ou \u00e0 remettre au secr\u00e9tariat.<\/span><br \/><span style=\"color: #000000;\">Vous serez ensuite contact\u00e9s par un(e) cat\u00e9chiste.\u00a0<\/span><\/p>\n<p><span style=\"color: #000000;\"><strong>\u00a0<\/strong><strong>Les r\u00e9unions de rentr\u00e9e des parents des enfants du cat\u00e9 se font \u00e0 la maison paroissiale de Ludres \u00e0 20h30.<br \/><\/strong>* <strong>Mardi 5 septembre<\/strong> r\u00e9union parents 2<sup>\u00e8me<\/sup>\u00a0ann\u00e9e cat\u00e9<\/span><br \/><span style=\"color: #000000;\">*<strong>Mardi 12 septembre<\/strong> r\u00e9union des parents 3<sup>\u00e8me\u00a0<\/sup>ann\u00e9e cat\u00e9<\/span><br \/><span style=\"color: #000000;\"><strong>*Mardi 19 septembre<\/strong> r\u00e9union des parents 1<sup>\u00e8re<\/sup>\u00a0ann\u00e9e cat\u00e9<\/span><\/p>\n<p><span style=\"color: #000000;\"><strong>La premi\u00e8re messe des familles<\/strong>, et <strong>rentr\u00e9e des enfants du cat\u00e9chisme<\/strong> se <strong>fera \u00e0 Jarville le dimanche 24 septembre 2023. <\/strong><\/span><\/p>\n<p><span style=\"color: #000000;\"><strong><span style=\"text-decoration: underline;\">Messes de rentr\u00e9e de nos paroisses :<\/span><br \/><\/strong><strong>\u00a0&#8211; Le dimanche 10 septembre rentr\u00e9e de la paroisse de la Visitation \u00e0 Neuves-Maisons<br \/><\/strong><strong>\u00a0&#8211; Le dimanche 17 septembre rentr\u00e9e de la paroisse Sainte Jeanne de Chantal \u00e0 Ludres<br \/><\/strong><strong>\u00a0&#8211; Le dimanche 24 septembre rentr\u00e9e de la paroisse Saint Fran\u00e7ois de Sales et rentr\u00e9e des enfants et des familles du cat\u00e9, \u00e0 Jarville<\/strong><\/span><\/p>\n<p><span style=\"color: #000000;\"><strong><span style=\"text-decoration: underline;\">P\u00e8lerinage dioc\u00e9sain de rentr\u00e9e \u00e0 Sion<\/span>\u00a0<br \/><\/strong>Tous les catholiques de Meurthe-et-Moselle sont invit\u00e9s au traditionnel p\u00e8lerinage dioc\u00e9sain au sanctuaire Notre-Dame de Sion,\u00a0<strong>le samedi 9 septembre 2023<\/strong>\u00a0sur le th\u00e8me : <em>Vivons l\u2019esp\u00e9rance avec Marie<\/em> ! Ce grand temps fort pour notre dioc\u00e8se, qui r\u00e9unit plusieurs centaines de p\u00e8lerins, sera pr\u00e9sid\u00e9 cette ann\u00e9e par Mgr Pierre-Yves Michel, \u00e9v\u00eaque de Nancy et Toul.<\/span><\/p>\n<p><span style=\"color: #000000;\"><em>Programme\u00a0<\/em><em>: <\/em>9h30\u00a0: accueil des p\u00e8lerins\u00a0; 10h : intervention de notre \u00e9v\u00eaque\u00a0;<\/span><br \/><span style=\"color: #000000;\">11h\u00a0: messe\u00a0; 12h30\u00a0: d\u00e9jeuner\u00a0; 15h\u00a0: procession mariale<\/span><br \/><span style=\"color: #000000;\"><em>*fiches d\u2019inscription pour plateaux\u00a0repas sur demande au secr\u00e9tariat avant le 24 ao\u00fbt<\/em><em><br \/><\/em>*<em>feuillets au fond des \u2019\u00e9glises.<\/em><\/span><\/p>\n<p><span style=\"color: #000000;\"><em>\u00a0<\/em><span style=\"text-decoration: underline;\"><strong>Qu\u00eate suppl\u00e9mentaire de d\u00e9but de mois.<\/strong><em><strong><br \/><\/strong><\/em><\/span><em><strong>Le samedi 2 septembre et le dimanche 3 septembre<\/strong><\/em><em> \u00e0 la sortie des messes seront propos\u00e9es les qu\u00eates suppl\u00e9mentaires de d\u00e9but de mois. Merci \u00e0 chacune et chacun<\/em><\/span><\/p>\n<p><span style=\"color: #000000;\"><span style=\"text-decoration: underline;\"><strong>Inauguration de l\u2019\u00e9glise de Sexey-aux-Forges<br \/><\/strong><\/span><em>L\u2019\u00e9glise de Sexey-aux-Forges, ferm\u00e9e depuis 9 ans pour raison de s\u00e9curit\u00e9, a \u00e9t\u00e9 stabilis\u00e9e et restaur\u00e9e. Une inauguration est pr\u00e9vue <strong>samedi 2 septembre 2023 \u00e0 10h30<\/strong> en pr\u00e9sence des \u00e9lus, des repr\u00e9sentants de l\u2019Etat, des responsables du patrimoine et des repr\u00e9sentants de la paroisse de la Visitation et du secteur Nancy-sud, coordinateur et cur\u00e9. <\/em><\/span><\/p>\n<p><span style=\"color: #000000;\"><span style=\"text-decoration: underline;\"><em>\u00a0<\/em><\/span><strong><span style=\"text-decoration: underline;\">Appel \u00e0 nous tous, baptis\u00e9s !<\/span><br \/><\/strong>&#8211; Certains des <strong>mandat\u00e9s<\/strong> <strong>fun\u00e9railles des 2 paroisses ne pourront plus assurer tr\u00e8s prochainement la c\u00e9l\u00e9bration des obs\u00e8ques\u00a0<\/strong>: <strong>il est urgent que d\u2019autres personnes se mettent en route<\/strong> <strong>pour assurer ce service.<\/strong> L\u2019entr\u00e9e dans ce service se fait progressivement\u00a0: accompagnement, formation\u2026<\/span><br \/><span style=\"color: #000000;\">&#8211; Nous avons aussi besoin que de nouvelles personnes viennent rejoindre <strong>l\u2019EAP de Sainte-Jeanne-de Chantal<\/strong>.<\/span><br \/><span style=\"color: #000000;\">&#8211; \u00a0Il faudrait une ou 2 personnes pour <strong>la permanence de Ludres<\/strong> (samedi de 10h \u00e0 midi)<\/span><\/p>\n<p><span style=\"color: #000000;\"><strong>\u00a0<\/strong>Si la vie de l\u2019Eglise locale et ses projets pastoraux vous int\u00e9ressent contactez-nous\u00a0!<\/span><br \/><span style=\"color: #000000;\">Contacter\u00a0: Marc Haeussler au 06 43 10 46 44 ou Micheline au 06 83 46 77 11 ou Odile au 06 23 46 74 17<\/span><\/p>\n<p><span style=\"text-decoration: underline; color: #000000;\"><strong>\u00a0<\/strong><strong>Autres Annonces :<\/strong><\/span><\/p>\n<p><span style=\"color: #000000;\"><strong>Besoin de fournitures scolaires :<br \/><\/strong>L\u2019association <em>\u2018\u2019Un toit pour les migrants \u2018\u2019<\/em> a besoin de fournitures scolaires pour les jeunes\u00a0: agendas \u2013 cahiers 24&#215;32, grands et petits carreaux (21&#215;29, \u00e9galement ) &#8211; classeurs 4 anneaux\u00a0 sans \u00e0 levier \u2013 porte-vues &#8211; feuilles Sey\u00e8s simples et copies doubles \u2013 jeux de 6 et 12 intercalaires \u2013 colle en stick \u2013 compas \u2013 pochettes de 12 feutres \u2013 pochettes de 12 crayons de couleur \u2013 feutres d\u2019ardoises -petits ciseaux \u00e0 bouts ronds \u2013 taille crayons avec r\u00e9servoir &#8211;\u00a0 tubes de gouache et pinceaux \u2013 feuilles de dessin canson &#8211; calculatrices \u2013 cartables et trousses \u2013 cl\u00e9s USB \u2013 \u00e9couteurs .. T\u00e9l\u00e9phoner le 07 67 58 39 34 entre 8h et 11h et d\u00e9poser entre 8h et 12h et 13h30 et 17h30 17 rue Drouin \u00e0 Nancy.<\/span>\u00a0<\/p>\n<p><span style=\"color: #000000;\"><strong>Une famille \u00e0 la rue :<br \/><\/strong>Une famille kosovare : p\u00e8re, m\u00e8re, un enfant de 16 ans et une enfant de 11 ans est \u00e0 la rue et loge l\u00e0 o\u00f9 elle peut \u00e0 Vandoeuvre. Cette famille que les \u2018\u2019amis du Bonsa\u00ef \u2018\u2019 de Ludres connaissent bien, a vraiment besoin d&rsquo;\u00eatre aid\u00e9e. <\/span><br \/><span style=\"color: #000000;\">Une solution de logement pourrait \u00eatre trouv\u00e9e si une famille fran\u00e7aise louait \u00e0 son nom un appartement m\u00eame petit et que, avec elle, deux ou trois autres familles acceptent de payer le loyer en parall\u00e8le avec la famille kosovare. Il est possible de trouver un appartement sur Nancy de 40 m2 pour environ 500 euros<\/span>.<\/p>\n<p style=\"text-align: center;\"><span style=\"color: #000000;\"><em>Bonne pr\u00e9paration de la rentr\u00e9e scolaire pour les parents, les enfants et jeunes et les enseignants\u00a0!<\/em><\/span><br \/><br \/><\/p>\n","protected":false},"excerpt":{"rendered":"<p>Bapt\u00eames :Le 27 ao\u00fbt, bapt\u00eames de Candice, Emie et Ewen \u00e0 Fl\u00e9ville.Nous nous r\u00e9jouissons, pour ces enfants et les portons dans notre pri\u00e8re. R\u00e9union de l\u2019EAP de Sainte-Jeanne-de-ChantalLe mardi 29 ao\u00fbt \u00e0 19h, les membres de l\u2019EAP de Sainte-Jeanne-de-Chantal se retrouvent \u00e0 Ludres \u00e0 la maison paroissiale pour un moment convivial et de travail. \u00a0&hellip; <br \/> <a class=\"read-more\" href=\"https:\/\/paroisses-nancy-sud.fr\/HOME\/annonces-de-saint-francois-de-sales-et-sainte-jeanne-de-chantal-du-27-aout\/\">Lire la suite<\/a><\/p>\n","protected":false},"author":5,"featured_media":2464,"comment_status":"closed","ping_status":"open","sticky":false,"template":"","format":"standard","meta":[],"categories":[7],"tags":[],"acf":[],"_links":{"self":[{"href":"https:\/\/paroisses-nancy-sud.fr\/HOME\/wp-json\/wp\/v2\/posts\/3175"}],"collection":[{"href":"https:\/\/paroisses-nancy-sud.fr\/HOME\/wp-json\/wp\/v2\/posts"}],"about":[{"href":"https:\/\/paroisses-nancy-sud.fr\/HOME\/wp-json\/wp\/v2\/types\/post"}],"author":[{"embeddable":true,"href":"https:\/\/paroisses-nancy-sud.fr\/HOME\/wp-json\/wp\/v2\/users\/5"}],"replies":[{"embeddable":true,"href":"https:\/\/paroisses-nancy-sud.fr\/HOME\/wp-json\/wp\/v2\/comments?post=3175"}],"version-history":[{"count":1,"href":"https:\/\/paroisses-nancy-sud.fr\/HOME\/wp-json\/wp\/v2\/posts\/3175\/revisions"}],"predecessor-version":[{"id":3176,"href":"https:\/\/paroisses-nancy-sud.fr\/HOME\/wp-json\/wp\/v2\/posts\/3175\/revisions\/3176"}],"wp:featuredmedia":[{"embeddable":true,"href":"https:\/\/paroisses-nancy-sud.fr\/HOME\/wp-json\/wp\/v2\/media\/2464"}],"wp:attachment":[{"href":"https:\/\/paroisses-nancy-sud.fr\/HOME\/wp-json\/wp\/v2\/media?parent=3175"}],"wp:term":[{"taxonomy":"category","embeddable":true,"href":"https:\/\/paroisses-nancy-sud.fr\/HOME\/wp-json\/wp\/v2\/categories?post=3175"},{"taxonomy":"post_tag","embeddable":true,"href":"https:\/\/paroisses-nancy-sud.fr\/HOME\/wp-json\/wp\/v2\/tags?post=3175"}],"curies":[{"name":"wp","href":"https:\/\/api.w.org\/{rel}","templated":true}]}}