{"id":3179,"date":"2023-08-27T10:30:00","date_gmt":"2023-08-27T08:30:00","guid":{"rendered":"https:\/\/paroisses-nancy-sud.fr\/HOME\/?p=3179"},"modified":"2023-08-27T08:46:30","modified_gmt":"2023-08-27T06:46:30","slug":"celui-qui-nous-prepare-a-paraitre-devant-le-roi","status":"publish","type":"post","link":"https:\/\/paroisses-nancy-sud.fr\/HOME\/celui-qui-nous-prepare-a-paraitre-devant-le-roi\/","title":{"rendered":"<strong>Celui qui nous pr\u00e9pare \u00e0 para\u00eetre devant le Roi<\/strong>"},"content":{"rendered":"\n<p class=\"Standard\" style=\"margin-bottom: 5.65pt; text-align: justify;\"><span style=\"font-size: 16pt; font-family: Caladea; color: #000000;\">Fr\u00e8res et s\u0153urs, il faut que je vous raconte. Il y a quelques jours, j&rsquo;ai eu affaire \u00e0 une personne assez \u00e9loign\u00e9e de la foi chr\u00e9tienne. La discussion arrive sur la question de la mort. \u00ab\u00a0Oh, vous savez, moi, le jour o\u00f9 je me retrouverai devant l&rsquo;Autre l\u00e0-haut, je lui dirai\u00a0: \u201cNe va pas me voler dans les plumes, mon coco\u00a0! Je ne suis pas du genre \u00e0 me laisser faire.\u201d\u00a0\u00bb<\/span><\/p>\n<p class=\"Standard\" style=\"margin-bottom: 5.65pt; text-align: justify;\"><span style=\"font-size: 16pt; font-family: Caladea; color: #000000;\">Cette personne dira-t-elle vraiment cela devant le Seigneur\u00a0? J&rsquo;en doute.<\/span><\/p>\n<p class=\"Standard\" style=\"margin-bottom: 5.65pt; text-align: justify;\"><span style=\"font-size: 16pt; font-family: Caladea; color: #000000;\">Imaginons que nous devions nous pr\u00e9senter d&rsquo;ici trois jours devant le pape. Nous aurions tous besoin que quelqu&rsquo;un nous conseille\u00a0: comment nous habiller, comment nous tenir, que dire et que ne pas dire. Combien plus pour nous pr\u00e9senter devant notre Cr\u00e9ateur\u00a0!<\/span><\/p>\n<p class=\"Standard\" style=\"margin-bottom: 5.65pt; text-align: justify;\"><span style=\"font-size: 16pt; font-family: Caladea; color: #000000;\">Pr\u00e9parer les personnes \u00e0 para\u00eetre devant le roi, c&rsquo;\u00e9tait probablement le r\u00f4le d\u00e9volu \u00e0 Shebna, puis \u00e0 Eliakim, dont il est question dans la premi\u00e8re lecture\u00a0: \u00ab\u00a0Je mettrai sur son \u00e9paule la clef de la maison de David : s&rsquo;il ouvre, personne ne fermera, s&rsquo;il ferme, personne n&rsquo;ouvrira.\u00a0\u00bb Il leur appartenait de donner ou non acc\u00e8s aupr\u00e8s du roi. La lecture nous apprend que Shebna, ayant abus\u00e9 de son pouvoir, a \u00e9t\u00e9 remplac\u00e9 par Eliakim. Nous apprendrons ensuite qu&rsquo;Eliakim non plus ne s&rsquo;est pas montr\u00e9 digne de la confiance qui lui \u00e9tait faite.<\/span><\/p>\n<p class=\"Standard\" style=\"margin-bottom: 5.65pt; text-align: justify;\"><span style=\"font-size: 16pt; font-family: Caladea; color: #000000;\">Au passage, la Bible a peut-\u00eatre conserv\u00e9 le r\u00e9cit de ce fait divers vieux de 2700 ans afin que nous n&rsquo;oubliions pas que notre saintet\u00e9 se joue dans le concret, dans la mani\u00e8re dont nous exer\u00e7ons nos responsabilit\u00e9s professionnelles, associatives, eccl\u00e9siales, familiales. Des cl\u00e9s, nous en avons sous notre responsabilit\u00e9\u00a0: en faisons-nous bon usage\u00a0?<\/span><\/p>\n<p class=\"Standard\" style=\"margin-bottom: 5.65pt; text-align: justify;\"><span style=\"color: #000000;\"><span style=\"font-size: 16.0pt; font-family: Caladea;\">\u00a0<\/span><span style=\"font-size: 16.0pt; font-family: Caladea;\">Fr\u00e8res et s\u0153urs, dans l&rsquo;\u00c9vangile d&rsquo;aujourd&rsquo;hui, il est question des cl\u00e9s du Royaume des cieux que J\u00e9sus a remises \u00e0 Pierre pour fermer et ouvrir, pour lier et d\u00e9lier.<\/span><\/span><\/p>\n<p class=\"Standard\" style=\"margin-bottom: 5.65pt; text-align: justify;\"><span style=\"font-size: 16pt; font-family: Caladea; color: #000000;\">Commen\u00e7ons par le plus difficile. Aujourd&rsquo;hui, l&rsquo;ouverture et la libert\u00e9 sont les valeurs supr\u00eames, sans que l&rsquo;on sache d&rsquo;ailleurs vraiment quel sens on donne \u00e0 ces mots, si bien que l&rsquo;on se demande si fermer ou lier est vraiment bien \u00e9vang\u00e9lique\u00a0?<\/span><\/p>\n<p class=\"Standard\" style=\"margin-bottom: 5.65pt; text-align: justify;\"><span style=\"font-size: 16pt; font-family: Caladea; color: #000000;\">Et pourtant, il est bon que Pierre d\u00e9tienne ce pouvoir de fermer et de lier. N&rsquo;est-il pas bon, lorsque nous sommes devant la chemin\u00e9e, d&rsquo;\u00eatre s\u00fbrs que le vent et le froid sont enferm\u00e9s dehors\u00a0? Ou bien irions-nous dormir sur nos deux oreilles en ayant laiss\u00e9 la maison grande ouverte\u00a0? De m\u00eame, il existe des comportements qui n&rsquo;ont tout simplement pas leur place dans le Royaume des cieux.<\/span><\/p>\n<p class=\"Standard\" style=\"margin-bottom: 5.65pt; text-align: justify;\"><span style=\"font-size: 16pt; font-family: Caladea; color: #000000;\">Toutefois, je ne connais pas de cas o\u00f9 l&rsquo;\u00c9glise exclue d\u00e9finitivement des personnes. La mise \u00e0 l&rsquo;\u00e9cart \u2013 par exemple la fameuse excommunication qui fait tant fantasmer \u2013 a toujours pour but la conversion du p\u00e9cheur et sa r\u00e9int\u00e9gration. Aujourd&rsquo;hui, la porte est ferm\u00e9e dans l&rsquo;espoir de pouvoir l&rsquo;ouvrir bient\u00f4t.<\/span><\/p>\n<p class=\"Standard\" style=\"margin-bottom: 5.65pt; text-align: justify;\"><span style=\"font-size: 16pt; font-family: Caladea; color: #000000;\">Le pouvoir des cl\u00e9s donn\u00e9 \u00e0 Pierre et \u00e0 ses successeurs l&rsquo;est d&rsquo;abord en vue d&rsquo;ouvrir largement l&rsquo;acc\u00e8s au Royaume, de pr\u00e9parer toute personne \u00e0 para\u00eetre en pr\u00e9sence du Seigneur.<\/span><\/p>\n<p class=\"Standard\" style=\"margin-bottom: 5.65pt; text-align: justify;\"><span style=\"font-size: 16pt; font-family: Caladea; color: #000000;\">Les premiers chapitres des Actes des Ap\u00f4tres l&rsquo;illustrent bien. Apr\u00e8s la Pentec\u00f4te, Pierre parle du salut offert \u00e0 tous en J\u00e9sus\u00a0: \u00ab\u00a0Fr\u00e8res, demandent les Juifs, que devons-nous faire ? _ Convertissez-vous, leur r\u00e9pond Pierre, et que chacun de vous soit baptis\u00e9 au nom de J\u00e9sus Christ pour le pardon de ses p\u00e9ch\u00e9s ; vous recevrez alors le don du Saint-Esprit.\u00a0\u00bb Et c&rsquo;est encore Pierre qui va ouvrir au centurion Corneille et \u00e0 tous les pa\u00efens la porte de l&rsquo;\u00c9glise. Cette large ouverture ne va pas sans contrepartie\u00a0: Ananie et Saphire, d&rsquo;abord membres de la communaut\u00e9, sont ensuite punis par Pierre pour avoir c\u00e9d\u00e9 \u00e0 la cupidit\u00e9 et au mensonge.<\/span><\/p>\n<p class=\"Standard\" style=\"margin-bottom: 5.65pt; text-align: justify;\"><span style=\"font-size: 16pt; font-family: Caladea; color: #000000;\">Mais surtout, n&rsquo;oublions pas que le pouvoir des cl\u00e9s est donn\u00e9 \u00e0 Pierre afin qu&rsquo;il l&rsquo;exerce comme J\u00e9sus et en d\u00e9pendance de J\u00e9sus. Dans le livre de l&rsquo;Apocalypse, c&rsquo;est J\u00e9sus lui-m\u00eame qui se d\u00e9signe comme \u00ab\u00a0le Saint, le Vrai, celui qui d\u00e9tient la cl\u00e9 de David, celui qui ouvre \u2013 et nul ne fermera \u2013, celui qui ferme \u2013 et nul ne peut ouvrir (Ap\u00a03,7).\u00a0\u00bb C&rsquo;est toujours J\u00e9sus qui, par la m\u00e9diation de Pierre et de ses successeurs, ouvre et ferme, lie et d\u00e9lie.<\/span><\/p>\n<p class=\"Standard\" style=\"margin-bottom: 5.65pt; text-align: justify;\"><span style=\"color: #000000;\"><span style=\"font-size: 16.0pt; font-family: Caladea;\">\u00a0<\/span><span style=\"font-size: 16.0pt; font-family: Caladea;\">Fr\u00e8res et s\u0153urs, c&rsquo;est la profession de foi de Pierre qui am\u00e8ne J\u00e9sus \u00e0 lui confier les cl\u00e9s du Royaume. Faire entrer dans le Royaume, c&rsquo;est avant tout dire la foi, donner la cl\u00e9 de compr\u00e9hension de l&rsquo;identit\u00e9 de J\u00e9sus, introduire toute personne en recherche \u00e0 une relation ajust\u00e9e avec J\u00e9sus.<\/span><\/span><\/p>\n<p class=\"Standard\" style=\"margin-bottom: 5.65pt; text-align: justify;\"><span style=\"font-size: 16pt; font-family: Caladea; color: #000000;\">Avoir la foi, ce n&rsquo;est pas uniquement avoir des informations, m\u00eame exactes, sur J\u00e9sus. Avoir la foi suppose une relation vivante avec lui. Avoir la foi suppose de le conna\u00eetre de l&rsquo;int\u00e9rieur. C&rsquo;est pourquoi, au cat\u00e9chisme, et plus encore \u00e0 l&rsquo;aum\u00f4nerie des adolescents, nous mettons l&rsquo;accent sur l&rsquo;exp\u00e9rience, la vie spirituelle, la pri\u00e8re.<\/span><\/p>\n<p class=\"Standard\" style=\"margin-bottom: 5.65pt; text-align: justify;\"><span style=\"font-size: 16pt; font-family: Caladea; color: #000000;\">Je ne crois pas que quiconque ait jamais eu la foi en trouvant par terre une Bible ou un livre de cat\u00e9chisme. Il faut que l&rsquo;\u00c9glise, c&rsquo;est-\u00e0-dire la communaut\u00e9 chr\u00e9tienne dans son ensemble, guid\u00e9e par le pape et les autres \u00e9v\u00eaques, nous prenne sur ses genoux pour nous raconter J\u00e9sus. Durant toute notre vie chr\u00e9tienne, ayons l&rsquo;humilit\u00e9 de nous laisser raconter J\u00e9sus, de nous laisser enseigner ce qu&rsquo;ont cru nos anc\u00eatres dans la foi. Dans le cas contraire, notre foi risque bien de n&rsquo;\u00eatre qu&rsquo;une opinion parmi d&rsquo;autres, et non le chemin s\u00fbr vers le vrai Dieu.<\/span><\/p>\n<p class=\"Standard\" style=\"margin-bottom: 5.65pt; text-align: justify;\"><span style=\"font-size: 16pt; font-family: Caladea; color: #000000;\">En m\u00eame temps que l&rsquo;humilit\u00e9 de recevoir la foi de l&rsquo;\u00c9glise, ayons aussi le courage de professer ce que nous croyons, au moins pour nous-m\u00eames, et si possible devant d&rsquo;autres. Chacun de nous, pour sa part, a aussi \u00e0 prendre l&rsquo;autre sur ses genoux pour lui raconter J\u00e9sus\u00a0: qui il est, ce qu&rsquo;il a dit et ce qu&rsquo;il a fait.<\/span><\/p>\n<p class=\"Standard\" style=\"margin-bottom: 5.65pt; text-align: justify;\"><span style=\"font-size: 16pt; font-family: Caladea; color: #000000;\">Merci Seigneur de nous avoir donn\u00e9 Pierre, les autres Ap\u00f4tres et leurs successeurs afin que nous ne soyons pas seuls et d\u00e9munis, afin qu&rsquo;ils nous enseignent et nous pr\u00e9parent, notre vie durant, \u00e0 parvenir un jour dans ton Royaume. Amen.<\/span><\/p>\n<p style=\"text-align: right;\"><em><span style=\"color: #000000;\">P\u00e8re Alexandre-Marie Valder<\/span><\/em><\/p>\n","protected":false},"excerpt":{"rendered":"<p>Fr\u00e8res et s\u0153urs, il faut que je vous raconte. Il y a quelques jours, j&rsquo;ai eu affaire \u00e0 une personne assez \u00e9loign\u00e9e de la foi chr\u00e9tienne. La discussion arrive sur la question de la mort. \u00ab\u00a0Oh, vous savez, moi, le jour o\u00f9 je me retrouverai devant l&rsquo;Autre l\u00e0-haut, je lui dirai\u00a0: \u201cNe va pas me&hellip; <br \/> <a class=\"read-more\" href=\"https:\/\/paroisses-nancy-sud.fr\/HOME\/celui-qui-nous-prepare-a-paraitre-devant-le-roi\/\">Lire la suite<\/a><\/p>\n","protected":false},"author":5,"featured_media":290,"comment_status":"closed","ping_status":"open","sticky":false,"template":"","format":"standard","meta":[],"categories":[9],"tags":[],"acf":[],"_links":{"self":[{"href":"https:\/\/paroisses-nancy-sud.fr\/HOME\/wp-json\/wp\/v2\/posts\/3179"}],"collection":[{"href":"https:\/\/paroisses-nancy-sud.fr\/HOME\/wp-json\/wp\/v2\/posts"}],"about":[{"href":"https:\/\/paroisses-nancy-sud.fr\/HOME\/wp-json\/wp\/v2\/types\/post"}],"author":[{"embeddable":true,"href":"https:\/\/paroisses-nancy-sud.fr\/HOME\/wp-json\/wp\/v2\/users\/5"}],"replies":[{"embeddable":true,"href":"https:\/\/paroisses-nancy-sud.fr\/HOME\/wp-json\/wp\/v2\/comments?post=3179"}],"version-history":[{"count":1,"href":"https:\/\/paroisses-nancy-sud.fr\/HOME\/wp-json\/wp\/v2\/posts\/3179\/revisions"}],"predecessor-version":[{"id":3180,"href":"https:\/\/paroisses-nancy-sud.fr\/HOME\/wp-json\/wp\/v2\/posts\/3179\/revisions\/3180"}],"wp:featuredmedia":[{"embeddable":true,"href":"https:\/\/paroisses-nancy-sud.fr\/HOME\/wp-json\/wp\/v2\/media\/290"}],"wp:attachment":[{"href":"https:\/\/paroisses-nancy-sud.fr\/HOME\/wp-json\/wp\/v2\/media?parent=3179"}],"wp:term":[{"taxonomy":"category","embeddable":true,"href":"https:\/\/paroisses-nancy-sud.fr\/HOME\/wp-json\/wp\/v2\/categories?post=3179"},{"taxonomy":"post_tag","embeddable":true,"href":"https:\/\/paroisses-nancy-sud.fr\/HOME\/wp-json\/wp\/v2\/tags?post=3179"}],"curies":[{"name":"wp","href":"https:\/\/api.w.org\/{rel}","templated":true}]}}