{"id":3195,"date":"2023-09-03T16:38:49","date_gmt":"2023-09-03T14:38:49","guid":{"rendered":"https:\/\/paroisses-nancy-sud.fr\/HOME\/?p=3195"},"modified":"2023-09-03T16:54:31","modified_gmt":"2023-09-03T14:54:31","slug":"annonces-de-la-visitation-du-3-septembre","status":"publish","type":"post","link":"https:\/\/paroisses-nancy-sud.fr\/HOME\/annonces-de-la-visitation-du-3-septembre\/","title":{"rendered":"Annonces de la Visitation du 3 septembre"},"content":{"rendered":"\n<p><span style=\"color: #000000;\"><strong><span style=\"text-decoration: underline;\">Bapt\u00eame :<\/span><br \/>Dimanche 10 septembre: <\/strong>bapt\u00eames de Marceau<\/span><br \/><span style=\"color: #000000;\">R\u00e9jouissons-nous et portons-le dans nos pri\u00e8res.<\/span><\/p>\n<p><span style=\"color: #000000;\"><strong><span style=\"text-decoration: underline;\">Messe de rentr\u00e9e :<\/span><br \/>Dimanche 10 septembre \u00e0 10h30 : \u00e0 Neuves-Maisons, messe de rentr\u00e9e de la paroisse.<br \/><\/strong><strong><em>Temps convivial apr\u00e8s la messe et ap\u00e9ritif offert. Repas tir\u00e9 du sac pour ceux qui le souhaitent.<\/em><\/strong><\/span><\/p>\n<ul>\n<li><span style=\"color: #000000;\"><strong><span style=\"text-decoration: underline;\">\u00c9quipes du Rosaire\u00a0<\/span>:<\/strong> comme chaque d\u00e9but de mois, les \u00e9quipes du secteur se r\u00e9unissent. Pour septembre, ce sera le lundi 04 \u00e0 14h30 et elles invitent toutes personnes int\u00e9ress\u00e9es \u00e0 les rejoindre.<\/span><\/li>\n<li><span style=\"color: #000000;\"><span style=\"text-decoration: underline;\"><strong>Le 11 et le 12 septembre, <\/strong><\/span>session de rentr\u00e9e dioc\u00e9saine \u00e0 la maison de l\u2019Asn\u00e9e sur le th\u00e8me\u00a0: \u00ab\u00a0K\u00e9rygma, annonce du Christ Sauveur\u00a0\u00bb<br \/>Le K\u00e9rygme est un terme qui d\u00e9signe le contenu essentiel de la foi en J\u00e9sus-Christ annonc\u00e9e et transmise par les premiers chr\u00e9tiens\u00a0: J\u00e9sus-Christ, Fils de Dieu est mort pour nos p\u00e9ch\u00e9s, est ressuscit\u00e9 et nous invite \u00e0 le suivre. C\u2019est le c\u0153ur de notre foi.<\/span><\/li>\n<li><span style=\"color: #000000;\"><span style=\"text-decoration: underline;\"><strong> R\u00e9union EAP le 09 septembre<\/strong><\/span> \u00e0 10h00 \u00e0 Neuves-Maisons<\/span><\/li>\n<\/ul>\n<p><span style=\"color: #000000;\"><span style=\"text-decoration: underline;\"><strong>Pensez \u00e0 la rentr\u00e9e et inscrivez vos enfants au cat\u00e9chisme\u00a0!<br \/><\/strong><\/span>\u00c0 partir du CE2, les enfants d\u00e9butent la cat\u00e9ch\u00e8se (avant le CE2, c\u2019est l\u2019\u00e9veil \u00e0 la foi).<\/span><br \/><span style=\"color: #000000;\">La cat\u00e9ch\u00e8se se compose de\u00a0:<\/span><br \/><span style=\"color: #000000;\">* La messe des familles mensuelle : cette messe est organis\u00e9e pour et par les enfants qui sont partie prenante de la liturgie, notamment en assurant les lectures.<\/span><br \/><span style=\"color: #000000;\">* Les s\u00e9ances de cat\u00e9chisme : il y a une douzaine de rencontres dans l\u2019ann\u00e9e. Les horaires sont d\u00e9finis en d\u00e9but d\u2019ann\u00e9e, en fonction des disponibilit\u00e9s des enfants et des parents.<\/span><br \/><span style=\"color: #000000;\">* Les temps-forts : pour vivre les moments phares de l\u2019ann\u00e9e (avant No\u00ebl, avant P\u00e2ques) ou pour pr\u00e9parer les sacrements et f\u00eates (sacrement de r\u00e9conciliation, 1\u00e8re communion, profession de foi).<\/span><\/p>\n<p><span style=\"color: #000000;\">Formulaire d\u2019inscription accessible depuis<a style=\"color: #000000;\" href=\"https:\/\/paroisses-nancy-sud.fr\/HOME\/catechisme\/\"> le site<\/a> ou \u00e0 la maison paroissiale.<\/span><br \/><span style=\"color: #000000;\">Ce document est \u00e0 envoyer \u00e0 <a style=\"color: #000000;\" href=\"mailto:cate@paroisses-nancy-sud.fr\">cate@paroisses-nancy-sud.fr<\/a> ou \u00e0 remettre au secr\u00e9tariat<\/span><br \/><span style=\"color: #000000;\">Vous serez ensuite contact\u00e9s par un(e) cat\u00e9chiste.\u00a0<\/span><\/p>\n<ul>\n<li><span style=\"color: #000000;\"><strong> R\u00e9unions de rentr\u00e9e des parents des enfants du cat\u00e9 \u00e0 la maison paroissiale de Ludres \u00e0 20h30.<br \/><\/strong>Mardi 5 septembre r\u00e9union parents 2<sup>\u00e8me<\/sup><span style=\"font-size: revert;\"> ann\u00e9e cat\u00e9<br \/><\/span>Mardi 12 septembre r\u00e9union des parents 3<sup>\u00e8me\u00a0<\/sup><span style=\"font-size: revert;\">ann\u00e9e cat\u00e9<br \/><\/span>Mardi 19 septembre r\u00e9union des parents 1<sup>\u00e8re<\/sup><span style=\"font-size: revert;\">\u00a0ann\u00e9e cat\u00e9<\/span><\/span><\/li>\n<\/ul>\n<p><span style=\"color: #000000;\"><span style=\"text-decoration: underline;\"><b>P\u00e8lerinage<\/b><\/span><strong><span style=\"text-decoration: underline;\"> dioc\u00e9sain :<\/span> Le samedi 9 septembre 2023 :<\/strong> P\u00e8lerinage dioc\u00e9sain au sanctuaire Notre-Dame de Sion sur le th\u00e8me : Vivons l\u2019esp\u00e9rance avec Marie, pr\u00e9sid\u00e9 par Mgr Pierre-Yves Michel, \u00e9v\u00eaque de Nancy et Toul.<\/span><br \/><span style=\"color: #000000;\"><em>Programme\u00a0<\/em>: 9h30\u00a0: accueil des p\u00e8lerins\u00a0; 10h : intervention de notre \u00e9v\u00eaque\u00a0;<\/span><br \/><span style=\"color: #000000;\">11h\u00a0: messe 12h30\u00a0: d\u00e9jeuner\u00a0; 15h\u00a0: procession mariale<\/span><\/p>\n<p><span style=\"color: #000000;\"><span style=\"text-decoration: underline;\"><strong>Messes \u00e0 la Visitation<br \/><\/strong><\/span>Samedi \u00e0 18h00\u00a0: reprise des messes le 16 septembre \u00e0 Chavigny.<\/span><br \/><span style=\"color: #000000;\">Dimanche 10 septembre \u00e0 10h30\u00a0: Neuves-Maisons. Messe de rentr\u00e9e<em>.<\/em><\/span><\/p>\n<p><span style=\"color: #000000;\"><span style=\"text-decoration: underline;\"><strong>Messes en semaine.<em>\u00a0<br \/><\/em><\/strong><\/span>Jeudi\u00a0: adoration \u00e0 16h00 et messe \u00e0 16h30 \u00e0 la chapelle.<\/span><br \/><span style=\"color: #000000;\">Vendredi\u00a0: messe \u00e0 08h20 chez les s\u0153urs \u00e0 Bainville, 67 rue Jacques Callot.<\/span><\/p>\n<p><strong><span style=\"color: #000000;\"><u>Permanences \u00e0 la maison paroissiale :<\/u> <\/span><\/strong><br \/><span style=\"color: #000000;\">Mardi de 14h \u00e0 16h30 et Samedi de 9h30 \u00e0 11h30<\/span><br \/><span style=\"color: #000000;\">tel : 03 83 47 25 54 \u2013 <em><strong>adresse mail<\/strong><\/em><strong> : <\/strong><a style=\"color: #000000;\" href=\"mailto:visitationmm@orange.fr\">visitationmm@orange.fr<\/a>\u00a0 <\/span><br \/><span style=\"color: #000000;\">Horaires des messes :\u00a0 <a style=\"color: #000000;\" href=\"https:\/\/messes.info\/\">messesinfo<\/a><em> (cliquer sur le lien)<\/em><\/span><\/p>\n<p><strong>\u00a0<\/strong><\/p>\n","protected":false},"excerpt":{"rendered":"<p>Bapt\u00eame :Dimanche 10 septembre: bapt\u00eames de MarceauR\u00e9jouissons-nous et portons-le dans nos pri\u00e8res. Messe de rentr\u00e9e :Dimanche 10 septembre \u00e0 10h30 : \u00e0 Neuves-Maisons, messe de rentr\u00e9e de la paroisse.Temps convivial apr\u00e8s la messe et ap\u00e9ritif offert. Repas tir\u00e9 du sac pour ceux qui le souhaitent. \u00c9quipes du Rosaire\u00a0: comme chaque d\u00e9but de mois, les \u00e9quipes&hellip; <br \/> <a class=\"read-more\" href=\"https:\/\/paroisses-nancy-sud.fr\/HOME\/annonces-de-la-visitation-du-3-septembre\/\">Lire la suite<\/a><\/p>\n","protected":false},"author":5,"featured_media":471,"comment_status":"closed","ping_status":"open","sticky":false,"template":"","format":"standard","meta":[],"categories":[10],"tags":[],"acf":[],"_links":{"self":[{"href":"https:\/\/paroisses-nancy-sud.fr\/HOME\/wp-json\/wp\/v2\/posts\/3195"}],"collection":[{"href":"https:\/\/paroisses-nancy-sud.fr\/HOME\/wp-json\/wp\/v2\/posts"}],"about":[{"href":"https:\/\/paroisses-nancy-sud.fr\/HOME\/wp-json\/wp\/v2\/types\/post"}],"author":[{"embeddable":true,"href":"https:\/\/paroisses-nancy-sud.fr\/HOME\/wp-json\/wp\/v2\/users\/5"}],"replies":[{"embeddable":true,"href":"https:\/\/paroisses-nancy-sud.fr\/HOME\/wp-json\/wp\/v2\/comments?post=3195"}],"version-history":[{"count":3,"href":"https:\/\/paroisses-nancy-sud.fr\/HOME\/wp-json\/wp\/v2\/posts\/3195\/revisions"}],"predecessor-version":[{"id":3199,"href":"https:\/\/paroisses-nancy-sud.fr\/HOME\/wp-json\/wp\/v2\/posts\/3195\/revisions\/3199"}],"wp:featuredmedia":[{"embeddable":true,"href":"https:\/\/paroisses-nancy-sud.fr\/HOME\/wp-json\/wp\/v2\/media\/471"}],"wp:attachment":[{"href":"https:\/\/paroisses-nancy-sud.fr\/HOME\/wp-json\/wp\/v2\/media?parent=3195"}],"wp:term":[{"taxonomy":"category","embeddable":true,"href":"https:\/\/paroisses-nancy-sud.fr\/HOME\/wp-json\/wp\/v2\/categories?post=3195"},{"taxonomy":"post_tag","embeddable":true,"href":"https:\/\/paroisses-nancy-sud.fr\/HOME\/wp-json\/wp\/v2\/tags?post=3195"}],"curies":[{"name":"wp","href":"https:\/\/api.w.org\/{rel}","templated":true}]}}