{"id":3200,"date":"2023-09-03T17:00:01","date_gmt":"2023-09-03T15:00:01","guid":{"rendered":"https:\/\/paroisses-nancy-sud.fr\/HOME\/?p=3200"},"modified":"2023-09-03T17:07:55","modified_gmt":"2023-09-03T15:07:55","slug":"annonces-de-saint-francois-de-sales-et-sainte-jeanne-de-chantal-du-3-septembre","status":"publish","type":"post","link":"https:\/\/paroisses-nancy-sud.fr\/HOME\/annonces-de-saint-francois-de-sales-et-sainte-jeanne-de-chantal-du-3-septembre\/","title":{"rendered":"Annonces de Saint-Fran\u00e7ois-de-Sales et Sainte-Jeanne-de-Chantal du 3 septembre"},"content":{"rendered":"\n<p><span style=\"color: #000000;\"><span style=\"text-decoration: underline;\"><strong>Mariage, Bapt\u00eames :<br \/><\/strong><\/span><strong>Le samedi 8 septembre, \u00e0 Richardm\u00e9nil, \u00e0 16h, mariage <\/strong>de Lisa LANGE et Timoth\u00e9e PORTE. <strong>Le dimanche<\/strong> <strong>9 septembre \u00e0 Flavigny, bapt\u00eame <\/strong>de Jules PIERRON. Nous nous r\u00e9jouissons, pour ces jeunes adultes et enfant et les portons dans notre pri\u00e8re.<\/span><\/p>\n<p><span style=\"color: #000000;\"><span style=\"text-decoration: underline;\"><em><strong>Qu\u00eate suppl\u00e9mentaire de d\u00e9but de mois.:<br \/><\/strong><\/em><\/span><em><strong>Le samedi 2 septembre et le dimanche 3 septembre<\/strong><\/em><em> \u00e0 la sortie des messes sera propos\u00e9e la qu\u00eate suppl\u00e9mentaire de d\u00e9but de mois. Cette qu\u00eate sert \u00e0 couvrir les frais pastoraux et de fonctionnement de nos paroisses. Merci \u00e0 chacune et chacun.<\/em><\/span><\/p>\n<p><span style=\"color: #000000;\"><span style=\"text-decoration: underline;\"><strong>R\u00e9union de l\u2019Equipe d\u2019Animation Pastorale de Saint-Fran\u00e7ois-de-Sales<br \/><\/strong><\/span><strong>Le jeudi 7 septembre \u00e0 20h30, <\/strong>les membres de l\u2019EAP de Saint-Fran\u00e7ois-de-Sales se retrouvent \u00e0 Jarville. Chaque mois l\u2019\u00e9quipe se r\u00e9unit pour r\u00e9fl\u00e9chir \u00e0 la pastorale de la paroisse et organiser les projets pastoraux.\u00a0<\/span><\/p>\n<p><span style=\"color: #000000;\"><span style=\"text-decoration: underline;\"><strong>Pensez \u00e0 la rentr\u00e9e et inscrivez vos enfants au cat\u00e9chisme\u00a0!<br \/><\/strong><\/span>A partir du CE2, les enfants d\u00e9butent la cat\u00e9ch\u00e8se (avant le CE2, c\u2019est l\u2019\u00e9veil \u00e0 la foi).<\/span><br \/><span style=\"color: #000000;\"><strong>La cat\u00e9ch\u00e8se se compose de<\/strong>\u00a0:<\/span><br \/><span style=\"color: #000000;\"><u>* La messe du dimanche et plus sp\u00e9cialement la messe des familles mensuelle<br \/><\/u><span style=\"font-size: revert;\">* <\/span><u style=\"font-size: revert;\">Les s\u00e9ances de cat\u00e9chisme<\/u><span style=\"font-size: revert;\"> : il y a une douzaine de rencontres dans l\u2019ann\u00e9e. Les horaires sont d\u00e9finis en d\u00e9but d\u2019ann\u00e9e, en fonction des disponibilit\u00e9s des enfants et des parents.<br \/><\/span><u>* Les temps-forts<\/u> : pour vivre les moments phares de l\u2019ann\u00e9e (avant No\u00ebl, avant P\u00e2ques) ou pour pr\u00e9parer les sacrements et f\u00eates (sacrement de r\u00e9conciliation, premi\u00e8re communion, profession de foi).<\/span><\/p>\n<p><span style=\"color: #000000;\"><strong>L\u2019inscription <\/strong>se fait \u00e0 l\u2019aide d\u2019un formulaire accessible depuis <a style=\"color: #000000;\" href=\"https:\/\/paroisses-nancy-sud.fr\/HOME\/catechisme\/\">ce site<\/a>\u00a0<em>(cliquer sur le lien)<\/em>\u00a0ou \u00e0 la maison paroissiale. Une fois rempli, ce document est \u00e0 envoyer \u00e0\u00a0<a style=\"color: #000000;\" href=\"mailto:cate@paroisses-nancy-sud.fr\">cate@paroisses-nancy-sud.fr<\/a>\u00a0ou \u00e0 remettre au secr\u00e9tariat. Vous serez ensuite contact\u00e9s par un(e) cat\u00e9chiste.\u00a0<\/span><br \/><span style=\"color: #000000;\"><strong>Les r\u00e9unions de rentr\u00e9e des parents des enfants du cat\u00e9 se font \u00e0 la maison paroissiale de Ludres \u00e0 20h30.<br \/><\/strong>* <strong>Mardi 5 septembre<\/strong> r\u00e9union parents 2<sup>\u00e8me<\/sup>\u00a0ann\u00e9e cat\u00e9<\/span><br \/><span style=\"color: #000000;\">* <strong>Mardi 12 septembre<\/strong> r\u00e9union des parents 3<sup>\u00e8me\u00a0<\/sup>ann\u00e9e cat\u00e9<\/span><br \/><span style=\"color: #000000;\"><strong>* Mardi 19 septembre<\/strong> r\u00e9union des parents 1<sup>\u00e8re<\/sup>\u00a0ann\u00e9e cat\u00e9<\/span><br \/><span style=\"color: #000000;\"><strong>La premi\u00e8re messe des familles<\/strong>, et <strong>rentr\u00e9e des enfants du cat\u00e9chisme<\/strong> se <strong>fera \u00e0 Jarville le dimanche 24 septembre 2023. <\/strong><\/span><\/p>\n<p><span style=\"color: #000000;\"><span style=\"text-decoration: underline;\"><strong>Pri\u00e8re d\u2019intercession :<br \/><\/strong><\/span><strong>Jeudi 7 septembre \u00e0 17h, \u00e0 Jarville \u00e0 l\u2019\u00e9glise, pri\u00e8re pour les malades et les personnes qui souffrent.<\/strong><\/span><\/p>\n<p><span style=\"color: #000000;\"><strong><span style=\"text-decoration: underline;\">Veill\u00e9e de chants et louange :<\/span><br \/><\/strong><strong>Vendredi 8 septembre \u00e0 20h30, \u00e0 l\u2019\u00e9glise de Jarville, veill\u00e9e chants et louange accompagn\u00e9e \u00e0 la guitare.\u00a0 <\/strong><\/span><\/p>\n<p><span style=\"color: #000000;\"><strong><span style=\"text-decoration: underline;\">Messes de rentr\u00e9e de nos paroisses<\/span> :<br \/><\/strong><strong>&#8211; Le dimanche 10 septembre rentr\u00e9e de la paroisse de la Visitation \u00e0 Neuves-Maisons<br \/><\/strong><strong>&#8211; Le dimanche 17 septembre rentr\u00e9e de la paroisse Sainte Jeanne de Chantal \u00e0 Ludres avec un ap\u00e9ritif, un repas partag\u00e9 et la visite de l\u2019\u00e9glise de Ludres \u00e0 15h avec la participation du Cercle d\u2019histoire locale.<br \/><\/strong><strong>&#8211; Le dimanche 24 septembre rentr\u00e9e de la paroisse Saint Fran\u00e7ois de Sales et rentr\u00e9e des enfants et des familles du cat\u00e9, \u00e0 Jarville<\/strong><\/span><\/p>\n<p><span style=\"color: #000000;\"><span style=\"text-decoration: underline;\"><strong>P\u00e8lerinage dioc\u00e9sain de rentr\u00e9e \u00e0 Sion :<br \/><\/strong><\/span>Tous les catholiques de Meurthe-et-Moselle sont invit\u00e9s au traditionnel p\u00e8lerinage dioc\u00e9sain au sanctuaire Notre-Dame de Sion,\u00a0<strong>le samedi 9 septembre 2023<\/strong>\u00a0sur le th\u00e8me : <strong><em>Vivons l\u2019esp\u00e9rance avec Marie<\/em> !<\/strong> Ce grand temps fort pour notre dioc\u00e8se, qui r\u00e9unit plusieurs centaines de p\u00e8lerins, sera pr\u00e9sid\u00e9 cette ann\u00e9e par Mgr Pierre-Yves Michel, \u00e9v\u00eaque de Nancy et Toul.<\/span><br \/><span style=\"color: #000000;\"><em>Programme\u00a0<\/em><em>: <\/em>9h30\u00a0: accueil des p\u00e8lerins\u00a0; 10h : intervention de notre \u00e9v\u00eaque\u00a0; 11h\u00a0: messe\u00a0; 12h30\u00a0: d\u00e9jeuner\u00a0; 15h\u00a0: procession mariale.<\/span><\/p>\n<p><span style=\"color: #000000;\"><span style=\"text-decoration: underline;\"><strong>Table ouverte du 2<sup>\u00e8me<\/sup> dimanche du mois \u00e0 Jarville :<br \/><\/strong><\/span><strong>Le dimanche 10 septembre, la table ouverte red\u00e9marre\u00a0! Rendez-vous \u00e0 midi dans les salles paroissiales de Jarville pour un moment de repas partag\u00e9 dans une ambiance conviviale et fraternelle. Chacun apporte un plat sal\u00e9 ou sucr\u00e9, ou une boisson, fromage .. \u00a0<\/strong><\/span><\/p>\n<p><span style=\"color: #000000;\"><strong><span style=\"text-decoration: underline;\">Temps fort pour les Confirmands\u00a0<br \/><\/span><\/strong><strong>Le samedi 16 septembre, rencontre pour les confirmands pour leur 4<sup>\u00e8me<\/sup> temps fort de pr\u00e9paration \u00e0 la confirmation\u00a0: Les confirmands de Nancy-Sud, Nancy-Ouest et de La Malgrange se retrouvent \u00e0 Sainte Th\u00e9r\u00e8se de Villers \u00e0 13h45. Retrouvailles des jeunes et de leurs accompagnateurs, les signes et symboles de la Confirmation, r\u00e9ception de la lettre adress\u00e9e par chaque jeune \u00e0 notre \u00e9v\u00eaque, sacrement du pardon, messe. <\/strong><\/span><\/p>\n<p><span style=\"color: #000000;\"><span style=\"text-decoration: underline;\"><strong>Rentr\u00e9e des jeunes\u00a0: AJC <em>(\u2018\u2019Aujourd\u2019hui Je Commence\u2019\u2019)<br \/><\/em><\/strong><\/span><strong>Vendredi 22 septembre, les jeunes de 4<sup>\u00e8mes<\/sup>-3<sup>\u00e8mes<\/sup> et lyc\u00e9e se retrouveront \u00e0 19h30 \u00e0 Jarville pour d\u00e9marrer leur ann\u00e9e\u00a0: pri\u00e8re, pizza, exp\u00e9rience des JMJ&#8230; Bienvenue aux \u2018\u2019petits nouveaux de 4<sup>\u00e8mes <\/sup>\u2019\u2019 et bonnes retrouvailles aux plus \u00e2g\u00e9s !<br \/><\/strong><strong style=\"font-size: revert;\">Les rencontres seront plac\u00e9es sous le signe de l\u2019int\u00e9riorit\u00e9 et de la pri\u00e8re. Les rencontres se feront alternativement \u00e0 Jarville, Ludres et Neuves-Maisons.<br \/><\/strong><strong>Le parcours vers la confirmation sera propos\u00e9 aux 4<sup>\u00e8mes<\/sup>. Contacter Alexandre-Marie Valder, <\/strong><a style=\"color: #000000;\" href=\"mailto:amvalder@lilo.org\">amvalder@lilo.org<\/a><\/span><\/p>\n<p><span style=\"text-decoration: underline; color: #000000;\"><strong>Appel \u00e0 nous tous, baptis\u00e9s !<\/strong><\/span><\/p>\n<p><span style=\"color: #000000;\">&#8211; Certains des <strong>mandat\u00e9s<\/strong> <strong>fun\u00e9railles des 2 paroisses ne pourront plus assurer tr\u00e8s prochainement la c\u00e9l\u00e9bration des obs\u00e8ques\u00a0<\/strong>: <strong>il est urgent que d\u2019autres personnes se mettent en route<\/strong> <strong>pour assurer ce service.<\/strong> L\u2019entr\u00e9e dans ce service se fait progressivement\u00a0: accompagnement, formation\u2026<\/span><\/p>\n<p><span style=\"color: #000000;\">&#8211; Nous avons aussi besoin que de nouvelles personnes viennent rejoindre <strong>l\u2019EAP de Sainte-Jeanne-de Chantal<\/strong>.<\/span><\/p>\n<p><span style=\"color: #000000;\">&#8211;\u00a0 Il faudrait une ou 2 personnes pour <strong>la permanence de Ludres<\/strong> (samedi de 10h \u00e0 midi)<\/span><\/p>\n<p style=\"text-align: center;\"><span style=\"color: #000000;\"><strong>\u00a0<em>Si la vie de l\u2019Eglise locale et ses projets pastoraux vous int\u00e9ressent contactez-nous\u00a0!<\/em><\/strong><\/span><br \/><span style=\"color: #000000;\"><em><strong>Contacter\u00a0: Marc Haeussler au 06 43 10 46 44 ou Micheline au 06 83 46 77 11 ou Odile au 06 23 46 74 17<\/strong><\/em><\/span><\/p>\n<p><span style=\"color: #000000;\"><span style=\"text-decoration: underline;\"><strong>Veill\u00e9e de recueillement en hommage aux victimes de Wintzenheim<br \/><\/strong><\/span><strong>Le vendredi 8 septembre \u00e0 18h \u00e0 l\u2019\u00e9glise Saint-Michel \u00e0 Saint Max, <\/strong>le service dioc\u00e9sain de la pastorale de la sant\u00e9 nous convie \u00e0 <strong>une veill\u00e9e de recueillement<\/strong> pr\u00e9sid\u00e9e par notre \u00e9v\u00eaque Mgr Pierre-Yves MICHEL en hommage aux victimes du drame survenu \u00e0 Wintzenheim le 9 ao\u00fbt dernier. Un verre de l\u2019amiti\u00e9 prolongera ce moment.<\/span><\/p>\n<p><span style=\"color: #000000;\"><span style=\"text-decoration: underline;\"><strong>Temps pour la cr\u00e9ation 2023\u00a0: Du 1<sup>er<\/sup> septembre au 4 octobre.<br \/><\/strong><\/span>\u00a0Pendant le Temps pour la Cr\u00e9ation, nous nous joignons \u00e0 nos fr\u00e8res et s\u0153urs de la famille\u00a0\u0153cum\u00e9nique en priant et en agissant pour notre maison commune.<\/span><\/p>\n","protected":false},"excerpt":{"rendered":"<p>Mariage, Bapt\u00eames :Le samedi 8 septembre, \u00e0 Richardm\u00e9nil, \u00e0 16h, mariage de Lisa LANGE et Timoth\u00e9e PORTE. Le dimanche 9 septembre \u00e0 Flavigny, bapt\u00eame de Jules PIERRON. Nous nous r\u00e9jouissons, pour ces jeunes adultes et enfant et les portons dans notre pri\u00e8re. Qu\u00eate suppl\u00e9mentaire de d\u00e9but de mois.:Le samedi 2 septembre et le dimanche 3&hellip; <br \/> <a class=\"read-more\" href=\"https:\/\/paroisses-nancy-sud.fr\/HOME\/annonces-de-saint-francois-de-sales-et-sainte-jeanne-de-chantal-du-3-septembre\/\">Lire la suite<\/a><\/p>\n","protected":false},"author":5,"featured_media":2464,"comment_status":"closed","ping_status":"open","sticky":false,"template":"","format":"standard","meta":[],"categories":[7],"tags":[],"acf":[],"_links":{"self":[{"href":"https:\/\/paroisses-nancy-sud.fr\/HOME\/wp-json\/wp\/v2\/posts\/3200"}],"collection":[{"href":"https:\/\/paroisses-nancy-sud.fr\/HOME\/wp-json\/wp\/v2\/posts"}],"about":[{"href":"https:\/\/paroisses-nancy-sud.fr\/HOME\/wp-json\/wp\/v2\/types\/post"}],"author":[{"embeddable":true,"href":"https:\/\/paroisses-nancy-sud.fr\/HOME\/wp-json\/wp\/v2\/users\/5"}],"replies":[{"embeddable":true,"href":"https:\/\/paroisses-nancy-sud.fr\/HOME\/wp-json\/wp\/v2\/comments?post=3200"}],"version-history":[{"count":3,"href":"https:\/\/paroisses-nancy-sud.fr\/HOME\/wp-json\/wp\/v2\/posts\/3200\/revisions"}],"predecessor-version":[{"id":3203,"href":"https:\/\/paroisses-nancy-sud.fr\/HOME\/wp-json\/wp\/v2\/posts\/3200\/revisions\/3203"}],"wp:featuredmedia":[{"embeddable":true,"href":"https:\/\/paroisses-nancy-sud.fr\/HOME\/wp-json\/wp\/v2\/media\/2464"}],"wp:attachment":[{"href":"https:\/\/paroisses-nancy-sud.fr\/HOME\/wp-json\/wp\/v2\/media?parent=3200"}],"wp:term":[{"taxonomy":"category","embeddable":true,"href":"https:\/\/paroisses-nancy-sud.fr\/HOME\/wp-json\/wp\/v2\/categories?post=3200"},{"taxonomy":"post_tag","embeddable":true,"href":"https:\/\/paroisses-nancy-sud.fr\/HOME\/wp-json\/wp\/v2\/tags?post=3200"}],"curies":[{"name":"wp","href":"https:\/\/api.w.org\/{rel}","templated":true}]}}